{"id":6382,"date":"2012-04-08T16:12:28","date_gmt":"2012-04-08T14:12:28","guid":{"rendered":"https:\/\/euroalter.local\/?p=6382"},"modified":"2012-04-08T16:12:28","modified_gmt":"2012-04-08T14:12:28","slug":"detained-in-perdition","status":"publish","type":"post","link":"https:\/\/euroalter.com\/it\/detained-in-perdition\/","title":{"rendered":"D\u00e9tenus en perdition"},"content":{"rendered":"<p><em>Alternatives Europ\u00e9ennes, conjointement avec\u00a0<a href=\"http:\/\/www.migreurop.org\/?lang=fr\">Migreurop<\/a>, dirige la campagne<a href=\"http:\/\/www.openaccessnow.eu\/\">Open Access Now<\/a>, demandant \u00e0 ce que la soci\u00e9t\u00e9 civile et les journalistes obtiennent un libre acc\u00e8s aux centres de d\u00e9tention europ\u00e9ens. Nous avons re\u00e7u un article de la journaliste d\u2019investigation Clara Sanchiz, que nous sommes fiers de publier. Il nous livre un r\u00e9cit r\u00e9voltant sur les centres espagnols de d\u00e9tention des migrants.<\/em><\/p>\n<p><img loading=\"lazy\" decoding=\"async\" class=\"alignnone size-full wp-image-6383\" alt=\"13_cie_barcelona_Albert_Garcia\" src=\"https:\/\/euroalter.com\/wp-content\/uploads\/2014\/07\/13_cie_barcelona_Albert_Garcia.jpg\" width=\"440\" height=\"293\" \/><\/p>\n<p><em>Manifestation publique devant le centre de d\u00e9tention de Barcelone, suite au d\u00e9c\u00e8s d\u2019un d\u00e9tenu en janvier\u00a02012. (Albert Garc\u00eda\/DIAGONAL)<\/em><\/p>\n<p>Article par Clara Sanchiz<br \/>\nTraduction par Adeline Monnin<\/p>\n<p><strong>\u00ab\u00a0L\u2019injustice, la violence&#8230; on peut les expliquer. Mais pas l\u2019horreur que j\u2019ai v\u00e9cue.\u00a0\u00bb (Un d\u00e9tenu)<\/strong><\/p>\n<p>La police est venue jusqu\u2019au bureau de Paula, demandant \u00e0 la voir. Son ex-employeuse, une femme souffrant de troubles bipolaires, a port\u00e9 plainte contre elle\u00a0: Paula lui aurait d\u00e9rob\u00e9 des objets de valeur. Comme elle n\u2019avait rien \u00e0 se reprocher, Paula s\u2019est pr\u00e9sent\u00e9e au poste de police pour clarifier la situation. Les policiers l\u2019ont arr\u00eat\u00e9e d\u00e8s son identification parce que ses papiers n\u2019\u00e9taient pas en r\u00e8gle. Pendant la nuit, elle fut conduite au centre de d\u00e9tention d\u2019Aluche pour les immigr\u00e9s, \u00e0 Madrid. Elle eut le droit de noter deux num\u00e9ros de t\u00e9l\u00e9phone \u00e0 partir de son portable avant d\u2019entrer dans les locaux. Les rares affaires en sa possession lui furent confisqu\u00e9es, puis on lui donna un matelas et une couverture, pour dormir sur le sol.<\/p>\n<p>Voil\u00e0 ce que Paula (il s\u2019agit d\u2019un nom d\u2019emprunt), originaire de Bolivie, a racont\u00e9 aux religieuses trinitaires pour lesquelles elle a travaill\u00e9 \u00e0 Madrid. Elle a \u00e9t\u00e9 incarc\u00e9r\u00e9e pour avoir commis une faute administrative. En Espagne, les centres de d\u00e9tention pour les immigr\u00e9s sont des institutions de l\u2019\u00c9tat servant \u00e0 placer en garde \u00e0 vue les \u00e9trangers dont les papiers ne sont pas en r\u00e8gle et qui ne peuvent donc pas rester dans le pays, et \u00e9galement des ressortissants l\u00e9gaux contre lesquels un processus d\u2019expulsion a \u00e9t\u00e9 institu\u00e9. On ne peut entrer dans le centre que suite \u00e0 une d\u00e9cision \u00e9manant d\u2019un tribunal et la d\u00e9tention ne peut pas d\u00e9passer 60\u00a0jours. Au d\u00e9part, dans le cadre juridique espagnol, les centres de d\u00e9tention ne sont pas consid\u00e9r\u00e9s comme des institutions p\u00e9nitentiaires mais plut\u00f4t comme ces cellules en plus pour la police. Personne ne sait r\u00e9ellement combien de d\u00e9tenus transitent dans ces centres, ce qui d\u00e9montre \u00e0 quel point les informations officielles sont rares \u00e0 ce sujet.<\/p>\n<p><strong>\u00ab\u00a0Nous sommes trait\u00e9s comme des criminels, il vaut mieux \u00eatre en prison qu\u2019ici.\u00a0\u00bb<\/strong><\/p>\n<p>L\u2019ombudsman (m\u00e9diateur de la R\u00e9publique), quelques juges ainsi que beaucoup d\u2019ONG ont d\u00e9nonc\u00e9 ces centres qui violent les droits fondamentaux des immigr\u00e9s. La<a href=\"http:\/\/cear.es\/\">Commission espagnole d\u2019aide aux r\u00e9fugi\u00e9s<\/a>\u00a0(ses initiales espagnoles sont CEAR) a \u00e9t\u00e9 autoris\u00e9e \u00e0 examiner les centres de plus pr\u00e8s et a donc eu acc\u00e8s \u00e0 trois de ces endroits. Elle a ensuite \u00e9tabli un rapport t\u00e9moignant de la torture et des mauvais traitements inflig\u00e9s aux d\u00e9tenus. \u00ab\u00a0J\u2019ai \u00e9t\u00e9 enferm\u00e9 en cellule d\u2019isolement parce que j\u2019avais demand\u00e9 \u00e0 voir un docteur. Personne ne m\u2019a \u00e9cout\u00e9\u00a0: ma jambe s\u2019\u00e9tait infect\u00e9e et au final, je suis rest\u00e9 \u00e0 l\u2019h\u00f4pital pendant six jours\u00a0\u00bb d\u00e9clara un d\u00e9tenu alg\u00e9rien \u00e0 l\u2019organisation, dans les locaux de Valence.<\/p>\n<p>D\u2019apr\u00e8s les ONG, refuser l\u2019acc\u00e8s \u00e0 une assistance m\u00e9dicale constitue un probl\u00e8me r\u00e9current. En janvier, un jeune Guin\u00e9en est d\u00e9c\u00e9d\u00e9 au centre de Zona Franca, bas\u00e9 \u00e0 Barcelone\u00a0: le rapport m\u00e9dico-l\u00e9gal a \u00e9tabli qu\u2019il avait subi un infarctus du myocarde. Les d\u00e9tenus de Zona Franca affirment qu\u2019il avait \u00e9prouv\u00e9 des difficult\u00e9s \u00e0 respirer et qu\u2019on lui avait refus\u00e9 toute assistance quelques minutes avant sa mort. Les policiers quant \u00e0 eux insistent sur le fait qu\u2019ils l\u2019ont aid\u00e9 d\u00e8s le d\u00e9part. En d\u00e9cembre\u00a02011, une femme originaire du Congo et d\u00e9tenue au centre d\u2019Aluche est d\u00e9c\u00e9d\u00e9e \u00e0 l\u2019h\u00f4pital \u00e0 cause d\u2019une m\u00e9ningite qui n\u2019avait pas \u00e9t\u00e9 diagnostiqu\u00e9e. Elle a eu le droit d\u2019aller \u00e0 l\u2019h\u00f4pital six heures et demie avant son d\u00e9c\u00e8s.<\/p>\n<p>Les violences psychologiques et physiques ne sont pas rares dans les centres et sont particuli\u00e8rement fr\u00e9quentes lors des transferts \u00e0 l\u2019a\u00e9roport, o\u00f9 les immigr\u00e9s sont expuls\u00e9s par avion. La CEAR r\u00e9v\u00e8le \u00e9galement le t\u00e9moignage d\u2019un d\u00e9tenu \u00e9quatorien \u00e0 Madrid, qui a \u00e9t\u00e9 amen\u00e9 au centre parce qu\u2019il avait refus\u00e9 de monter dans l\u2019avion avant d\u2019avoir appel\u00e9 sa femme et r\u00e9cup\u00e9r\u00e9 ses affaires. Cet apr\u00e8s-midi-l\u00e0, un officier de police l\u2019a emmen\u00e9 \u00e0 la laverie. \u00ab\u00a0Calmement, il a enfil\u00e9 des gants bleus, a ferm\u00e9 la porte et a commenc\u00e9 \u00e0 me frapper sauvagement le visage, le corps, il m\u2019a mis des coups de pieds\u2026 Je me suis recroquevill\u00e9 sur le sol pour essayer de me prot\u00e9ger et c\u2019est l\u00e0 qu\u2019il m\u2019a cass\u00e9 le bras d\u2019un coup de pied\u00a0\u00bb a expliqu\u00e9 le d\u00e9tenu. Selon lui, le policier lui a dit \u00ab\u00a0Je veux que tu ailles voir tes copains et que tu leur racontes. On verra qui sera le prochain \u00e0 refuser de voyager [\u2026]. J\u2019ai 16\u00a0jours pour te renvoyer et je le ferai, que tu sois vivant ou non\u00a0\u00bb.<\/p>\n<p>La loi internationale d\u00e9finit la torture comme \u00e9tant tout acte commis par une personne agissant \u00e0 titre officiel, infligeant une douleur ou des souffrances aigu\u00ebs, physiquement ou psychologiquement, dans le but d\u2019obtenir des informations, d\u2019intimider, de faire pression, de punir, ou encore comme mesure pr\u00e9ventive et autres raisons. Cette d\u00e9finition n\u2019inclut pas les douleurs ou la souffrance \u00e9tant la cons\u00e9quence de sanctions juridiques. \u00ab\u00a0Pour nous, \u00eatre emprisonn\u00e9 60\u00a0jours alors que l\u2019on n\u2019a pas commis de crime \u00e9quivaut \u00e0 de la torture\u00a0\u00bb d\u00e9clare Xavi Torregrosa, porte-parole pour la campagne\u00a0<a href=\"http:\/\/ciesno.wordpress.com\/\">CIE&#8217;s No<\/a>, qui rassemble plusieurs ONG et milite pour la fermeture des centres de d\u00e9tention espagnols. L\u2019effet criminalisant du syst\u00e8me de d\u00e9tention pour les immigr\u00e9s est au c\u0153ur m\u00eame de ce que ces organisations veulent combattre.<\/p>\n<p><img loading=\"lazy\" decoding=\"async\" class=\"alignnone  wp-image-6384\" alt=\"CIE Auche - D. Gonzalez\" src=\"https:\/\/euroalter.com\/wp-content\/uploads\/2014\/07\/CIE-Auche-D.-Gonzalez.jpg\" width=\"765\" height=\"508\" \/><\/p>\n<p><em>Le centre de d\u00e9tention d\u2019Aluche pour les immigr\u00e9s, \u00e0 Madrid. (Diego Gonz\u00e1lez\/DIAGONAL)<\/em><\/p>\n<p><strong>\u00ab\u00a0L\u2019angoisse vient de l\u2019incertitude\u00a0: je ne sais pas ce qu\u2019il va m\u2019arriver, parce que personne ne veut me le dire.\u00a0\u00bb<\/strong><\/p>\n<p>Ce manque d\u2019information quant \u00e0 leur situation constitue une autre violation notable des droits fondamentaux des d\u00e9tenus. Pour Daniel Izuzquiza, de l\u2019organisation\u00a0<a href=\"http:\/\/www.pueblosunidos.org\/cpu\/\">Pueblos Unidos<\/a>\u00a0qui travaille sur ce sujet, les \u00ab\u00a0informations sont insuffisantes. Il s\u2019agit d\u2019une des plaintes qui revient le plus souvent, presque syst\u00e9matiquement. Dans toute communication, il y a des \u00e9l\u00e9ments subjectifs et objectifs mais ici, on ne se soucie ni de la langue, ni de la communication \u00e9crite ou encore des sp\u00e9cificit\u00e9s juridiques, etc.\u00a0\u00bb.<\/p>\n<p>Th\u00e9oriquement, les centres sont tenus d\u2019informer les d\u00e9tenus de leur droit \u00e0 faire une demande d\u2019asile. En pratique cependant, on d\u00e9courage certains fonctionnaires de le faire\u00a0: \u00ab\u00a0Ce n\u2019est pas seulement \u00e0 propos du formulaire d\u2019informations. On me dit de ne pas les informer du droit d\u2019asile, parce que certains en abusent. Ne pas les en informer figure dans nos instructions. Je sais que je devrais en parler \u00e0 tout le monde, surtout ceux qui viennent par bateau, mais on nous l\u2019interdit d\u00e8s que nous arrivons ici\u00a0\u00bb a expliqu\u00e9 au CEAR un employ\u00e9 du centre de Malaga.<\/p>\n<p><strong>\u00ab\u00a0D\u00e9sormais, je n\u2019ai plus envie d\u2019obtenir la nationalit\u00e9 espagnole\u00a0: ils pensent qu\u2019ils sont meilleurs que tout le monde. Ils vous traitent avec m\u00e9pris, comme si vous \u00e9tiez inf\u00e9rieur. J\u2019ai grandi et vieilli ici. Et maintenant\u00a0?\u00a0\u00bb<\/strong><\/p>\n<p>La derni\u00e8re r\u00e9forme de la loi espagnole sur les \u00e9trangers date d\u2019il y a trois ans et l\u2019\u00e9laboration d\u2019un ensemble de r\u00e8gles communes relatives aux centres de d\u00e9tention pour les immigr\u00e9s est rest\u00e9e en suspens depuis. En faisant beaucoup de mani\u00e8res, le gouvernement espagnol a dress\u00e9 la premi\u00e8re version d\u2019une \u00e9ventuelle nouvelle r\u00e9glementation pour le mois de juin \u00e0 venir. Il propose une modification structurelle des centres, qui n\u00e9cessiteraient la pr\u00e9sence de policiers uniquement pour la s\u00e9curit\u00e9 ext\u00e9rieure. De plus, des ONG s\u2019occuperaient de tout le travail social interne. Cependant, Daniel Izuzquiza remarque que \u00ab\u00a0cela ne correspond pas \u00e0 une possibilit\u00e9 r\u00e9elle\u00a0\u00bb\u00a0; en effet, ces id\u00e9es ne font pas \u00e9cho \u00e0 ce qui figure dans l\u2019\u00e9bauche. Son association refusera toute offre de travail social dans des centres o\u00f9 elle sera aux ordres de la police. D\u2019autre part, la campagne CIE\u2019s No n\u2019envisage m\u00eame pas cette r\u00e9glementation\u00a0: \u00ab\u00a0La seule chose que l\u2019\u00c9tat espagnol puisse faire avec les centres de d\u00e9tention, c\u2019est de les fermer. On ne peut pas r\u00e9glementer quelque chose d\u2019ill\u00e9gal. Nous ne contribuerons pas au maintien de ces centres\u00a0\u00bb affirme Xavi Torregrosa.<\/p>\n<p>Pour d\u2019autres experts, cette fermeture est improbable. \u00ab\u00a0Nous avons \u00e9tudi\u00e9 80\u00a0\u00c9tats et seuls un ou deux d\u2019entre eux ont envisag\u00e9 de fermer ces centres, ou ne serait-ce que de leur imposer des limites\u00a0\u00bb explique Michael Flynn, fondateur du\u00a0<a href=\"http:\/\/www.globaldetentionproject.org\/\">Global Detention Project<\/a>, un projet de recherche enqu\u00eatant sur le r\u00f4le de la d\u00e9tention, partout dans le monde. Lorsque l\u2019on a demand\u00e9 \u00e0 Flynn si les violations auxquelles se livre l\u2019Espagne sont aussi commises ailleurs, il a affirm\u00e9 qu\u2019elles sont r\u00e9pandues et end\u00e9miques dans tous les pays \u00e9tudi\u00e9s.<\/p>\n<p>Chaque pays de l\u2019Union europ\u00e9enne d\u00e9tient des immigr\u00e9s\u00a0; 21 \u00c9tats membres fournissent la possibilit\u00e9 d\u2019imposer des alternatives \u00e0 la d\u00e9tention. N\u00e9anmoins, selon l\u2019Agence des droits fondamentaux de l\u2019UE, aucune de ces alternatives n\u2019implique une lib\u00e9ration sans r\u00e9serve et elles ne sont appliqu\u00e9es qu\u2019exceptionnellement, en priorit\u00e9 pour les immigr\u00e9s les plus vuln\u00e9rables. De plus, neuf \u00c9tats membres n\u2019ont pas fix\u00e9 de longueur maximale pour la d\u00e9tention. Dans les pays suivants\u00a0: Su\u00e8de, Finlande, Estonie, Lituanie, Danemark, Pays-Bas, Royaume-Uni, Malte et Chypre, les d\u00e9tenus peuvent \u00eatre emprisonn\u00e9s ind\u00e9finiment, ce qui remet en question le but de la d\u00e9tention. Ce proc\u00e9d\u00e9 a \u00e9t\u00e9 maintenu en d\u00e9pit de la directive \u00ab\u00a0retour\u00a0\u00bb de l\u2019UE, selon laquelle \u00ab\u00a0toute p\u00e9riode de d\u00e9tention doit \u00eatre aussi courte que possible\u00a0\u00bb.<\/p>\n<p><strong>\u00ab\u00a0Vous ne savez jamais s\u2019ils vont venir en plein milieu de la nuit et vous expulser dans votre pays\u2026 ils ne vous pr\u00e9viennent pas \u00e0 l\u2019avance\u2026 vous partez avec les v\u00eatements que vous portez, m\u00eame si vous \u00eates en short, sans vos affaires, au milieu des cris qu\u2019on vous adresse\u2026\u00a0\u00bb<\/strong><\/p>\n<p>Paula en est \u00e0 son 34<sup>\u00e8me<\/sup>\u00a0jour de d\u00e9tention. Son num\u00e9ro r\u00e9sonne dans les haut-parleurs\u00a0: son avis d\u2019expulsion est arriv\u00e9 au centre. On la fait s\u2019asseoir\u00a0; elle n\u2019a quasiment pas le temps de lire l\u2019avis. Elle le signe et demande si elle peut contacter son avocat, qui se pr\u00e9parait d\u00e9j\u00e0 \u00e0 faire appel contre la d\u00e9tention. La police lui dit que c\u2019est impossible.<\/p>\n<p>Le lendemain, pendant l\u2019heure du repas de midi, son num\u00e9ro est \u00e0 nouveau appel\u00e9. Paula est menott\u00e9e et on la fait monter dans un van avec trois autres Boliviens. Alors qu\u2019elle observe leurs regards d\u00e9courag\u00e9s, elle entend les remarques des policiers qui se tiennent non loin\u00a0: \u00ab\u00a0Vous \u00eates le fl\u00e9au de notre soci\u00e9t\u00e9. Vous m\u00e9ritez qu\u2019on vous renvoie dans votre pays, attach\u00e9s comme des b\u00eates\u00a0\u00bb.<\/p>\n<p>Toutes les citations des d\u00e9tenus proviennent du rapport \u00e9tabli par le CEAR, \u00ab\u00a0Situaci\u00f3n de los centros de internamiento de extranjeros en Espa\u00f1a\u00a0\u00bb, publi\u00e9 en\u00a02009. Vous pouvez lire l\u2019histoire de Paula sur le site des religieuses trinitaires\u00a0:<br \/>\n<a href=\"http:\/\/www.hermanastrinitarias.net\/\">www.hermanastrinitarias.net<\/a><\/p>\n","protected":false},"excerpt":{"rendered":"<p>Alternatives Europ\u00e9ennes, conjointement avec Migreurop, dirige la campagne Open Access Now, demandant \u00e0 ce que la soci\u00e9t\u00e9 civile et les journalistes obtiennent un libre acc\u00e8s&hellip;<\/p>\n","protected":false},"author":8,"featured_media":6383,"comment_status":"closed","ping_status":"open","sticky":false,"template":"","format":"standard","meta":{"_acf_changed":false,"footnotes":""},"categories":[1],"tags":[],"class_list":["post-6382","post","type-post","status-publish","format-standard","has-post-thumbnail","hentry","category-european-alternatives"],"acf":[],"yoast_head":"<!-- This site is optimized with the Yoast SEO plugin v24.6 - https:\/\/yoast.com\/wordpress\/plugins\/seo\/ -->\n<title>D\u00e9tenus en perdition - European Alternatives<\/title>\n<meta name=\"robots\" content=\"index, follow, max-snippet:-1, max-image-preview:large, max-video-preview:-1\" \/>\n<link rel=\"canonical\" href=\"https:\/\/euroalter.com\/detained-in-perdition\/\" \/>\n<meta property=\"og:locale\" content=\"it_IT\" \/>\n<meta property=\"og:type\" content=\"article\" \/>\n<meta property=\"og:title\" content=\"D\u00e9tenus en perdition - European Alternatives\" \/>\n<meta property=\"og:description\" content=\"Alternatives Europ\u00e9ennes, conjointement avec Migreurop, dirige la campagne Open Access Now, demandant \u00e0 ce que la soci\u00e9t\u00e9 civile et les journalistes obtiennent un libre acc\u00e8s&hellip;\" \/>\n<meta property=\"og:url\" content=\"https:\/\/euroalter.com\/detained-in-perdition\/\" \/>\n<meta property=\"og:site_name\" content=\"European Alternatives\" \/>\n<meta property=\"article:published_time\" content=\"2012-04-08T14:12:28+00:00\" \/>\n<meta name=\"author\" content=\"Marta Cillero\" \/>\n<meta name=\"twitter:card\" content=\"summary_large_image\" \/>\n<meta name=\"twitter:label1\" content=\"Written by\" \/>\n\t<meta name=\"twitter:data1\" content=\"Marta Cillero\" \/>\n\t<meta name=\"twitter:label2\" content=\"Est. reading time\" \/>\n\t<meta name=\"twitter:data2\" content=\"10 minutes\" \/>\n<script type=\"application\/ld+json\" class=\"yoast-schema-graph\">{\"@context\":\"https:\/\/schema.org\",\"@graph\":[{\"@type\":\"WebPage\",\"@id\":\"https:\/\/euroalter.com\/detained-in-perdition\/\",\"url\":\"https:\/\/euroalter.com\/detained-in-perdition\/\",\"name\":\"D\u00e9tenus en perdition - European Alternatives\",\"isPartOf\":{\"@id\":\"https:\/\/euroalter.com\/#website\"},\"primaryImageOfPage\":{\"@id\":\"https:\/\/euroalter.com\/detained-in-perdition\/#primaryimage\"},\"image\":{\"@id\":\"https:\/\/euroalter.com\/detained-in-perdition\/#primaryimage\"},\"thumbnailUrl\":\"\",\"datePublished\":\"2012-04-08T14:12:28+00:00\",\"author\":{\"@id\":\"https:\/\/euroalter.com\/#\/schema\/person\/22a482000088767ac51a1e6286c8ad2b\"},\"breadcrumb\":{\"@id\":\"https:\/\/euroalter.com\/detained-in-perdition\/#breadcrumb\"},\"inLanguage\":\"it-IT\",\"potentialAction\":[{\"@type\":\"ReadAction\",\"target\":[\"https:\/\/euroalter.com\/detained-in-perdition\/\"]}]},{\"@type\":\"ImageObject\",\"inLanguage\":\"it-IT\",\"@id\":\"https:\/\/euroalter.com\/detained-in-perdition\/#primaryimage\",\"url\":\"\",\"contentUrl\":\"\"},{\"@type\":\"BreadcrumbList\",\"@id\":\"https:\/\/euroalter.com\/detained-in-perdition\/#breadcrumb\",\"itemListElement\":[{\"@type\":\"ListItem\",\"position\":1,\"name\":\"Home\",\"item\":\"https:\/\/euroalter.com\/it\/\"},{\"@type\":\"ListItem\",\"position\":2,\"name\":\"D\u00e9tenus en perdition\"}]},{\"@type\":\"WebSite\",\"@id\":\"https:\/\/euroalter.com\/#website\",\"url\":\"https:\/\/euroalter.com\/\",\"name\":\"European Alternatives\",\"description\":\"Democracy, Equality and Culture beyond the nation\",\"potentialAction\":[{\"@type\":\"SearchAction\",\"target\":{\"@type\":\"EntryPoint\",\"urlTemplate\":\"https:\/\/euroalter.com\/?s={search_term_string}\"},\"query-input\":{\"@type\":\"PropertyValueSpecification\",\"valueRequired\":true,\"valueName\":\"search_term_string\"}}],\"inLanguage\":\"it-IT\"},{\"@type\":\"Person\",\"@id\":\"https:\/\/euroalter.com\/#\/schema\/person\/22a482000088767ac51a1e6286c8ad2b\",\"name\":\"Marta Cillero\",\"image\":{\"@type\":\"ImageObject\",\"inLanguage\":\"it-IT\",\"@id\":\"https:\/\/euroalter.com\/#\/schema\/person\/image\/\",\"url\":\"https:\/\/secure.gravatar.com\/avatar\/7e23f0c5351248c4771d9928f748b58d?s=96&d=mm&r=g\",\"contentUrl\":\"https:\/\/secure.gravatar.com\/avatar\/7e23f0c5351248c4771d9928f748b58d?s=96&d=mm&r=g\",\"caption\":\"Marta Cillero\"}}]}<\/script>\n<!-- \/ Yoast SEO plugin. -->","yoast_head_json":{"title":"D\u00e9tenus en perdition - European Alternatives","robots":{"index":"index","follow":"follow","max-snippet":"max-snippet:-1","max-image-preview":"max-image-preview:large","max-video-preview":"max-video-preview:-1"},"canonical":"https:\/\/euroalter.com\/detained-in-perdition\/","og_locale":"it_IT","og_type":"article","og_title":"D\u00e9tenus en perdition - European Alternatives","og_description":"Alternatives Europ\u00e9ennes, conjointement avec Migreurop, dirige la campagne Open Access Now, demandant \u00e0 ce que la soci\u00e9t\u00e9 civile et les journalistes obtiennent un libre acc\u00e8s&hellip;","og_url":"https:\/\/euroalter.com\/detained-in-perdition\/","og_site_name":"European Alternatives","article_published_time":"2012-04-08T14:12:28+00:00","author":"Marta Cillero","twitter_card":"summary_large_image","twitter_misc":{"Written by":"Marta Cillero","Est. reading time":"10 minutes"},"schema":{"@context":"https:\/\/schema.org","@graph":[{"@type":"WebPage","@id":"https:\/\/euroalter.com\/detained-in-perdition\/","url":"https:\/\/euroalter.com\/detained-in-perdition\/","name":"D\u00e9tenus en perdition - European Alternatives","isPartOf":{"@id":"https:\/\/euroalter.com\/#website"},"primaryImageOfPage":{"@id":"https:\/\/euroalter.com\/detained-in-perdition\/#primaryimage"},"image":{"@id":"https:\/\/euroalter.com\/detained-in-perdition\/#primaryimage"},"thumbnailUrl":"","datePublished":"2012-04-08T14:12:28+00:00","author":{"@id":"https:\/\/euroalter.com\/#\/schema\/person\/22a482000088767ac51a1e6286c8ad2b"},"breadcrumb":{"@id":"https:\/\/euroalter.com\/detained-in-perdition\/#breadcrumb"},"inLanguage":"it-IT","potentialAction":[{"@type":"ReadAction","target":["https:\/\/euroalter.com\/detained-in-perdition\/"]}]},{"@type":"ImageObject","inLanguage":"it-IT","@id":"https:\/\/euroalter.com\/detained-in-perdition\/#primaryimage","url":"","contentUrl":""},{"@type":"BreadcrumbList","@id":"https:\/\/euroalter.com\/detained-in-perdition\/#breadcrumb","itemListElement":[{"@type":"ListItem","position":1,"name":"Home","item":"https:\/\/euroalter.com\/it\/"},{"@type":"ListItem","position":2,"name":"D\u00e9tenus en perdition"}]},{"@type":"WebSite","@id":"https:\/\/euroalter.com\/#website","url":"https:\/\/euroalter.com\/","name":"European Alternatives","description":"Democracy, Equality and Culture beyond the nation","potentialAction":[{"@type":"SearchAction","target":{"@type":"EntryPoint","urlTemplate":"https:\/\/euroalter.com\/?s={search_term_string}"},"query-input":{"@type":"PropertyValueSpecification","valueRequired":true,"valueName":"search_term_string"}}],"inLanguage":"it-IT"},{"@type":"Person","@id":"https:\/\/euroalter.com\/#\/schema\/person\/22a482000088767ac51a1e6286c8ad2b","name":"Marta Cillero","image":{"@type":"ImageObject","inLanguage":"it-IT","@id":"https:\/\/euroalter.com\/#\/schema\/person\/image\/","url":"https:\/\/secure.gravatar.com\/avatar\/7e23f0c5351248c4771d9928f748b58d?s=96&d=mm&r=g","contentUrl":"https:\/\/secure.gravatar.com\/avatar\/7e23f0c5351248c4771d9928f748b58d?s=96&d=mm&r=g","caption":"Marta Cillero"}}]}},"_links":{"self":[{"href":"https:\/\/euroalter.com\/it\/wp-json\/wp\/v2\/posts\/6382","targetHints":{"allow":["GET"]}}],"collection":[{"href":"https:\/\/euroalter.com\/it\/wp-json\/wp\/v2\/posts"}],"about":[{"href":"https:\/\/euroalter.com\/it\/wp-json\/wp\/v2\/types\/post"}],"author":[{"embeddable":true,"href":"https:\/\/euroalter.com\/it\/wp-json\/wp\/v2\/users\/8"}],"replies":[{"embeddable":true,"href":"https:\/\/euroalter.com\/it\/wp-json\/wp\/v2\/comments?post=6382"}],"version-history":[{"count":0,"href":"https:\/\/euroalter.com\/it\/wp-json\/wp\/v2\/posts\/6382\/revisions"}],"wp:featuredmedia":[{"embeddable":true,"href":"https:\/\/euroalter.com\/it\/wp-json\/"}],"wp:attachment":[{"href":"https:\/\/euroalter.com\/it\/wp-json\/wp\/v2\/media?parent=6382"}],"wp:term":[{"taxonomy":"category","embeddable":true,"href":"https:\/\/euroalter.com\/it\/wp-json\/wp\/v2\/categories?post=6382"},{"taxonomy":"post_tag","embeddable":true,"href":"https:\/\/euroalter.com\/it\/wp-json\/wp\/v2\/tags?post=6382"}],"curies":[{"name":"wp","href":"https:\/\/api.w.org\/{rel}","templated":true}]}}