{"id":6151,"date":"2013-02-26T17:17:42","date_gmt":"2013-02-26T16:17:42","guid":{"rendered":"https:\/\/euroalter.local\/?p=6151"},"modified":"2013-02-26T17:17:42","modified_gmt":"2013-02-26T16:17:42","slug":"stop-precarity-act-democratically-analyses-and-reflections-on-a-week-filled-with-exchanges-of-ideas-surrounding-the-themes-of-job-instability-and-democracy-both-inside-and-outside-2","status":"publish","type":"post","link":"https:\/\/euroalter.com\/it\/stop-precarity-act-democratically-analyses-and-reflections-on-a-week-filled-with-exchanges-of-ideas-surrounding-the-themes-of-job-instability-and-democracy-both-inside-and-outside-2\/","title":{"rendered":"\u00ab Stop \u00e0 la pr\u00e9carit\u00e9 : agissez d\u00e9mocratiquement ! \u00bb : analyses et r\u00e9flexions sur une semaine riche en \u00e9changes d\u2019id\u00e9es autour des th\u00e8mes de la pr\u00e9carit\u00e9 et la d\u00e9mocratie, \u00e0 la fois dans et \u00e0 l\u2019ext\u00e9rieur de l\u2019Europe"},"content":{"rendered":"<p>Par Alice Michelini<br \/>\nPhotos par Elena Dalibot<br \/>\nTraduit par Audrey Ubertino<\/p>\n<p><img loading=\"lazy\" decoding=\"async\" class=\"size-medium wp-image-6142 alignleft\" alt=\"525205_618294781531470_938556875_n\" src=\"https:\/\/euroalter.com\/wp-content\/uploads\/2014\/06\/525205_618294781531470_938556875_n-300x200.jpg\" width=\"300\" height=\"200\" \/><\/p>\n<div>Nos amis \u00e9gyptiens et espagnols sont partis il y a seulement quelques jours et d\u00e9j\u00e0 un profond sentiment de vide et de nostalgie gagne tous ceux qui ont particip\u00e9 au fascinant projet d\u2019\u00e9changes et de dialogue euro-m\u00e9diterran\u00e9en. D\u2019un point de vue strictement personnel, je pense qu\u2019il serait restrictif et superficiel d\u2019affirmer que le projet d\u2019Alternatives europ\u00e9enne de la semaine derni\u00e8re soit cat\u00e9goris\u00e9 de la m\u00eame mani\u00e8re que beaucoup d\u2019autres s\u00e9minaires et d\u00e9bats sur les probl\u00e8mes cit\u00e9s ci-dessus. En r\u00e9alit\u00e9, c\u2019\u00e9tait bien plus que \u00e7a. C\u2019\u00e9tait le rassemblement d\u2019un groupe de jeunes militants qui se battent tous les jours pour un pays meilleur. C\u2019\u00e9tait le combat de personnes qui ont perdu tellement dans leurs pays respectifs mais qui, sans abandonner, continuent de lutter pour une soci\u00e9t\u00e9 plus juste et plus d\u00e9mocratique, o\u00f9 plus d\u2019attention sera port\u00e9e aux jeunes et plus d\u2019opportunit\u00e9s seront cr\u00e9\u00e9es. C\u2019\u00e9tait l\u2019explosion d\u2019un d\u00e9bat passionn\u00e9, de motivations, de frustration mais aussi de tellement d\u2019espoir. C\u2019est l\u2019atmosph\u00e8re empathique cr\u00e9\u00e9e dans tout le groupe qui a permis l\u2019\u00e9change d\u2019opinions destin\u00e9es \u00e0 la coop\u00e9ration et au respect mutuel. Pour nous, c\u2019\u00e9tait \u00e9galement touchant et en m\u00eame temps \u00e9ducatif de voir un tel travail d\u2019\u00e9quipe, une telle pers\u00e9v\u00e9rance et une telle \u00e9nergie positive, tous orient\u00e9s vers l\u2019\u00e9change et le dialogue.<\/div>\n<p>En tant qu\u2019\u00e9tudiante en Sciences politiques et \u00ab\u00a0citoyenne du monde\u00a0\u00bb et bien qu\u2019inform\u00e9e et int\u00e9ress\u00e9e par les sujets abord\u00e9s, je dois admettre que j\u2019ai appris une le\u00e7on de vie sans pr\u00e9c\u00e9dent. En fait, je n\u2019aurais jamais cru qu\u2019une semaine de d\u00e9bats et de s\u00e9minaires sur la d\u00e9mocratie et l\u2019ins\u00e9curit\u00e9 de l\u2019emploi m\u2019aurait autant enchant\u00e9e et autant appris. Et pourtant, l\u2019espace d\u2019un moment, j\u2019ai compl\u00e8tement oubli\u00e9 ma propre nationalit\u00e9 et me suis sentie comme si je faisais partie d\u2019un m\u00e9lange multiculturel enjou\u00e9 d\u2019Egyptien, d\u2019Espagnol et de Fran\u00e7ais, m\u2019indignant avec les participants pour les probl\u00e8mes inqui\u00e9tants actuellement en jeu dans leurs pays et avan\u00e7ant en m\u00eame temps des espoirs pour l\u2019avenir de ces probl\u00e8mes.<\/p>\n<p><img loading=\"lazy\" decoding=\"async\" class=\"size-medium wp-image-6143 alignright\" alt=\"551509_618294514864830_676248000_n\" src=\"https:\/\/euroalter.com\/wp-content\/uploads\/2014\/06\/551509_618294514864830_676248000_n-200x300.jpg\" width=\"200\" height=\"300\" \/>De nombreuses questions ont \u00e9t\u00e9 abord\u00e9es, du droit de manifester \u00e0 la structure, les forces et les faiblesses de ces mouvements, de la d\u00e9finition controvers\u00e9e de la justice sociale au concept de r\u00e9sistance, de l\u2019ind\u00e9pendance des m\u00e9dias au pouvoir de la force qu\u2019ils ont eu en favorisant les r\u00e9volutions \u00e9gyptienne et espagnole\u2026 De plus, les d\u00e9bats se sont \u00e9cart\u00e9s spontan\u00e9ment sur d\u2019autres th\u00e8mes \u00e9troitement li\u00e9s, tels que les effets de la R\u00e9volution sur les diff\u00e9rents pays o\u00f9 le Printemps arabe eu lieu, sur la question de l\u2019aide internationale, sur les diff\u00e9rentes formes que peut prendre la d\u00e9mocratie, sur les objectifs et les motivations derri\u00e8re la R\u00e9volution et enfin, sur la pr\u00e9carit\u00e9 de l\u2019emploi pour les jeunes, au niveau mondial et dans les pays mentionn\u00e9s. Toutes ces questions ont \u00e9t\u00e9 suivies de demandes, de consid\u00e9rations, d\u2019interrogations, de partage d\u2019exp\u00e9riences et de solutions possibles aux probl\u00e8mes cit\u00e9s pr\u00e9c\u00e9demment. Alternatives europ\u00e9ennes a encourag\u00e9 cet \u00e9change r\u00e9ciproque d\u2019id\u00e9es \u00e0 travers la mise en \u0153uvre de forums et d\u2019ateliers\u00a0: les participants ont \u00e9t\u00e9 en particulier invit\u00e9s \u00e0 analyser et explorer les situations des pays autres que les leurs, dans le but d\u2019identifier des points communs entre les diff\u00e9rentes cultures en question et la priorit\u00e9 essentielle qui est l\u2019am\u00e9lioration de leur qualit\u00e9 de vie dans ces pays. Des suggestions et des id\u00e9es ont \u00e9t\u00e9 propos\u00e9es afin de r\u00e9soudre les probl\u00e8mes ensemble \u00e0 travers le dialogue et un sens commun de solidarit\u00e9 dans ces pays m\u00e9diterran\u00e9ens. A partir de ces suggestions a \u00e9merg\u00e9 en particulier la volont\u00e9 de cr\u00e9er un mouvement, \u00e0 l\u2019\u00e9chelle internationale, de personnes inform\u00e9es et engag\u00e9es \u00e0 se battre pour les causes des uns et des autres, pas seulement la leur, en engendrant un projet collectif avec des objectifs \u00e0 long et \u00e0 court terme.<\/p>\n<p><img loading=\"lazy\" decoding=\"async\" class=\" wp-image-6144 alignleft\" alt=\"388048_618295251531423_560069840_n\" src=\"https:\/\/euroalter.com\/wp-content\/uploads\/2014\/06\/388048_618295251531423_560069840_n-200x300.jpg\" width=\"154\" height=\"231\" \/>Un tel projet conduira \u00e0 la mise en place d\u2019une plateforme virtuelle gr\u00e2ce \u00e0 laquelle chaque membre pourra garder contact avec les autres. La plateforme fonctionnera \u00e0 travers l\u2019\u00e9change d\u2019actualit\u00e9s en lien avec leurs pays respectifs, la publication d\u2019articles et d\u2019essais sur les th\u00e8mes qui ont \u00e9t\u00e9 au c\u0153ur du projet \u00ab\u00a0Stop \u00e0 la pr\u00e9carit\u00e9\u00a0: agissez d\u00e9mocratiquement\u00a0!\u00a0\u00bb et l\u2019organisation de rencontres r\u00e9guli\u00e8res dans les diff\u00e9rents pays impliqu\u00e9s, avec comme objectif l\u2019entraide et l\u2019\u00e9change. Un hommage \u00e0 l\u2019organisation qui a permis la mise en \u0153uvre de ce projet se trouve dans le nom de ce mouvement tout r\u00e9cent, choisi par les participants\u00a0: \u00ab\u00a0Alternatives m\u00e9diterran\u00e9ennes\u00a0\u00bb. Aurait-il \u00e9t\u00e9 possible de trouver un nom plus appropri\u00e9 que celui-ci\u00a0? Alternatives europ\u00e9ennes souhaite \u00e0 Alternatives m\u00e9diterran\u00e9ennes un futur glorieux, riche en succ\u00e8s, en satisfactions et en \u00e9motions\u2026 comme celles qu\u2019ils nous ont procur\u00e9 lors de ces journ\u00e9es intenses et engageantes pass\u00e9es ensemble avec nos amis m\u00e9diterran\u00e9ens.<\/p>\n","protected":false},"excerpt":{"rendered":"<p>Echanges d\u2019id\u00e9es autour des th\u00e8mes de la pr\u00e9carit\u00e9 et la d\u00e9mocratie, \u00e0 la fois dans et \u00e0 l\u2019ext\u00e9rieur de l\u2019Europe.<\/p>\n","protected":false},"author":8,"featured_media":6143,"comment_status":"closed","ping_status":"open","sticky":false,"template":"","format":"standard","meta":{"_acf_changed":false,"footnotes":""},"categories":[1],"tags":[],"class_list":["post-6151","post","type-post","status-publish","format-standard","has-post-thumbnail","hentry","category-european-alternatives"],"acf":[],"yoast_head":"<!-- This site is optimized with the Yoast SEO plugin v24.6 - https:\/\/yoast.com\/wordpress\/plugins\/seo\/ -->\n<title>\u00ab Stop \u00e0 la pr\u00e9carit\u00e9 : agissez d\u00e9mocratiquement ! \u00bb : analyses et r\u00e9flexions sur une semaine riche en \u00e9changes d\u2019id\u00e9es autour des th\u00e8mes de la pr\u00e9carit\u00e9 et la d\u00e9mocratie, \u00e0 la fois dans et \u00e0 l\u2019ext\u00e9rieur de l\u2019Europe - European Alternatives<\/title>\n<meta name=\"robots\" content=\"index, follow, max-snippet:-1, max-image-preview:large, max-video-preview:-1\" \/>\n<link rel=\"canonical\" href=\"https:\/\/euroalter.com\/stop-precarity-act-democratically-analyses-and-reflections-on-a-week-filled-with-exchanges-of-ideas-surrounding-the-themes-of-job-instability-and-democracy-both-inside-and-outside-2\/\" \/>\n<meta property=\"og:locale\" content=\"it_IT\" \/>\n<meta property=\"og:type\" content=\"article\" \/>\n<meta property=\"og:title\" content=\"\u00ab Stop \u00e0 la pr\u00e9carit\u00e9 : agissez d\u00e9mocratiquement ! \u00bb : analyses et r\u00e9flexions sur une semaine riche en \u00e9changes d\u2019id\u00e9es autour des th\u00e8mes de la pr\u00e9carit\u00e9 et la d\u00e9mocratie, \u00e0 la fois dans et \u00e0 l\u2019ext\u00e9rieur de l\u2019Europe - European Alternatives\" \/>\n<meta property=\"og:description\" content=\"Echanges d\u2019id\u00e9es autour des th\u00e8mes de la pr\u00e9carit\u00e9 et la d\u00e9mocratie, \u00e0 la fois dans et \u00e0 l\u2019ext\u00e9rieur de l\u2019Europe.\" \/>\n<meta property=\"og:url\" content=\"https:\/\/euroalter.com\/stop-precarity-act-democratically-analyses-and-reflections-on-a-week-filled-with-exchanges-of-ideas-surrounding-the-themes-of-job-instability-and-democracy-both-inside-and-outside-2\/\" \/>\n<meta property=\"og:site_name\" content=\"European Alternatives\" \/>\n<meta property=\"article:published_time\" content=\"2013-02-26T16:17:42+00:00\" \/>\n<meta name=\"author\" content=\"Marta Cillero\" \/>\n<meta name=\"twitter:card\" content=\"summary_large_image\" \/>\n<meta name=\"twitter:label1\" content=\"Written by\" \/>\n\t<meta name=\"twitter:data1\" content=\"Marta Cillero\" \/>\n\t<meta name=\"twitter:label2\" content=\"Est. reading time\" \/>\n\t<meta name=\"twitter:data2\" content=\"5 minutes\" \/>\n<script type=\"application\/ld+json\" class=\"yoast-schema-graph\">{\"@context\":\"https:\/\/schema.org\",\"@graph\":[{\"@type\":\"WebPage\",\"@id\":\"https:\/\/euroalter.com\/stop-precarity-act-democratically-analyses-and-reflections-on-a-week-filled-with-exchanges-of-ideas-surrounding-the-themes-of-job-instability-and-democracy-both-inside-and-outside-2\/\",\"url\":\"https:\/\/euroalter.com\/stop-precarity-act-democratically-analyses-and-reflections-on-a-week-filled-with-exchanges-of-ideas-surrounding-the-themes-of-job-instability-and-democracy-both-inside-and-outside-2\/\",\"name\":\"\u00ab Stop \u00e0 la pr\u00e9carit\u00e9 : agissez d\u00e9mocratiquement ! \u00bb : analyses et r\u00e9flexions sur une semaine riche en \u00e9changes d\u2019id\u00e9es autour des th\u00e8mes de la pr\u00e9carit\u00e9 et la d\u00e9mocratie, \u00e0 la fois dans et \u00e0 l\u2019ext\u00e9rieur de l\u2019Europe - European Alternatives\",\"isPartOf\":{\"@id\":\"https:\/\/euroalter.com\/#website\"},\"primaryImageOfPage\":{\"@id\":\"https:\/\/euroalter.com\/stop-precarity-act-democratically-analyses-and-reflections-on-a-week-filled-with-exchanges-of-ideas-surrounding-the-themes-of-job-instability-and-democracy-both-inside-and-outside-2\/#primaryimage\"},\"image\":{\"@id\":\"https:\/\/euroalter.com\/stop-precarity-act-democratically-analyses-and-reflections-on-a-week-filled-with-exchanges-of-ideas-surrounding-the-themes-of-job-instability-and-democracy-both-inside-and-outside-2\/#primaryimage\"},\"thumbnailUrl\":\"\",\"datePublished\":\"2013-02-26T16:17:42+00:00\",\"author\":{\"@id\":\"https:\/\/euroalter.com\/#\/schema\/person\/22a482000088767ac51a1e6286c8ad2b\"},\"breadcrumb\":{\"@id\":\"https:\/\/euroalter.com\/stop-precarity-act-democratically-analyses-and-reflections-on-a-week-filled-with-exchanges-of-ideas-surrounding-the-themes-of-job-instability-and-democracy-both-inside-and-outside-2\/#breadcrumb\"},\"inLanguage\":\"it-IT\",\"potentialAction\":[{\"@type\":\"ReadAction\",\"target\":[\"https:\/\/euroalter.com\/stop-precarity-act-democratically-analyses-and-reflections-on-a-week-filled-with-exchanges-of-ideas-surrounding-the-themes-of-job-instability-and-democracy-both-inside-and-outside-2\/\"]}]},{\"@type\":\"ImageObject\",\"inLanguage\":\"it-IT\",\"@id\":\"https:\/\/euroalter.com\/stop-precarity-act-democratically-analyses-and-reflections-on-a-week-filled-with-exchanges-of-ideas-surrounding-the-themes-of-job-instability-and-democracy-both-inside-and-outside-2\/#primaryimage\",\"url\":\"\",\"contentUrl\":\"\"},{\"@type\":\"BreadcrumbList\",\"@id\":\"https:\/\/euroalter.com\/stop-precarity-act-democratically-analyses-and-reflections-on-a-week-filled-with-exchanges-of-ideas-surrounding-the-themes-of-job-instability-and-democracy-both-inside-and-outside-2\/#breadcrumb\",\"itemListElement\":[{\"@type\":\"ListItem\",\"position\":1,\"name\":\"Home\",\"item\":\"https:\/\/euroalter.com\/it\/\"},{\"@type\":\"ListItem\",\"position\":2,\"name\":\"\u00ab Stop \u00e0 la pr\u00e9carit\u00e9 : agissez d\u00e9mocratiquement ! \u00bb : analyses et r\u00e9flexions sur une semaine riche en \u00e9changes d\u2019id\u00e9es autour des th\u00e8mes de la pr\u00e9carit\u00e9 et la d\u00e9mocratie, \u00e0 la fois dans et \u00e0 l\u2019ext\u00e9rieur de l\u2019Europe\"}]},{\"@type\":\"WebSite\",\"@id\":\"https:\/\/euroalter.com\/#website\",\"url\":\"https:\/\/euroalter.com\/\",\"name\":\"European Alternatives\",\"description\":\"Democracy, Equality and Culture beyond the nation\",\"potentialAction\":[{\"@type\":\"SearchAction\",\"target\":{\"@type\":\"EntryPoint\",\"urlTemplate\":\"https:\/\/euroalter.com\/?s={search_term_string}\"},\"query-input\":{\"@type\":\"PropertyValueSpecification\",\"valueRequired\":true,\"valueName\":\"search_term_string\"}}],\"inLanguage\":\"it-IT\"},{\"@type\":\"Person\",\"@id\":\"https:\/\/euroalter.com\/#\/schema\/person\/22a482000088767ac51a1e6286c8ad2b\",\"name\":\"Marta Cillero\",\"image\":{\"@type\":\"ImageObject\",\"inLanguage\":\"it-IT\",\"@id\":\"https:\/\/euroalter.com\/#\/schema\/person\/image\/\",\"url\":\"https:\/\/secure.gravatar.com\/avatar\/7e23f0c5351248c4771d9928f748b58d?s=96&d=mm&r=g\",\"contentUrl\":\"https:\/\/secure.gravatar.com\/avatar\/7e23f0c5351248c4771d9928f748b58d?s=96&d=mm&r=g\",\"caption\":\"Marta Cillero\"}}]}<\/script>\n<!-- \/ Yoast SEO plugin. -->","yoast_head_json":{"title":"\u00ab Stop \u00e0 la pr\u00e9carit\u00e9 : agissez d\u00e9mocratiquement ! \u00bb : analyses et r\u00e9flexions sur une semaine riche en \u00e9changes d\u2019id\u00e9es autour des th\u00e8mes de la pr\u00e9carit\u00e9 et la d\u00e9mocratie, \u00e0 la fois dans et \u00e0 l\u2019ext\u00e9rieur de l\u2019Europe - European Alternatives","robots":{"index":"index","follow":"follow","max-snippet":"max-snippet:-1","max-image-preview":"max-image-preview:large","max-video-preview":"max-video-preview:-1"},"canonical":"https:\/\/euroalter.com\/stop-precarity-act-democratically-analyses-and-reflections-on-a-week-filled-with-exchanges-of-ideas-surrounding-the-themes-of-job-instability-and-democracy-both-inside-and-outside-2\/","og_locale":"it_IT","og_type":"article","og_title":"\u00ab Stop \u00e0 la pr\u00e9carit\u00e9 : agissez d\u00e9mocratiquement ! \u00bb : analyses et r\u00e9flexions sur une semaine riche en \u00e9changes d\u2019id\u00e9es autour des th\u00e8mes de la pr\u00e9carit\u00e9 et la d\u00e9mocratie, \u00e0 la fois dans et \u00e0 l\u2019ext\u00e9rieur de l\u2019Europe - European Alternatives","og_description":"Echanges d\u2019id\u00e9es autour des th\u00e8mes de la pr\u00e9carit\u00e9 et la d\u00e9mocratie, \u00e0 la fois dans et \u00e0 l\u2019ext\u00e9rieur de l\u2019Europe.","og_url":"https:\/\/euroalter.com\/stop-precarity-act-democratically-analyses-and-reflections-on-a-week-filled-with-exchanges-of-ideas-surrounding-the-themes-of-job-instability-and-democracy-both-inside-and-outside-2\/","og_site_name":"European Alternatives","article_published_time":"2013-02-26T16:17:42+00:00","author":"Marta Cillero","twitter_card":"summary_large_image","twitter_misc":{"Written by":"Marta Cillero","Est. reading time":"5 minutes"},"schema":{"@context":"https:\/\/schema.org","@graph":[{"@type":"WebPage","@id":"https:\/\/euroalter.com\/stop-precarity-act-democratically-analyses-and-reflections-on-a-week-filled-with-exchanges-of-ideas-surrounding-the-themes-of-job-instability-and-democracy-both-inside-and-outside-2\/","url":"https:\/\/euroalter.com\/stop-precarity-act-democratically-analyses-and-reflections-on-a-week-filled-with-exchanges-of-ideas-surrounding-the-themes-of-job-instability-and-democracy-both-inside-and-outside-2\/","name":"\u00ab Stop \u00e0 la pr\u00e9carit\u00e9 : agissez d\u00e9mocratiquement ! \u00bb : analyses et r\u00e9flexions sur une semaine riche en \u00e9changes d\u2019id\u00e9es autour des th\u00e8mes de la pr\u00e9carit\u00e9 et la d\u00e9mocratie, \u00e0 la fois dans et \u00e0 l\u2019ext\u00e9rieur de l\u2019Europe - European Alternatives","isPartOf":{"@id":"https:\/\/euroalter.com\/#website"},"primaryImageOfPage":{"@id":"https:\/\/euroalter.com\/stop-precarity-act-democratically-analyses-and-reflections-on-a-week-filled-with-exchanges-of-ideas-surrounding-the-themes-of-job-instability-and-democracy-both-inside-and-outside-2\/#primaryimage"},"image":{"@id":"https:\/\/euroalter.com\/stop-precarity-act-democratically-analyses-and-reflections-on-a-week-filled-with-exchanges-of-ideas-surrounding-the-themes-of-job-instability-and-democracy-both-inside-and-outside-2\/#primaryimage"},"thumbnailUrl":"","datePublished":"2013-02-26T16:17:42+00:00","author":{"@id":"https:\/\/euroalter.com\/#\/schema\/person\/22a482000088767ac51a1e6286c8ad2b"},"breadcrumb":{"@id":"https:\/\/euroalter.com\/stop-precarity-act-democratically-analyses-and-reflections-on-a-week-filled-with-exchanges-of-ideas-surrounding-the-themes-of-job-instability-and-democracy-both-inside-and-outside-2\/#breadcrumb"},"inLanguage":"it-IT","potentialAction":[{"@type":"ReadAction","target":["https:\/\/euroalter.com\/stop-precarity-act-democratically-analyses-and-reflections-on-a-week-filled-with-exchanges-of-ideas-surrounding-the-themes-of-job-instability-and-democracy-both-inside-and-outside-2\/"]}]},{"@type":"ImageObject","inLanguage":"it-IT","@id":"https:\/\/euroalter.com\/stop-precarity-act-democratically-analyses-and-reflections-on-a-week-filled-with-exchanges-of-ideas-surrounding-the-themes-of-job-instability-and-democracy-both-inside-and-outside-2\/#primaryimage","url":"","contentUrl":""},{"@type":"BreadcrumbList","@id":"https:\/\/euroalter.com\/stop-precarity-act-democratically-analyses-and-reflections-on-a-week-filled-with-exchanges-of-ideas-surrounding-the-themes-of-job-instability-and-democracy-both-inside-and-outside-2\/#breadcrumb","itemListElement":[{"@type":"ListItem","position":1,"name":"Home","item":"https:\/\/euroalter.com\/it\/"},{"@type":"ListItem","position":2,"name":"\u00ab Stop \u00e0 la pr\u00e9carit\u00e9 : agissez d\u00e9mocratiquement ! \u00bb : analyses et r\u00e9flexions sur une semaine riche en \u00e9changes d\u2019id\u00e9es autour des th\u00e8mes de la pr\u00e9carit\u00e9 et la d\u00e9mocratie, \u00e0 la fois dans et \u00e0 l\u2019ext\u00e9rieur de l\u2019Europe"}]},{"@type":"WebSite","@id":"https:\/\/euroalter.com\/#website","url":"https:\/\/euroalter.com\/","name":"European Alternatives","description":"Democracy, Equality and Culture beyond the nation","potentialAction":[{"@type":"SearchAction","target":{"@type":"EntryPoint","urlTemplate":"https:\/\/euroalter.com\/?s={search_term_string}"},"query-input":{"@type":"PropertyValueSpecification","valueRequired":true,"valueName":"search_term_string"}}],"inLanguage":"it-IT"},{"@type":"Person","@id":"https:\/\/euroalter.com\/#\/schema\/person\/22a482000088767ac51a1e6286c8ad2b","name":"Marta Cillero","image":{"@type":"ImageObject","inLanguage":"it-IT","@id":"https:\/\/euroalter.com\/#\/schema\/person\/image\/","url":"https:\/\/secure.gravatar.com\/avatar\/7e23f0c5351248c4771d9928f748b58d?s=96&d=mm&r=g","contentUrl":"https:\/\/secure.gravatar.com\/avatar\/7e23f0c5351248c4771d9928f748b58d?s=96&d=mm&r=g","caption":"Marta Cillero"}}]}},"_links":{"self":[{"href":"https:\/\/euroalter.com\/it\/wp-json\/wp\/v2\/posts\/6151","targetHints":{"allow":["GET"]}}],"collection":[{"href":"https:\/\/euroalter.com\/it\/wp-json\/wp\/v2\/posts"}],"about":[{"href":"https:\/\/euroalter.com\/it\/wp-json\/wp\/v2\/types\/post"}],"author":[{"embeddable":true,"href":"https:\/\/euroalter.com\/it\/wp-json\/wp\/v2\/users\/8"}],"replies":[{"embeddable":true,"href":"https:\/\/euroalter.com\/it\/wp-json\/wp\/v2\/comments?post=6151"}],"version-history":[{"count":0,"href":"https:\/\/euroalter.com\/it\/wp-json\/wp\/v2\/posts\/6151\/revisions"}],"wp:featuredmedia":[{"embeddable":true,"href":"https:\/\/euroalter.com\/it\/wp-json\/"}],"wp:attachment":[{"href":"https:\/\/euroalter.com\/it\/wp-json\/wp\/v2\/media?parent=6151"}],"wp:term":[{"taxonomy":"category","embeddable":true,"href":"https:\/\/euroalter.com\/it\/wp-json\/wp\/v2\/categories?post=6151"},{"taxonomy":"post_tag","embeddable":true,"href":"https:\/\/euroalter.com\/it\/wp-json\/wp\/v2\/tags?post=6151"}],"curies":[{"name":"wp","href":"https:\/\/api.w.org\/{rel}","templated":true}]}}