{"id":5631,"date":"2014-04-24T12:05:16","date_gmt":"2014-04-24T10:05:16","guid":{"rendered":"https:\/\/euroalter.local\/?p=5631"},"modified":"2014-04-24T12:05:16","modified_gmt":"2014-04-24T10:05:16","slug":"what-would-you-do-with-the-space","status":"publish","type":"post","link":"https:\/\/euroalter.com\/it\/what-would-you-do-with-the-space\/","title":{"rendered":"Que feriez-vous avec l&#8217;espace?"},"content":{"rendered":"<p>traduit par St\u00e9phane Prunet Navas<\/p>\n<div>\n<a href=\"https:\/\/euroalter.com\/FR\/\">Alternatives Europ\u00e9ennes<\/a>,\u00a0<a href=\"http:\/\/www.tate.org.uk\/visit\/tate-britain\">Tate Britain<\/a>,\u00a0<a href=\"http:\/\/www.millbank-emo.co.uk\/\">Millbank Estate TMO<\/a>et\u00a0<a href=\"http:\/\/www.arts.ac.uk\/chelsea\/\">la Facult\u00e9 d&#8217;Art et de Design de Chelsea<\/a>am\u00e9nagent actuellement un Village Transeuropa qui ouvrira le 9 et 10 mai 2014 afin de c\u00e9l\u00e9brer la Journ\u00e9e de l&#8217;Europe d&#8217;une fa\u00e7on alternative et ludique.<\/p>\n<p><strong>Nous recherchons une mani\u00e8re d&#8217;utiliser l&#8217;espace qui puisse vous plaire!<\/strong><\/p>\n<p>Comme vous pouvez le constatez \u00e0 partir de l&#8217;aper\u00e7u de ce week-end, afin de permettre aux participants\u00a0d&#8217;avoir l&#8217;impression de voyager \u00e0 travers diff\u00e9rents environnements, l&#8217;espace sera con\u00e7u comme un village (mis au point par<a href=\"http:\/\/borderstocross.com\/\">Borders to Cross<\/a>)<\/p>\n<p>Des \u00e9tals en cartons seront plac\u00e9s dans diff\u00e9rents endroits de la pi\u00e8ce et chacun sera organis\u00e9 selon un th\u00e8me diff\u00e9rent, parmi lesquels :<\/p>\n<p>\u00b7Vid\u00e9os et bandes dessin\u00e9es traitant des voix qui ne se sont pas faites entendre et des innovations in\u00e9dites de Caravanes Transeuropa.<\/p>\n<p>\u00b7Objets fabriqu\u00e9s que vous aimeriez exposer et qui symbolisent \u00e0 la fois de nouvelles formes de participations, l&#8217;un des enjeux du Pacte Citoyen, ou encore \u00e0 la d\u00e9couverte de ce qui demeure inexprim\u00e9 ou non per\u00e7u.<\/p>\n<p>\u00b7Activit\u00e9s que vous aimeriez favoriser \/ conserver concernant les innovations cr\u00e9atives et civiques (il peut s&#8217;agir d&#8217;un atelier ou bien d&#8217;une activit\u00e9 surprise \u00e0 partir desquels les gens peuvent interagir)<\/p>\n<p><strong>Envoyez-nous 100 mots concernant la mani\u00e8re dont vous aimeriez utiliser l&#8217;espace et si vous aimeriez exposer et\/ou favoriser une activit\u00e9, quelles sont les ressources que vous apporterez \/ dont vous aurez besoin et combien de temps durera l&#8217;activit\u00e9.<\/strong><\/div>\n<div><\/div>\n<div><img loading=\"lazy\" decoding=\"async\" class=\"alignnone size-thumbnail wp-image-5632 alignleft\" style=\"line-height: 1.5em;\" alt=\"Mood\" src=\"https:\/\/euroalter.com\/wp-content\/uploads\/2014\/06\/Mood-150x150.jpg\" width=\"150\" height=\"150\" \/><\/div>\n<div><img loading=\"lazy\" decoding=\"async\" class=\"alignnone size-thumbnail wp-image-5633 alignleft\" style=\"line-height: 1.5em;\" alt=\"Caravans\" src=\"https:\/\/euroalter.com\/wp-content\/uploads\/2014\/06\/Caravans-150x150.jpg\" width=\"150\" height=\"150\" \/><\/div>\n<div><img loading=\"lazy\" decoding=\"async\" class=\"alignnone size-thumbnail wp-image-5634 alignleft\" style=\"line-height: 1.5em;\" alt=\"Fans\" src=\"https:\/\/euroalter.com\/wp-content\/uploads\/2014\/06\/Fans-150x150.jpg\" width=\"150\" height=\"150\" \/><\/div>\n<div><\/div>\n<div><\/div>\n<div><\/div>\n<div><\/div>\n<div><\/div>\n<div><\/div>\n<div><\/div>\n<div><\/div>\n<div><strong>Pourquoi organisons-nous ce week-end?<\/strong><\/p>\n<p><strong>Nous voulons c\u00e9l\u00e9brer et relier les initiatives qui\u00a0<\/strong><strong>emploient des m\u00e9thodes cr\u00e9atives afin de d\u00e9velopper la citoyennet\u00e9 civique et cr\u00e9ative au sein des populations europ\u00e9ennes\u00a0<\/strong><strong>et<\/strong><strong>pr\u00e9senter les enjeux dans le\u00a0<\/strong><a href=\"http:\/\/citizenspact.eu\/\">Pacte Citoyen<\/a><strong>,\u00a0dans la perspective des \u00e9lections europ\u00e9ennes.<\/strong><\/p>\n<p><strong>Ceux qui iront au Village Transeuropa d\u00e9couvriront les innovations in\u00e9dites et les voix qui ne sont pas encore faites entendre, d\u00e9couvertes par le biais de Caravanes Transeuropa, dont l&#8217;objectif est de\u00a0<\/strong><strong>comprendre comment les populations utilisent des m\u00e9thodes cr\u00e9atives pour faire face \u00e0 la crise.<\/strong><\/p>\n<p>L&#8217;\u00e9v\u00e9nement se fonde sur notre exp\u00e9rience en mati\u00e8re d&#8217;organisation des\u00a0<a href=\"http:\/\/www.millbank-emo.co.uk\/\">Festivals Transeuropa<\/a>et de travaux avec nos associ\u00e9s afin de d\u00e9velopper des concepts qui rassemblent des initiatives civiques, telles que\u00a0<a href=\"http:\/\/borderstocross.com\/\">Borders to Cross<\/a>.<\/p>\n<p>Le week-end refl\u00e8tera les principes en supervisant le processus de Caravans<strong>,\u00a0<\/strong><strong>en d\u00e9couvrant ce qui demeure inexprim\u00e9 ou non per\u00e7u\u00a0<\/strong><strong>ainsi\u00a0<\/strong><strong>qu&#8217;en connectant les initiatives au-del\u00e0 des fronti\u00e8res.<\/strong><\/p>\n<p>Les gens apporteront ensuite leurs solutions \u00e0 la \u201ccour de r\u00e9cr\u00e9ation\u201d &#8211; une toile blanche au milieu de l&#8217;espace \u2013\u00a0et feront des rapprochements entre les diff\u00e9rents enjeux et solutions de fa\u00e7on cr\u00e9ative.<\/p>\n<p><strong>Qui y assistera?<\/strong><\/p>\n<p>Bien que nos principaux auditoires seront des personnes qui ont d\u00e9velopp\u00e9 ou sont int\u00e9ress\u00e9s de participer aux initiatives civiques et cr\u00e9atives et aux r\u00e9seaux transnationaux culturels, nous inviterons \u00e9galement les personnes qui ont manifest\u00e9 de l&#8217;int\u00e9r\u00eat afin de participer dans ces initiatives.<\/p>\n<p><strong>\u00c0 propos d&#8217;Alternatives Europ\u00e9ennes<\/strong><\/p>\n<p>Alternatives Europ\u00e9ennes soutient les personnes dans l&#8217;utilisation de m\u00e9thodes cr\u00e9atives afin d&#8217;imaginer diff\u00e9rentes mani\u00e8res de vivre en Europe. Men\u00e9 par 13 groupes locaux dans toute l&#8217;Europe, son principal projet inclue : Festivals Transeuropa, Dialogues Transnationaux, et le Pacte Citoyen.<\/p>\n<p>Les anciens fondateurs ont inclus la Fondation Culturelle Allianz, la Fondation Calouste Gulbenkian, Dynamo, la Fondation Erste, la Commission Europ\u00e9enne, la Fondation Joseph Rozntree, la Fondation Mercator et l&#8217;Open Society Foundation.<\/p>\n<p><strong>\u00c0 propos de Millbank Estate<\/strong><\/p>\n<p><a href=\"http:\/\/www.millbank-emo.co.uk\/\">Millbank Estate TMO<\/a>est une organisation de gestion immobili\u00e8re communautaire leader au niveau national qui promeut le concept de TMO comme un mod\u00e8le d&#8217;apprentissage, de citoyennet\u00e9 et d&#8217;entrepreneuriat.<\/p>\n<p>En f\u00e9vrier 2014, avec le soutien de Tate Britain et\u00a0<a href=\"https:\/\/www.facebook.com\/MillbankCreativeWorks\">Societal Enterprise MCW<\/a>, elle a lanc\u00e9 le London TMO\u00a0<a href=\"mailto:Forum@MILLBAN\">Forum@MILLBAN<\/a><a href=\"mailto:Forum@MILLBANK\">K<\/a>.Cet \u00e9v\u00e9nement mensuel est soutenu par\u00a0<a href=\"http:\/\/www.nftmo.com\/\">NFTMO<\/a>, LTF, Coop-Housing et promeut le logement avant-gardiste ainsi que la r\u00e9flexion et la pratique communautaires, \u00e9galement au niveau international.<\/div>\n","protected":false},"excerpt":{"rendered":"<p>traduit par St\u00e9phane Prunet Navas Alternatives Europ\u00e9ennes,\u00a0Tate Britain,\u00a0Millbank Estate TMOet\u00a0la Facult\u00e9 d&#8217;Art et de Design de Chelseaam\u00e9nagent actuellement un Village Transeuropa qui ouvrira le 9&hellip;<\/p>\n","protected":false},"author":8,"featured_media":5634,"comment_status":"closed","ping_status":"open","sticky":false,"template":"","format":"standard","meta":{"_acf_changed":false,"footnotes":""},"categories":[1],"tags":[],"class_list":["post-5631","post","type-post","status-publish","format-standard","has-post-thumbnail","hentry","category-european-alternatives"],"acf":[],"yoast_head":"<!-- This site is optimized with the Yoast SEO plugin v24.6 - https:\/\/yoast.com\/wordpress\/plugins\/seo\/ -->\n<title>Que feriez-vous avec l&#039;espace? - European Alternatives<\/title>\n<meta name=\"robots\" content=\"index, follow, max-snippet:-1, max-image-preview:large, max-video-preview:-1\" \/>\n<link rel=\"canonical\" href=\"https:\/\/euroalter.com\/what-would-you-do-with-the-space\/\" \/>\n<meta property=\"og:locale\" content=\"it_IT\" \/>\n<meta property=\"og:type\" content=\"article\" \/>\n<meta property=\"og:title\" content=\"Que feriez-vous avec l&#039;espace? - European Alternatives\" \/>\n<meta property=\"og:description\" content=\"traduit par St\u00e9phane Prunet Navas Alternatives Europ\u00e9ennes,\u00a0Tate Britain,\u00a0Millbank Estate TMOet\u00a0la Facult\u00e9 d&#8217;Art et de Design de Chelseaam\u00e9nagent actuellement un Village Transeuropa qui ouvrira le 9&hellip;\" \/>\n<meta property=\"og:url\" content=\"https:\/\/euroalter.com\/what-would-you-do-with-the-space\/\" \/>\n<meta property=\"og:site_name\" content=\"European Alternatives\" \/>\n<meta property=\"article:published_time\" content=\"2014-04-24T10:05:16+00:00\" \/>\n<meta name=\"author\" content=\"Marta Cillero\" \/>\n<meta name=\"twitter:card\" content=\"summary_large_image\" \/>\n<meta name=\"twitter:label1\" content=\"Written by\" \/>\n\t<meta name=\"twitter:data1\" content=\"Marta Cillero\" \/>\n\t<meta name=\"twitter:label2\" content=\"Est. reading time\" \/>\n\t<meta name=\"twitter:data2\" content=\"3 minutes\" \/>\n<script type=\"application\/ld+json\" class=\"yoast-schema-graph\">{\"@context\":\"https:\/\/schema.org\",\"@graph\":[{\"@type\":\"WebPage\",\"@id\":\"https:\/\/euroalter.com\/what-would-you-do-with-the-space\/\",\"url\":\"https:\/\/euroalter.com\/what-would-you-do-with-the-space\/\",\"name\":\"Que feriez-vous avec l'espace? - European Alternatives\",\"isPartOf\":{\"@id\":\"https:\/\/euroalter.com\/#website\"},\"primaryImageOfPage\":{\"@id\":\"https:\/\/euroalter.com\/what-would-you-do-with-the-space\/#primaryimage\"},\"image\":{\"@id\":\"https:\/\/euroalter.com\/what-would-you-do-with-the-space\/#primaryimage\"},\"thumbnailUrl\":\"\",\"datePublished\":\"2014-04-24T10:05:16+00:00\",\"author\":{\"@id\":\"https:\/\/euroalter.com\/#\/schema\/person\/22a482000088767ac51a1e6286c8ad2b\"},\"breadcrumb\":{\"@id\":\"https:\/\/euroalter.com\/what-would-you-do-with-the-space\/#breadcrumb\"},\"inLanguage\":\"it-IT\",\"potentialAction\":[{\"@type\":\"ReadAction\",\"target\":[\"https:\/\/euroalter.com\/what-would-you-do-with-the-space\/\"]}]},{\"@type\":\"ImageObject\",\"inLanguage\":\"it-IT\",\"@id\":\"https:\/\/euroalter.com\/what-would-you-do-with-the-space\/#primaryimage\",\"url\":\"\",\"contentUrl\":\"\"},{\"@type\":\"BreadcrumbList\",\"@id\":\"https:\/\/euroalter.com\/what-would-you-do-with-the-space\/#breadcrumb\",\"itemListElement\":[{\"@type\":\"ListItem\",\"position\":1,\"name\":\"Home\",\"item\":\"https:\/\/euroalter.com\/it\/\"},{\"@type\":\"ListItem\",\"position\":2,\"name\":\"Que feriez-vous avec l&#8217;espace?\"}]},{\"@type\":\"WebSite\",\"@id\":\"https:\/\/euroalter.com\/#website\",\"url\":\"https:\/\/euroalter.com\/\",\"name\":\"European Alternatives\",\"description\":\"Democracy, Equality and Culture beyond the nation\",\"potentialAction\":[{\"@type\":\"SearchAction\",\"target\":{\"@type\":\"EntryPoint\",\"urlTemplate\":\"https:\/\/euroalter.com\/?s={search_term_string}\"},\"query-input\":{\"@type\":\"PropertyValueSpecification\",\"valueRequired\":true,\"valueName\":\"search_term_string\"}}],\"inLanguage\":\"it-IT\"},{\"@type\":\"Person\",\"@id\":\"https:\/\/euroalter.com\/#\/schema\/person\/22a482000088767ac51a1e6286c8ad2b\",\"name\":\"Marta Cillero\",\"image\":{\"@type\":\"ImageObject\",\"inLanguage\":\"it-IT\",\"@id\":\"https:\/\/euroalter.com\/#\/schema\/person\/image\/\",\"url\":\"https:\/\/secure.gravatar.com\/avatar\/7e23f0c5351248c4771d9928f748b58d?s=96&d=mm&r=g\",\"contentUrl\":\"https:\/\/secure.gravatar.com\/avatar\/7e23f0c5351248c4771d9928f748b58d?s=96&d=mm&r=g\",\"caption\":\"Marta Cillero\"}}]}<\/script>\n<!-- \/ Yoast SEO plugin. -->","yoast_head_json":{"title":"Que feriez-vous avec l'espace? - European Alternatives","robots":{"index":"index","follow":"follow","max-snippet":"max-snippet:-1","max-image-preview":"max-image-preview:large","max-video-preview":"max-video-preview:-1"},"canonical":"https:\/\/euroalter.com\/what-would-you-do-with-the-space\/","og_locale":"it_IT","og_type":"article","og_title":"Que feriez-vous avec l'espace? - European Alternatives","og_description":"traduit par St\u00e9phane Prunet Navas Alternatives Europ\u00e9ennes,\u00a0Tate Britain,\u00a0Millbank Estate TMOet\u00a0la Facult\u00e9 d&#8217;Art et de Design de Chelseaam\u00e9nagent actuellement un Village Transeuropa qui ouvrira le 9&hellip;","og_url":"https:\/\/euroalter.com\/what-would-you-do-with-the-space\/","og_site_name":"European Alternatives","article_published_time":"2014-04-24T10:05:16+00:00","author":"Marta Cillero","twitter_card":"summary_large_image","twitter_misc":{"Written by":"Marta Cillero","Est. reading time":"3 minutes"},"schema":{"@context":"https:\/\/schema.org","@graph":[{"@type":"WebPage","@id":"https:\/\/euroalter.com\/what-would-you-do-with-the-space\/","url":"https:\/\/euroalter.com\/what-would-you-do-with-the-space\/","name":"Que feriez-vous avec l'espace? - European Alternatives","isPartOf":{"@id":"https:\/\/euroalter.com\/#website"},"primaryImageOfPage":{"@id":"https:\/\/euroalter.com\/what-would-you-do-with-the-space\/#primaryimage"},"image":{"@id":"https:\/\/euroalter.com\/what-would-you-do-with-the-space\/#primaryimage"},"thumbnailUrl":"","datePublished":"2014-04-24T10:05:16+00:00","author":{"@id":"https:\/\/euroalter.com\/#\/schema\/person\/22a482000088767ac51a1e6286c8ad2b"},"breadcrumb":{"@id":"https:\/\/euroalter.com\/what-would-you-do-with-the-space\/#breadcrumb"},"inLanguage":"it-IT","potentialAction":[{"@type":"ReadAction","target":["https:\/\/euroalter.com\/what-would-you-do-with-the-space\/"]}]},{"@type":"ImageObject","inLanguage":"it-IT","@id":"https:\/\/euroalter.com\/what-would-you-do-with-the-space\/#primaryimage","url":"","contentUrl":""},{"@type":"BreadcrumbList","@id":"https:\/\/euroalter.com\/what-would-you-do-with-the-space\/#breadcrumb","itemListElement":[{"@type":"ListItem","position":1,"name":"Home","item":"https:\/\/euroalter.com\/it\/"},{"@type":"ListItem","position":2,"name":"Que feriez-vous avec l&#8217;espace?"}]},{"@type":"WebSite","@id":"https:\/\/euroalter.com\/#website","url":"https:\/\/euroalter.com\/","name":"European Alternatives","description":"Democracy, Equality and Culture beyond the nation","potentialAction":[{"@type":"SearchAction","target":{"@type":"EntryPoint","urlTemplate":"https:\/\/euroalter.com\/?s={search_term_string}"},"query-input":{"@type":"PropertyValueSpecification","valueRequired":true,"valueName":"search_term_string"}}],"inLanguage":"it-IT"},{"@type":"Person","@id":"https:\/\/euroalter.com\/#\/schema\/person\/22a482000088767ac51a1e6286c8ad2b","name":"Marta Cillero","image":{"@type":"ImageObject","inLanguage":"it-IT","@id":"https:\/\/euroalter.com\/#\/schema\/person\/image\/","url":"https:\/\/secure.gravatar.com\/avatar\/7e23f0c5351248c4771d9928f748b58d?s=96&d=mm&r=g","contentUrl":"https:\/\/secure.gravatar.com\/avatar\/7e23f0c5351248c4771d9928f748b58d?s=96&d=mm&r=g","caption":"Marta Cillero"}}]}},"_links":{"self":[{"href":"https:\/\/euroalter.com\/it\/wp-json\/wp\/v2\/posts\/5631","targetHints":{"allow":["GET"]}}],"collection":[{"href":"https:\/\/euroalter.com\/it\/wp-json\/wp\/v2\/posts"}],"about":[{"href":"https:\/\/euroalter.com\/it\/wp-json\/wp\/v2\/types\/post"}],"author":[{"embeddable":true,"href":"https:\/\/euroalter.com\/it\/wp-json\/wp\/v2\/users\/8"}],"replies":[{"embeddable":true,"href":"https:\/\/euroalter.com\/it\/wp-json\/wp\/v2\/comments?post=5631"}],"version-history":[{"count":0,"href":"https:\/\/euroalter.com\/it\/wp-json\/wp\/v2\/posts\/5631\/revisions"}],"wp:featuredmedia":[{"embeddable":true,"href":"https:\/\/euroalter.com\/it\/wp-json\/"}],"wp:attachment":[{"href":"https:\/\/euroalter.com\/it\/wp-json\/wp\/v2\/media?parent=5631"}],"wp:term":[{"taxonomy":"category","embeddable":true,"href":"https:\/\/euroalter.com\/it\/wp-json\/wp\/v2\/categories?post=5631"},{"taxonomy":"post_tag","embeddable":true,"href":"https:\/\/euroalter.com\/it\/wp-json\/wp\/v2\/tags?post=5631"}],"curies":[{"name":"wp","href":"https:\/\/api.w.org\/{rel}","templated":true}]}}