{"id":4368,"date":"2013-03-12T17:19:33","date_gmt":"2013-03-12T16:19:33","guid":{"rendered":"https:\/\/euroalter.local\/2013\/alternatives-europeennes-partenaire-de-la-queer-week-a-paris"},"modified":"2013-03-12T17:19:33","modified_gmt":"2013-03-12T16:19:33","slug":"alternatives-europeennes-partenaire-de-la-queer-week-a-paris","status":"publish","type":"post","link":"https:\/\/euroalter.com\/it\/alternatives-europeennes-partenaire-de-la-queer-week-a-paris\/","title":{"rendered":"Alternatives Europ\u00e9ennes partenaire de la Queer Week \u00e0 Paris"},"content":{"rendered":"<div style=\"text-align: justify;\"> \tMalgr\u00e9 l&#39;existence de nombreuses bases l\u00e9gales dans le droit communautaire cens\u00e9es garantir la non-discrimination en raison de l&#39;orientation sexuelle, nombreux sont les pays de l&#39;Union Europ\u00e9enne dans lesquels ils ne fait pas bon \u00eatre lesbienne, gay, bisexuel, transsexuel, ou queer. Depuis plusieurs ann\u00e9es, Alternatives Europ\u00e9ennes s&#39;engage pour la d\u00e9fense des droits des personnes LGBT au nom de l&#39;\u00e9galit\u00e9 et des droits fondamentaux, \u00e0 travers la publication d&#39;<a href=\"https:\/\/euroalter.com\/lgbt\/\">articles<\/a>\u00a0et brochures, la r\u00e9alisation de films de campagne (&#8220;<em><a href=\"http:\/\/www.youtube.com\/watch?v=NrJYE1zhfTo&#038;feature=plcp\">It gets better<\/a>&#8220;<\/em>, \u00e9cho europ\u00e9en au\u00a0<a href=\"http:\/\/www.itgetsbetter.org\/\">projet am\u00e9ricain<\/a>\u00a0du m\u00eame nom, et &#8220;<a href=\"http:\/\/www.youtube.com\/watch?feature=player_embedded&#038;v=cw5z33Dt59s\"><em>Recognise our marriage now!<\/em><\/a>&#8220;, pour la reconnaissance mutuelle des mariages et partenariats civils des personnes de m\u00eame sexe \u00e0 travers l&#39;Union europ\u00e9enne). Nous avons \u00e9galement organis\u00e9 une s\u00e9rie de consultations citoyennes sur les droits des personnes LGBT (\u00e0\u00a0<a href=\"https:\/\/euroalter.com\/RO\/stockholm\/events\/385\/\">Cluj-Napoca<\/a>,\u00a0<a href=\"https:\/\/euroalter.com\/network\/events\/409\/\">Sofia<\/a>,\u00a0<a href=\"https:\/\/euroalter.com\/stockholm\/events\/390\/\">Bologne<\/a>\u00a0et\u00a0<a href=\"https:\/\/euroalter.com\/network\/events\/591\/\">Brighton<\/a>) qui se poursuit en mai par une consultation \u00e0 Paris pour la journ\u00e9e internationale contre l&#39;homophobie. Pour contribuer ou recevoir plus d&#39;information sur cet \u00e9v\u00e9nement, vous pouvez nous contacter \u00e0 e.dalibot(@)euroalter.com.<\/p>\n<p> \t<img decoding=\"async\" alt=\"\" src=\"http:\/\/vm0369.cs05.seeweb.it\/images\/article_uploads\/QW4.png\" style=\"width: 200px; height: 127px; float: right; margin: 10px;\" \/>Du lundi 11 mars au jeudi 14 mars, Alternatives Europ\u00e9ennes est partenaire de la\u00a0<a href=\"http:\/\/queerweek.com\/\">Queer Week<\/a>, organis\u00e9e pour la 4<sup>e<\/sup> \u00e9dition par des \u00e9tudiants de Sciences Po Paris. Elle fut la premi\u00e8re semaine de r\u00e9flexion sur les questions de genres et sexualit\u00e9s dans une universit\u00e9 fran\u00e7aise. Au-del\u00e0 de la r\u00e9flexion, la Queer Week est un moment de d\u00e9bats et festivit\u00e9s autour des genres et sexualit\u00e9s.\u00a0L&rsquo;\u00e9dition 2013 de la Queer Week porte sur la repr\u00e9sentation Queer dans les arts, notamment la bande dessin\u00e9e, le cin\u00e9ma, la litt\u00e9rature et les arts sc\u00e9niques. Projections, ateliers de danse, d\u00e9bats, conf\u00e9rences&hellip;\u00a0: retrouvez le programme all\u00e9chant de cette semaine d&rsquo;\u00e9v\u00e9nements sur <a href=\"http:\/\/www.facebook.com\/pages\/Queer-Week-Sciences-Po\/221143071314043?fref=ts\">Facebook <\/a>ou en <a href=\"http:\/\/www.queerweek.com\/?p=events\">cliquant ici<\/a>. \u00a0 \u00a0<\/div>\n","protected":false},"excerpt":{"rendered":"<p>Malgr\u00e9 l&#39;existence de nombreuses bases l\u00e9gales dans le droit communautaire cens\u00e9es garantir la non-discrimination en raison de l&#39;orientation sexuelle, nombreux sont les pays de l&#39;Union&hellip;<\/p>\n","protected":false},"author":8,"featured_media":0,"comment_status":"open","ping_status":"open","sticky":false,"template":"","format":"standard","meta":{"_acf_changed":false,"footnotes":""},"categories":[1],"tags":[],"class_list":["post-4368","post","type-post","status-publish","format-standard","hentry","category-european-alternatives"],"acf":[],"yoast_head":"<!-- This site is optimized with the Yoast SEO plugin v24.6 - https:\/\/yoast.com\/wordpress\/plugins\/seo\/ -->\n<title>Alternatives Europ\u00e9ennes partenaire de la Queer Week \u00e0 Paris - European Alternatives<\/title>\n<meta name=\"robots\" content=\"index, follow, max-snippet:-1, max-image-preview:large, max-video-preview:-1\" \/>\n<link rel=\"canonical\" href=\"https:\/\/euroalter.com\/alternatives-europeennes-partenaire-de-la-queer-week-a-paris\/\" \/>\n<meta property=\"og:locale\" content=\"it_IT\" \/>\n<meta property=\"og:type\" content=\"article\" \/>\n<meta property=\"og:title\" content=\"Alternatives Europ\u00e9ennes partenaire de la Queer Week \u00e0 Paris - European Alternatives\" \/>\n<meta property=\"og:description\" content=\"Malgr\u00e9 l&#039;existence de nombreuses bases l\u00e9gales dans le droit communautaire cens\u00e9es garantir la non-discrimination en raison de l&#039;orientation sexuelle, nombreux sont les pays de l&#039;Union&hellip;\" \/>\n<meta property=\"og:url\" content=\"https:\/\/euroalter.com\/alternatives-europeennes-partenaire-de-la-queer-week-a-paris\/\" \/>\n<meta property=\"og:site_name\" content=\"European Alternatives\" \/>\n<meta property=\"article:published_time\" content=\"2013-03-12T16:19:33+00:00\" \/>\n<meta property=\"og:image\" content=\"http:\/\/vm0369.cs05.seeweb.it\/images\/article_uploads\/QW4.png\" \/>\n<meta name=\"author\" content=\"Marta Cillero\" \/>\n<meta name=\"twitter:card\" content=\"summary_large_image\" \/>\n<meta name=\"twitter:label1\" content=\"Written by\" \/>\n\t<meta name=\"twitter:data1\" content=\"Marta Cillero\" \/>\n\t<meta name=\"twitter:label2\" content=\"Est. reading time\" \/>\n\t<meta name=\"twitter:data2\" content=\"2 minutes\" \/>\n<script type=\"application\/ld+json\" class=\"yoast-schema-graph\">{\"@context\":\"https:\/\/schema.org\",\"@graph\":[{\"@type\":\"WebPage\",\"@id\":\"https:\/\/euroalter.com\/alternatives-europeennes-partenaire-de-la-queer-week-a-paris\/\",\"url\":\"https:\/\/euroalter.com\/alternatives-europeennes-partenaire-de-la-queer-week-a-paris\/\",\"name\":\"Alternatives Europ\u00e9ennes partenaire de la Queer Week \u00e0 Paris - European Alternatives\",\"isPartOf\":{\"@id\":\"https:\/\/euroalter.com\/#website\"},\"primaryImageOfPage\":{\"@id\":\"https:\/\/euroalter.com\/alternatives-europeennes-partenaire-de-la-queer-week-a-paris\/#primaryimage\"},\"image\":{\"@id\":\"https:\/\/euroalter.com\/alternatives-europeennes-partenaire-de-la-queer-week-a-paris\/#primaryimage\"},\"thumbnailUrl\":\"http:\/\/vm0369.cs05.seeweb.it\/images\/article_uploads\/QW4.png\",\"datePublished\":\"2013-03-12T16:19:33+00:00\",\"author\":{\"@id\":\"https:\/\/euroalter.com\/#\/schema\/person\/22a482000088767ac51a1e6286c8ad2b\"},\"breadcrumb\":{\"@id\":\"https:\/\/euroalter.com\/alternatives-europeennes-partenaire-de-la-queer-week-a-paris\/#breadcrumb\"},\"inLanguage\":\"it-IT\",\"potentialAction\":[{\"@type\":\"ReadAction\",\"target\":[\"https:\/\/euroalter.com\/alternatives-europeennes-partenaire-de-la-queer-week-a-paris\/\"]}]},{\"@type\":\"ImageObject\",\"inLanguage\":\"it-IT\",\"@id\":\"https:\/\/euroalter.com\/alternatives-europeennes-partenaire-de-la-queer-week-a-paris\/#primaryimage\",\"url\":\"http:\/\/vm0369.cs05.seeweb.it\/images\/article_uploads\/QW4.png\",\"contentUrl\":\"http:\/\/vm0369.cs05.seeweb.it\/images\/article_uploads\/QW4.png\"},{\"@type\":\"BreadcrumbList\",\"@id\":\"https:\/\/euroalter.com\/alternatives-europeennes-partenaire-de-la-queer-week-a-paris\/#breadcrumb\",\"itemListElement\":[{\"@type\":\"ListItem\",\"position\":1,\"name\":\"Home\",\"item\":\"https:\/\/euroalter.com\/it\/\"},{\"@type\":\"ListItem\",\"position\":2,\"name\":\"Alternatives Europ\u00e9ennes partenaire de la Queer Week \u00e0 Paris\"}]},{\"@type\":\"WebSite\",\"@id\":\"https:\/\/euroalter.com\/#website\",\"url\":\"https:\/\/euroalter.com\/\",\"name\":\"European Alternatives\",\"description\":\"Democracy, Equality and Culture beyond the nation\",\"potentialAction\":[{\"@type\":\"SearchAction\",\"target\":{\"@type\":\"EntryPoint\",\"urlTemplate\":\"https:\/\/euroalter.com\/?s={search_term_string}\"},\"query-input\":{\"@type\":\"PropertyValueSpecification\",\"valueRequired\":true,\"valueName\":\"search_term_string\"}}],\"inLanguage\":\"it-IT\"},{\"@type\":\"Person\",\"@id\":\"https:\/\/euroalter.com\/#\/schema\/person\/22a482000088767ac51a1e6286c8ad2b\",\"name\":\"Marta Cillero\",\"image\":{\"@type\":\"ImageObject\",\"inLanguage\":\"it-IT\",\"@id\":\"https:\/\/euroalter.com\/#\/schema\/person\/image\/\",\"url\":\"https:\/\/secure.gravatar.com\/avatar\/7e23f0c5351248c4771d9928f748b58d?s=96&d=mm&r=g\",\"contentUrl\":\"https:\/\/secure.gravatar.com\/avatar\/7e23f0c5351248c4771d9928f748b58d?s=96&d=mm&r=g\",\"caption\":\"Marta Cillero\"}}]}<\/script>\n<!-- \/ Yoast SEO plugin. -->","yoast_head_json":{"title":"Alternatives Europ\u00e9ennes partenaire de la Queer Week \u00e0 Paris - European Alternatives","robots":{"index":"index","follow":"follow","max-snippet":"max-snippet:-1","max-image-preview":"max-image-preview:large","max-video-preview":"max-video-preview:-1"},"canonical":"https:\/\/euroalter.com\/alternatives-europeennes-partenaire-de-la-queer-week-a-paris\/","og_locale":"it_IT","og_type":"article","og_title":"Alternatives Europ\u00e9ennes partenaire de la Queer Week \u00e0 Paris - European Alternatives","og_description":"Malgr\u00e9 l&#39;existence de nombreuses bases l\u00e9gales dans le droit communautaire cens\u00e9es garantir la non-discrimination en raison de l&#39;orientation sexuelle, nombreux sont les pays de l&#39;Union&hellip;","og_url":"https:\/\/euroalter.com\/alternatives-europeennes-partenaire-de-la-queer-week-a-paris\/","og_site_name":"European Alternatives","article_published_time":"2013-03-12T16:19:33+00:00","og_image":[{"url":"http:\/\/vm0369.cs05.seeweb.it\/images\/article_uploads\/QW4.png","type":"","width":"","height":""}],"author":"Marta Cillero","twitter_card":"summary_large_image","twitter_misc":{"Written by":"Marta Cillero","Est. reading time":"2 minutes"},"schema":{"@context":"https:\/\/schema.org","@graph":[{"@type":"WebPage","@id":"https:\/\/euroalter.com\/alternatives-europeennes-partenaire-de-la-queer-week-a-paris\/","url":"https:\/\/euroalter.com\/alternatives-europeennes-partenaire-de-la-queer-week-a-paris\/","name":"Alternatives Europ\u00e9ennes partenaire de la Queer Week \u00e0 Paris - European Alternatives","isPartOf":{"@id":"https:\/\/euroalter.com\/#website"},"primaryImageOfPage":{"@id":"https:\/\/euroalter.com\/alternatives-europeennes-partenaire-de-la-queer-week-a-paris\/#primaryimage"},"image":{"@id":"https:\/\/euroalter.com\/alternatives-europeennes-partenaire-de-la-queer-week-a-paris\/#primaryimage"},"thumbnailUrl":"http:\/\/vm0369.cs05.seeweb.it\/images\/article_uploads\/QW4.png","datePublished":"2013-03-12T16:19:33+00:00","author":{"@id":"https:\/\/euroalter.com\/#\/schema\/person\/22a482000088767ac51a1e6286c8ad2b"},"breadcrumb":{"@id":"https:\/\/euroalter.com\/alternatives-europeennes-partenaire-de-la-queer-week-a-paris\/#breadcrumb"},"inLanguage":"it-IT","potentialAction":[{"@type":"ReadAction","target":["https:\/\/euroalter.com\/alternatives-europeennes-partenaire-de-la-queer-week-a-paris\/"]}]},{"@type":"ImageObject","inLanguage":"it-IT","@id":"https:\/\/euroalter.com\/alternatives-europeennes-partenaire-de-la-queer-week-a-paris\/#primaryimage","url":"http:\/\/vm0369.cs05.seeweb.it\/images\/article_uploads\/QW4.png","contentUrl":"http:\/\/vm0369.cs05.seeweb.it\/images\/article_uploads\/QW4.png"},{"@type":"BreadcrumbList","@id":"https:\/\/euroalter.com\/alternatives-europeennes-partenaire-de-la-queer-week-a-paris\/#breadcrumb","itemListElement":[{"@type":"ListItem","position":1,"name":"Home","item":"https:\/\/euroalter.com\/it\/"},{"@type":"ListItem","position":2,"name":"Alternatives Europ\u00e9ennes partenaire de la Queer Week \u00e0 Paris"}]},{"@type":"WebSite","@id":"https:\/\/euroalter.com\/#website","url":"https:\/\/euroalter.com\/","name":"European Alternatives","description":"Democracy, Equality and Culture beyond the nation","potentialAction":[{"@type":"SearchAction","target":{"@type":"EntryPoint","urlTemplate":"https:\/\/euroalter.com\/?s={search_term_string}"},"query-input":{"@type":"PropertyValueSpecification","valueRequired":true,"valueName":"search_term_string"}}],"inLanguage":"it-IT"},{"@type":"Person","@id":"https:\/\/euroalter.com\/#\/schema\/person\/22a482000088767ac51a1e6286c8ad2b","name":"Marta Cillero","image":{"@type":"ImageObject","inLanguage":"it-IT","@id":"https:\/\/euroalter.com\/#\/schema\/person\/image\/","url":"https:\/\/secure.gravatar.com\/avatar\/7e23f0c5351248c4771d9928f748b58d?s=96&d=mm&r=g","contentUrl":"https:\/\/secure.gravatar.com\/avatar\/7e23f0c5351248c4771d9928f748b58d?s=96&d=mm&r=g","caption":"Marta Cillero"}}]}},"_links":{"self":[{"href":"https:\/\/euroalter.com\/it\/wp-json\/wp\/v2\/posts\/4368","targetHints":{"allow":["GET"]}}],"collection":[{"href":"https:\/\/euroalter.com\/it\/wp-json\/wp\/v2\/posts"}],"about":[{"href":"https:\/\/euroalter.com\/it\/wp-json\/wp\/v2\/types\/post"}],"author":[{"embeddable":true,"href":"https:\/\/euroalter.com\/it\/wp-json\/wp\/v2\/users\/8"}],"replies":[{"embeddable":true,"href":"https:\/\/euroalter.com\/it\/wp-json\/wp\/v2\/comments?post=4368"}],"version-history":[{"count":0,"href":"https:\/\/euroalter.com\/it\/wp-json\/wp\/v2\/posts\/4368\/revisions"}],"wp:attachment":[{"href":"https:\/\/euroalter.com\/it\/wp-json\/wp\/v2\/media?parent=4368"}],"wp:term":[{"taxonomy":"category","embeddable":true,"href":"https:\/\/euroalter.com\/it\/wp-json\/wp\/v2\/categories?post=4368"},{"taxonomy":"post_tag","embeddable":true,"href":"https:\/\/euroalter.com\/it\/wp-json\/wp\/v2\/tags?post=4368"}],"curies":[{"name":"wp","href":"https:\/\/api.w.org\/{rel}","templated":true}]}}