{"id":4296,"date":"2012-02-01T11:23:22","date_gmt":"2012-02-01T10:23:22","guid":{"rendered":"https:\/\/euroalter.local\/2012\/forum-europeen-a-rome-revenu-minimum-biens-communs-et-democratie"},"modified":"2012-02-01T11:23:22","modified_gmt":"2012-02-01T10:23:22","slug":"forum-europeen-a-rome-revenu-minimum-biens-communs-et-democratie","status":"publish","type":"post","link":"https:\/\/euroalter.com\/it\/forum-europeen-a-rome-revenu-minimum-biens-communs-et-democratie\/","title":{"rendered":"Forum Europ\u00e9en \u00e0 Rome: Revenu Minimum, Biens Communs et D\u00e9mocratie"},"content":{"rendered":"<div style=\"text-align: center;\"> \t<img decoding=\"async\" alt=\"\" src=\"http:\/\/vm0369.cs05.seeweb.it\/images\/article_uploads\/teatro valle1.jpg\" style=\"width: 516px; height: 341px;\" \/><\/div>\n<p> <strong>Du 10 au 12 F\u00e9vrier \u00e0 Rome, Teatro Valle<\/strong><\/p>\n<p> Dans toute l&rsquo;Europe, nous sommes t\u00e9moins de transferts importants de ressources passant de la sph\u00e8re publique \u00e0 la sph\u00e8re priv\u00e9e. Les r\u00e9ponses politiques aux crises se caract\u00e9risent par des mesures d&rsquo;aust\u00e9rit\u00e9 et des\u00a0 coupes dans les d\u00e9penses sociales, et pr\u00e9cipitent par cons\u00e9quent un peu plus l&rsquo;Europe dans la r\u00e9cession.<\/p>\n<p> De la Gr\u00e8ce \u00e0 l&rsquo;Espagne, de Londres \u00e0 Rome, le peuple europ\u00e9en prend progressivement conscience du besoin de d\u00e9velopper un mod\u00e8le diff\u00e9rent de mondialisation. Des citoyens qui r\u00e9sistent \u00e0 la privatisation des ressources (par exemple en Italie, avec le referendum sur l&rsquo;eau et en ce moment en Romanie) aux r\u00e9centes occupations collectives des places publiques contre le n\u00e9olib\u00e9ralisme (par exemple au Royaume-Uni et en Espagne), c&rsquo;est le moment de construire une Europe alternative qui ne soit pas un produit des politiques n\u00e9olib\u00e9rales mais bien l&rsquo;expression politique des citoyens europ\u00e9ens.<\/p>\n<p> Dans ce contexte, plus de 40 organisations, r\u00e9seaux et mouvements sociaux de 8 pays europ\u00e9ens se rassembleront dans le th\u00e9\u00e2tre Valle de 600 places \u00e0 Rome, afin d&rsquo;organiser un front commun pour construire un mod\u00e8le europ\u00e9en alternatif. Ce forum de trois jours se concentrera sur la construction de campagnes communes transnationales sur les th\u00e9matiques des <strong>Biens Communs<\/strong> et d&rsquo;un <strong>Revenu minimum garanti<\/strong>, ainsi que sur la lutte contre la pr\u00e9carit\u00e9, en utilisant la nouvelle m\u00e9thode de l&rsquo;Initiative citoyenne europ\u00e9enne.\u00a0 Cet \u00e9v\u00e8nement sera une r\u00e9elle opportunit\u00e9 de cr\u00e9er des r\u00e9seaux et des campagnes europ\u00e9ennes qui se concr\u00e9tiseront lors des prochaines rencontres en Espagne, au Royaume-Uni, en Roumanie, en Bulgarie et en France dans les mois qui viennent, afin de poursuivre le travail commenc\u00e9 \u00e0 Rome. L&rsquo;accent mis sur des campagnes concr\u00e8tes \u00e0 mettre en &oelig;uvre permettra d&rsquo;engager une r\u00e9flexion sur la r\u00e9vision des trait\u00e9s de l&rsquo;Union Europ\u00e9enne, afin de proposer une vision alternative de l&rsquo;Europe.<\/p>\n<p> Une Initiative citoyenne europ\u00e9enne en faveur d&rsquo;une Charte Europ\u00e9enne des biens communs a \u00e9t\u00e9 engag\u00e9e par l&rsquo;Autorit\u00e9 Locale des Biens Communs au sein de la municipalit\u00e9 de Naples. Des propositions pour initier une Initiative sur le Revenu minimum ont \u00e9t\u00e9 pr\u00e9sent\u00e9es, parmi d&rsquo;autres, par le r\u00e9seau Basic Income, suite aux propositions avanc\u00e9es par le Parlement Europ\u00e9en en Octobre 2010.<\/p>\n<p> Le forum de Rome est organis\u00e9 par Alternatives Europ\u00e9ennes, l&rsquo;Universit\u00e9 Internationale de Turin, le Th\u00e9\u00e2tre Valle, le Centro Studi per l&#39;Alternativa Comune, la Municipalit\u00e9 de Naples, ARCI, Il Manifesto, le r\u00e9seau Basic Income, Tilt, Rete della Conoscenza, Cilap-eapn, Altramente, Osservatorio Europa, MFE.<\/p>\n<p> <strong>Pour plus d&rsquo;informations et pour consulter l&rsquo;agenda:<\/strong><\/p>\n<p> https:\/\/euroalter.com\/ppp\/events\/474\/<\/p>\n<p> https:\/\/www.facebook.com\/events\/327663140601532\/<\/p>\n","protected":false},"excerpt":{"rendered":"<p>Du 10 au 12 F\u00e9vrier \u00e0 Rome, Teatro Valle Dans toute l&rsquo;Europe, nous sommes t\u00e9moins de transferts importants de ressources passant de la sph\u00e8re publique&hellip;<\/p>\n","protected":false},"author":8,"featured_media":0,"comment_status":"open","ping_status":"open","sticky":false,"template":"","format":"standard","meta":{"_acf_changed":false,"footnotes":""},"categories":[1],"tags":[77,175],"class_list":["post-4296","post","type-post","status-publish","format-standard","hentry","category-european-alternatives","tag-commons","tag-income-fr"],"acf":[],"yoast_head":"<!-- This site is optimized with the Yoast SEO plugin v24.6 - https:\/\/yoast.com\/wordpress\/plugins\/seo\/ -->\n<title>Forum Europ\u00e9en \u00e0 Rome: Revenu Minimum, Biens Communs et D\u00e9mocratie - European Alternatives<\/title>\n<meta name=\"robots\" content=\"index, follow, max-snippet:-1, max-image-preview:large, max-video-preview:-1\" \/>\n<link rel=\"canonical\" href=\"https:\/\/euroalter.com\/forum-europeen-a-rome-revenu-minimum-biens-communs-et-democratie\/\" \/>\n<meta property=\"og:locale\" content=\"it_IT\" \/>\n<meta property=\"og:type\" content=\"article\" \/>\n<meta property=\"og:title\" content=\"Forum Europ\u00e9en \u00e0 Rome: Revenu Minimum, Biens Communs et D\u00e9mocratie - European Alternatives\" \/>\n<meta property=\"og:description\" content=\"Du 10 au 12 F\u00e9vrier \u00e0 Rome, Teatro Valle Dans toute l&rsquo;Europe, nous sommes t\u00e9moins de transferts importants de ressources passant de la sph\u00e8re publique&hellip;\" \/>\n<meta property=\"og:url\" content=\"https:\/\/euroalter.com\/forum-europeen-a-rome-revenu-minimum-biens-communs-et-democratie\/\" \/>\n<meta property=\"og:site_name\" content=\"European Alternatives\" \/>\n<meta property=\"article:published_time\" content=\"2012-02-01T10:23:22+00:00\" \/>\n<meta name=\"author\" content=\"Marta Cillero\" \/>\n<meta name=\"twitter:card\" content=\"summary_large_image\" \/>\n<meta name=\"twitter:label1\" content=\"Written by\" \/>\n\t<meta name=\"twitter:data1\" content=\"Marta Cillero\" \/>\n\t<meta name=\"twitter:label2\" content=\"Est. reading time\" \/>\n\t<meta name=\"twitter:data2\" content=\"3 minutes\" \/>\n<script type=\"application\/ld+json\" class=\"yoast-schema-graph\">{\"@context\":\"https:\/\/schema.org\",\"@graph\":[{\"@type\":\"WebPage\",\"@id\":\"https:\/\/euroalter.com\/forum-europeen-a-rome-revenu-minimum-biens-communs-et-democratie\/\",\"url\":\"https:\/\/euroalter.com\/forum-europeen-a-rome-revenu-minimum-biens-communs-et-democratie\/\",\"name\":\"Forum Europ\u00e9en \u00e0 Rome: Revenu Minimum, Biens Communs et D\u00e9mocratie - European Alternatives\",\"isPartOf\":{\"@id\":\"https:\/\/euroalter.com\/#website\"},\"datePublished\":\"2012-02-01T10:23:22+00:00\",\"author\":{\"@id\":\"https:\/\/euroalter.com\/#\/schema\/person\/22a482000088767ac51a1e6286c8ad2b\"},\"breadcrumb\":{\"@id\":\"https:\/\/euroalter.com\/forum-europeen-a-rome-revenu-minimum-biens-communs-et-democratie\/#breadcrumb\"},\"inLanguage\":\"it-IT\",\"potentialAction\":[{\"@type\":\"ReadAction\",\"target\":[\"https:\/\/euroalter.com\/forum-europeen-a-rome-revenu-minimum-biens-communs-et-democratie\/\"]}]},{\"@type\":\"BreadcrumbList\",\"@id\":\"https:\/\/euroalter.com\/forum-europeen-a-rome-revenu-minimum-biens-communs-et-democratie\/#breadcrumb\",\"itemListElement\":[{\"@type\":\"ListItem\",\"position\":1,\"name\":\"Home\",\"item\":\"https:\/\/euroalter.com\/it\/\"},{\"@type\":\"ListItem\",\"position\":2,\"name\":\"Forum Europ\u00e9en \u00e0 Rome: Revenu Minimum, Biens Communs et D\u00e9mocratie\"}]},{\"@type\":\"WebSite\",\"@id\":\"https:\/\/euroalter.com\/#website\",\"url\":\"https:\/\/euroalter.com\/\",\"name\":\"European Alternatives\",\"description\":\"Democracy, Equality and Culture beyond the nation\",\"potentialAction\":[{\"@type\":\"SearchAction\",\"target\":{\"@type\":\"EntryPoint\",\"urlTemplate\":\"https:\/\/euroalter.com\/?s={search_term_string}\"},\"query-input\":{\"@type\":\"PropertyValueSpecification\",\"valueRequired\":true,\"valueName\":\"search_term_string\"}}],\"inLanguage\":\"it-IT\"},{\"@type\":\"Person\",\"@id\":\"https:\/\/euroalter.com\/#\/schema\/person\/22a482000088767ac51a1e6286c8ad2b\",\"name\":\"Marta Cillero\",\"image\":{\"@type\":\"ImageObject\",\"inLanguage\":\"it-IT\",\"@id\":\"https:\/\/euroalter.com\/#\/schema\/person\/image\/\",\"url\":\"https:\/\/secure.gravatar.com\/avatar\/7e23f0c5351248c4771d9928f748b58d?s=96&d=mm&r=g\",\"contentUrl\":\"https:\/\/secure.gravatar.com\/avatar\/7e23f0c5351248c4771d9928f748b58d?s=96&d=mm&r=g\",\"caption\":\"Marta Cillero\"}}]}<\/script>\n<!-- \/ Yoast SEO plugin. -->","yoast_head_json":{"title":"Forum Europ\u00e9en \u00e0 Rome: Revenu Minimum, Biens Communs et D\u00e9mocratie - European Alternatives","robots":{"index":"index","follow":"follow","max-snippet":"max-snippet:-1","max-image-preview":"max-image-preview:large","max-video-preview":"max-video-preview:-1"},"canonical":"https:\/\/euroalter.com\/forum-europeen-a-rome-revenu-minimum-biens-communs-et-democratie\/","og_locale":"it_IT","og_type":"article","og_title":"Forum Europ\u00e9en \u00e0 Rome: Revenu Minimum, Biens Communs et D\u00e9mocratie - European Alternatives","og_description":"Du 10 au 12 F\u00e9vrier \u00e0 Rome, Teatro Valle Dans toute l&rsquo;Europe, nous sommes t\u00e9moins de transferts importants de ressources passant de la sph\u00e8re publique&hellip;","og_url":"https:\/\/euroalter.com\/forum-europeen-a-rome-revenu-minimum-biens-communs-et-democratie\/","og_site_name":"European Alternatives","article_published_time":"2012-02-01T10:23:22+00:00","author":"Marta Cillero","twitter_card":"summary_large_image","twitter_misc":{"Written by":"Marta Cillero","Est. reading time":"3 minutes"},"schema":{"@context":"https:\/\/schema.org","@graph":[{"@type":"WebPage","@id":"https:\/\/euroalter.com\/forum-europeen-a-rome-revenu-minimum-biens-communs-et-democratie\/","url":"https:\/\/euroalter.com\/forum-europeen-a-rome-revenu-minimum-biens-communs-et-democratie\/","name":"Forum Europ\u00e9en \u00e0 Rome: Revenu Minimum, Biens Communs et D\u00e9mocratie - European Alternatives","isPartOf":{"@id":"https:\/\/euroalter.com\/#website"},"datePublished":"2012-02-01T10:23:22+00:00","author":{"@id":"https:\/\/euroalter.com\/#\/schema\/person\/22a482000088767ac51a1e6286c8ad2b"},"breadcrumb":{"@id":"https:\/\/euroalter.com\/forum-europeen-a-rome-revenu-minimum-biens-communs-et-democratie\/#breadcrumb"},"inLanguage":"it-IT","potentialAction":[{"@type":"ReadAction","target":["https:\/\/euroalter.com\/forum-europeen-a-rome-revenu-minimum-biens-communs-et-democratie\/"]}]},{"@type":"BreadcrumbList","@id":"https:\/\/euroalter.com\/forum-europeen-a-rome-revenu-minimum-biens-communs-et-democratie\/#breadcrumb","itemListElement":[{"@type":"ListItem","position":1,"name":"Home","item":"https:\/\/euroalter.com\/it\/"},{"@type":"ListItem","position":2,"name":"Forum Europ\u00e9en \u00e0 Rome: Revenu Minimum, Biens Communs et D\u00e9mocratie"}]},{"@type":"WebSite","@id":"https:\/\/euroalter.com\/#website","url":"https:\/\/euroalter.com\/","name":"European Alternatives","description":"Democracy, Equality and Culture beyond the nation","potentialAction":[{"@type":"SearchAction","target":{"@type":"EntryPoint","urlTemplate":"https:\/\/euroalter.com\/?s={search_term_string}"},"query-input":{"@type":"PropertyValueSpecification","valueRequired":true,"valueName":"search_term_string"}}],"inLanguage":"it-IT"},{"@type":"Person","@id":"https:\/\/euroalter.com\/#\/schema\/person\/22a482000088767ac51a1e6286c8ad2b","name":"Marta Cillero","image":{"@type":"ImageObject","inLanguage":"it-IT","@id":"https:\/\/euroalter.com\/#\/schema\/person\/image\/","url":"https:\/\/secure.gravatar.com\/avatar\/7e23f0c5351248c4771d9928f748b58d?s=96&d=mm&r=g","contentUrl":"https:\/\/secure.gravatar.com\/avatar\/7e23f0c5351248c4771d9928f748b58d?s=96&d=mm&r=g","caption":"Marta Cillero"}}]}},"_links":{"self":[{"href":"https:\/\/euroalter.com\/it\/wp-json\/wp\/v2\/posts\/4296","targetHints":{"allow":["GET"]}}],"collection":[{"href":"https:\/\/euroalter.com\/it\/wp-json\/wp\/v2\/posts"}],"about":[{"href":"https:\/\/euroalter.com\/it\/wp-json\/wp\/v2\/types\/post"}],"author":[{"embeddable":true,"href":"https:\/\/euroalter.com\/it\/wp-json\/wp\/v2\/users\/8"}],"replies":[{"embeddable":true,"href":"https:\/\/euroalter.com\/it\/wp-json\/wp\/v2\/comments?post=4296"}],"version-history":[{"count":0,"href":"https:\/\/euroalter.com\/it\/wp-json\/wp\/v2\/posts\/4296\/revisions"}],"wp:attachment":[{"href":"https:\/\/euroalter.com\/it\/wp-json\/wp\/v2\/media?parent=4296"}],"wp:term":[{"taxonomy":"category","embeddable":true,"href":"https:\/\/euroalter.com\/it\/wp-json\/wp\/v2\/categories?post=4296"},{"taxonomy":"post_tag","embeddable":true,"href":"https:\/\/euroalter.com\/it\/wp-json\/wp\/v2\/tags?post=4296"}],"curies":[{"name":"wp","href":"https:\/\/api.w.org\/{rel}","templated":true}]}}