{"id":4244,"date":"2011-05-02T15:13:10","date_gmt":"2011-05-02T13:13:10","guid":{"rendered":"https:\/\/euroalter.local\/2011\/promenade-urbaine-dans-le-paris-multiculturel-en-savoir-plus"},"modified":"2011-05-02T15:13:10","modified_gmt":"2011-05-02T13:13:10","slug":"promenade-urbaine-dans-le-paris-multiculturel-en-savoir-plus","status":"publish","type":"post","link":"https:\/\/euroalter.com\/it\/promenade-urbaine-dans-le-paris-multiculturel-en-savoir-plus\/","title":{"rendered":"Promenade urbaine dans le Paris multiculturel : en savoir plus"},"content":{"rendered":"<div style=\"text-align: center;\"> \t<strong>Promenade urbaine dans le Paris multiculturel<\/strong><\/p>\n<p> \t<img decoding=\"async\" alt=\"\" src=\"http:\/\/vm0369.cs05.seeweb.it\/images\/article_uploads\/188103_168458886536862_6372459_n.jpg\" style=\"width: 200px; height: 150px;\" \/><\/div>\n<p> \u00a0<br \/> \u00a0<br \/> Promenade urbaine avec le g\u00e9ographe et urbaniste Vasoodeven Vuddamalay dans les quartiers indien, tamoul, pakistanais et africain de la Chapelle et de la Goutte d&rsquo;Or samedi 7 mai de 16h \u00e0 18h<br \/> Inscription \u00e0 <a href=\"mailto:paris@euroalter.com\">paris@euroalter.com<\/a><br \/> Intervenant : Vasoodeven Vuddamalay, g\u00e9ographe et urbaniste<\/p>\n<p> T\u00e9l\u00e9chargez la carte de la Goutte d&#39;Or <a href=\"http:\/\/vm0369.cs05.seeweb.it\/images\/article_uploads\/Carte_Goutte_d'Or.pdf\">ici<\/a> (extraite de <a href=\"http:\/\/www.scienceshumaines.com\/en-territoire-tamoul-a-paris-un-quartier-ethnique-au-metro-la-chapelle_fr_22903.html\"><em>En territoire tamoul \u00e0 Paris<\/em><\/a>, de Aude Mary)<\/p>\n<p> \u00a0<br \/> <strong>Ouvrages<\/strong><br \/> \u00a0<br \/> Aude, M., <em>En territoire tamoul \u00e0 Paris. Un quartier ethnique au m\u00e9tro La Chapelle,<\/em> Autrement, 2008<br \/> \u00a0<br \/> Blanchard P., Deroo \u00c9., El Yazami D., Fourni\u00e9 P. et Manceron G., <em>Le Paris arab<\/em>e, La D\u00e9couverte, 2003.<br \/> \u00a0<br \/> Blanchard P. (dir) et Bancel N. en collaboration avec Lemaire S., <em>Culture postcoloniale<\/em> <em>(1961-2006), traces et m\u00e9moires coloniales en France<\/em>, Autrement, \u00ab M\u00e9moires \/ Histoire \u00bb.<br \/> \u00a0<br \/> Benguigui Y, <em>M\u00e9moires D&#39;immigr\u00e9s &#8211; L&#39;h\u00e9ritage Maghr\u00e9bin, <\/em>Albin Michel, 2000<br \/> \u00a0<br \/> Boubeker A., Hajjat A, et Collectif, <em>Histoire politique des immigrations<\/em><br \/> <em>(post)coloniales : France, 1920-2008<\/em><strong>, <\/strong>Editions Amsterdam, 2008<br \/> \u00a0<br \/> Stora B. Lecl\u00e9re T. <em>La guerre des m\u00e9moires<\/em>, <em>la France face \u00e0 son pass\u00e9 colonial,<\/em><br \/> Ed. de l&rsquo;Aube, La Tour-d&#39;Aigues (Vaucluse) avril 2007<br \/> \u00a0<br \/> Todd Emmanuel, <em>Le destin des immigr\u00e9s, Assimilation et s\u00e9gr\u00e9gation dans les d\u00e9mocraties occidentales<\/em>, Edition du Seuil, 1994<br \/> \u00a0<br \/> \u00a0<br \/> <strong>Articles en ligne<\/strong><br \/> \u00a0<br \/> Dossier sur les diasporas indiennes dans la ville de Paris co-ordonn\u00e9 par Catherine Servran-Schreiber\u00a0: <a href=\"http:\/\/www.hommes-et-migrations.fr\/index.php?\/numeros\/4834-diasporas-indiennes-dans-la-ville\">http:\/\/www.hommes-et-migrations.fr\/index.php?\/numeros\/4834-diasporas-indiennes-dans-la-ville<\/a><br \/> \u00a0<br \/> <em>Le tr\u00e9sor cach\u00e9 du Quartier indien\u00a0: esquisse ethnographique d&rsquo;une centralit\u00e9 minoritaire parisienne<\/em>, article de Graham Jones\u00a0: <u>http:\/\/remi.revues.org\/3005<\/u><br \/> \u00a0<br \/> Article anthropologique et sociologique sur le quartier de Ch\u00e2teau rouge que l&#39;auteur de l&#39;article\u00a0d\u00e9finit comme une centralit\u00e9 africaine \u00e0 Paris\u00a0: <a href=\"http:\/\/hal.archives-ouvertes.fr\/docs\/00\/04\/12\/13\/PDF\/CR-article-S_Bouly.pdf\">http:\/\/hal.archives-ouvertes.fr\/docs\/00\/04\/12\/13\/PDF\/CR-article-S_Bouly.pdf<\/a><br \/> \u00a0<br \/> Redefining Boundaries? The Case of South Asian Muslims in Paris&rsquo; <em>quartier indien<\/em> : <a href=\"http:\/\/samaj.revues.org\/index119.html\">http:\/\/samaj.revues.org\/index119.html<\/a><br \/> \u00a0<br \/> \u00a0<br \/> <strong>Sites Internet<\/strong><br \/> \u00a0<br \/> Retour historique sur l&#39;immigration dans le quartier de la goutte d&#39;or\u00a0: <a href=\"http:\/\/www.parisbalades.com\/arrond\/18\/18ebarbes.htm\">http:\/\/www.parisbalades.com\/arrond\/18\/18ebarbes.htm<\/a>\u00a0<br \/> \u00a0<br \/> Le caf\u00e9 social: Lieu de rencontre pour aider l&rsquo;int\u00e9gration sociale de migrants \u00e2g\u00e9s dans le 18e arrondissement&ndash; cr\u00e9\u00e9 par l&rsquo;association Ayem Zamen\u00a0: <a href=\"http:\/\/www.cafesocial.org\/\">http:\/\/www.cafesocial.org\/<\/a><br \/> \u00a0<br \/> Blog de La Goutte d&rsquo;Or &ndash; tr\u00e9sor cache de Paris Nord. Vous trouverez une pr\u00e9sentation du quartier ainsi que des articles sur des coins int\u00e9ressant du quartier par exemple l&rsquo;Eglise Saint Bernard de la Chapelle\u00a0qui a vu au fil des ann\u00e9es plusieurs manifestations, y compris l&rsquo;occupation par des s\u00e9n\u00e9galais et maliens sans-papiers et qui repr\u00e9sente la c&oelig;ur de la vie associative du quartier\u00a0: <a href=\"http:\/\/lagouttedor-tresorcachedeparis-nord.over-blog.com\/pages\/presentation-du-quartier-2965349.html\">http:\/\/lagouttedor-tresorcachedeparis-nord.over-blog.com\/pages\/presentation-du-quartier-2965349.html<\/a><br \/> \u00a0<br \/> \u00a0<br \/> <strong>Document sonore<\/strong><br \/> \u00a0<br \/> &#8220;L\u00e0-bas si j&rsquo;y suis&#8221;, une \u00e9mission France Inter de Daniel Mermet,<a href=\"http:\/\/www.la-bas.org\/article.php3?id_article=470&#038;var_recherche=Paris+arabe\"> <em>Le Paris arabe (1)<\/em><\/a><br \/> avec Pascal Blanchard, Eric Deroo et Driss El Yazami, mardi 7 septembre 2004<br \/> \u00a0<br \/> <strong>Expositions<\/strong><br \/> \u00a0<br \/> Exposition permanente de la <a href=\"http:\/\/www.histoire-immigration.fr\/\">CNHI<\/a> (Cit\u00e9 nationale de l&#39;histoire de l&#39;immigration)<br \/> Palais de la Porte Dor\u00e9e,<br \/> 293, avenue Daumesnil,<br \/> 75012 Paris<\/p>\n","protected":false},"excerpt":{"rendered":"<p>Promenade urbaine dans le Paris multiculturel \u00a0 \u00a0 Promenade urbaine avec le g\u00e9ographe et urbaniste Vasoodeven Vuddamalay dans les quartiers indien, tamoul, pakistanais et africain&hellip;<\/p>\n","protected":false},"author":8,"featured_media":0,"comment_status":"open","ping_status":"open","sticky":false,"template":"","format":"standard","meta":{"_acf_changed":false,"footnotes":""},"categories":[1],"tags":[],"class_list":["post-4244","post","type-post","status-publish","format-standard","hentry","category-european-alternatives"],"acf":[],"yoast_head":"<!-- This site is optimized with the Yoast SEO plugin v24.6 - https:\/\/yoast.com\/wordpress\/plugins\/seo\/ -->\n<title>Promenade urbaine dans le Paris multiculturel : en savoir plus - European Alternatives<\/title>\n<meta name=\"robots\" content=\"index, follow, max-snippet:-1, max-image-preview:large, max-video-preview:-1\" \/>\n<link rel=\"canonical\" href=\"https:\/\/euroalter.com\/promenade-urbaine-dans-le-paris-multiculturel-en-savoir-plus\/\" \/>\n<meta property=\"og:locale\" content=\"it_IT\" \/>\n<meta property=\"og:type\" content=\"article\" \/>\n<meta property=\"og:title\" content=\"Promenade urbaine dans le Paris multiculturel : en savoir plus - European Alternatives\" \/>\n<meta property=\"og:description\" content=\"Promenade urbaine dans le Paris multiculturel \u00a0 \u00a0 Promenade urbaine avec le g\u00e9ographe et urbaniste Vasoodeven Vuddamalay dans les quartiers indien, tamoul, pakistanais et africain&hellip;\" \/>\n<meta property=\"og:url\" content=\"https:\/\/euroalter.com\/promenade-urbaine-dans-le-paris-multiculturel-en-savoir-plus\/\" \/>\n<meta property=\"og:site_name\" content=\"European Alternatives\" \/>\n<meta property=\"article:published_time\" content=\"2011-05-02T13:13:10+00:00\" \/>\n<meta property=\"og:image\" content=\"http:\/\/vm0369.cs05.seeweb.it\/images\/article_uploads\/188103_168458886536862_6372459_n.jpg\" \/>\n<meta name=\"author\" content=\"Marta Cillero\" \/>\n<meta name=\"twitter:card\" content=\"summary_large_image\" \/>\n<meta name=\"twitter:label1\" content=\"Written by\" \/>\n\t<meta name=\"twitter:data1\" content=\"Marta Cillero\" \/>\n\t<meta name=\"twitter:label2\" content=\"Est. reading time\" \/>\n\t<meta name=\"twitter:data2\" content=\"2 minutes\" \/>\n<script type=\"application\/ld+json\" class=\"yoast-schema-graph\">{\"@context\":\"https:\/\/schema.org\",\"@graph\":[{\"@type\":\"WebPage\",\"@id\":\"https:\/\/euroalter.com\/promenade-urbaine-dans-le-paris-multiculturel-en-savoir-plus\/\",\"url\":\"https:\/\/euroalter.com\/promenade-urbaine-dans-le-paris-multiculturel-en-savoir-plus\/\",\"name\":\"Promenade urbaine dans le Paris multiculturel : en savoir plus - European Alternatives\",\"isPartOf\":{\"@id\":\"https:\/\/euroalter.com\/#website\"},\"primaryImageOfPage\":{\"@id\":\"https:\/\/euroalter.com\/promenade-urbaine-dans-le-paris-multiculturel-en-savoir-plus\/#primaryimage\"},\"image\":{\"@id\":\"https:\/\/euroalter.com\/promenade-urbaine-dans-le-paris-multiculturel-en-savoir-plus\/#primaryimage\"},\"thumbnailUrl\":\"http:\/\/vm0369.cs05.seeweb.it\/images\/article_uploads\/188103_168458886536862_6372459_n.jpg\",\"datePublished\":\"2011-05-02T13:13:10+00:00\",\"author\":{\"@id\":\"https:\/\/euroalter.com\/#\/schema\/person\/22a482000088767ac51a1e6286c8ad2b\"},\"breadcrumb\":{\"@id\":\"https:\/\/euroalter.com\/promenade-urbaine-dans-le-paris-multiculturel-en-savoir-plus\/#breadcrumb\"},\"inLanguage\":\"it-IT\",\"potentialAction\":[{\"@type\":\"ReadAction\",\"target\":[\"https:\/\/euroalter.com\/promenade-urbaine-dans-le-paris-multiculturel-en-savoir-plus\/\"]}]},{\"@type\":\"ImageObject\",\"inLanguage\":\"it-IT\",\"@id\":\"https:\/\/euroalter.com\/promenade-urbaine-dans-le-paris-multiculturel-en-savoir-plus\/#primaryimage\",\"url\":\"http:\/\/vm0369.cs05.seeweb.it\/images\/article_uploads\/188103_168458886536862_6372459_n.jpg\",\"contentUrl\":\"http:\/\/vm0369.cs05.seeweb.it\/images\/article_uploads\/188103_168458886536862_6372459_n.jpg\"},{\"@type\":\"BreadcrumbList\",\"@id\":\"https:\/\/euroalter.com\/promenade-urbaine-dans-le-paris-multiculturel-en-savoir-plus\/#breadcrumb\",\"itemListElement\":[{\"@type\":\"ListItem\",\"position\":1,\"name\":\"Home\",\"item\":\"https:\/\/euroalter.com\/it\/\"},{\"@type\":\"ListItem\",\"position\":2,\"name\":\"Promenade urbaine dans le Paris multiculturel : en savoir plus\"}]},{\"@type\":\"WebSite\",\"@id\":\"https:\/\/euroalter.com\/#website\",\"url\":\"https:\/\/euroalter.com\/\",\"name\":\"European Alternatives\",\"description\":\"Democracy, Equality and Culture beyond the nation\",\"potentialAction\":[{\"@type\":\"SearchAction\",\"target\":{\"@type\":\"EntryPoint\",\"urlTemplate\":\"https:\/\/euroalter.com\/?s={search_term_string}\"},\"query-input\":{\"@type\":\"PropertyValueSpecification\",\"valueRequired\":true,\"valueName\":\"search_term_string\"}}],\"inLanguage\":\"it-IT\"},{\"@type\":\"Person\",\"@id\":\"https:\/\/euroalter.com\/#\/schema\/person\/22a482000088767ac51a1e6286c8ad2b\",\"name\":\"Marta Cillero\",\"image\":{\"@type\":\"ImageObject\",\"inLanguage\":\"it-IT\",\"@id\":\"https:\/\/euroalter.com\/#\/schema\/person\/image\/\",\"url\":\"https:\/\/secure.gravatar.com\/avatar\/7e23f0c5351248c4771d9928f748b58d?s=96&d=mm&r=g\",\"contentUrl\":\"https:\/\/secure.gravatar.com\/avatar\/7e23f0c5351248c4771d9928f748b58d?s=96&d=mm&r=g\",\"caption\":\"Marta Cillero\"}}]}<\/script>\n<!-- \/ Yoast SEO plugin. -->","yoast_head_json":{"title":"Promenade urbaine dans le Paris multiculturel : en savoir plus - European Alternatives","robots":{"index":"index","follow":"follow","max-snippet":"max-snippet:-1","max-image-preview":"max-image-preview:large","max-video-preview":"max-video-preview:-1"},"canonical":"https:\/\/euroalter.com\/promenade-urbaine-dans-le-paris-multiculturel-en-savoir-plus\/","og_locale":"it_IT","og_type":"article","og_title":"Promenade urbaine dans le Paris multiculturel : en savoir plus - European Alternatives","og_description":"Promenade urbaine dans le Paris multiculturel \u00a0 \u00a0 Promenade urbaine avec le g\u00e9ographe et urbaniste Vasoodeven Vuddamalay dans les quartiers indien, tamoul, pakistanais et africain&hellip;","og_url":"https:\/\/euroalter.com\/promenade-urbaine-dans-le-paris-multiculturel-en-savoir-plus\/","og_site_name":"European Alternatives","article_published_time":"2011-05-02T13:13:10+00:00","og_image":[{"url":"http:\/\/vm0369.cs05.seeweb.it\/images\/article_uploads\/188103_168458886536862_6372459_n.jpg","type":"","width":"","height":""}],"author":"Marta Cillero","twitter_card":"summary_large_image","twitter_misc":{"Written by":"Marta Cillero","Est. reading time":"2 minutes"},"schema":{"@context":"https:\/\/schema.org","@graph":[{"@type":"WebPage","@id":"https:\/\/euroalter.com\/promenade-urbaine-dans-le-paris-multiculturel-en-savoir-plus\/","url":"https:\/\/euroalter.com\/promenade-urbaine-dans-le-paris-multiculturel-en-savoir-plus\/","name":"Promenade urbaine dans le Paris multiculturel : en savoir plus - European Alternatives","isPartOf":{"@id":"https:\/\/euroalter.com\/#website"},"primaryImageOfPage":{"@id":"https:\/\/euroalter.com\/promenade-urbaine-dans-le-paris-multiculturel-en-savoir-plus\/#primaryimage"},"image":{"@id":"https:\/\/euroalter.com\/promenade-urbaine-dans-le-paris-multiculturel-en-savoir-plus\/#primaryimage"},"thumbnailUrl":"http:\/\/vm0369.cs05.seeweb.it\/images\/article_uploads\/188103_168458886536862_6372459_n.jpg","datePublished":"2011-05-02T13:13:10+00:00","author":{"@id":"https:\/\/euroalter.com\/#\/schema\/person\/22a482000088767ac51a1e6286c8ad2b"},"breadcrumb":{"@id":"https:\/\/euroalter.com\/promenade-urbaine-dans-le-paris-multiculturel-en-savoir-plus\/#breadcrumb"},"inLanguage":"it-IT","potentialAction":[{"@type":"ReadAction","target":["https:\/\/euroalter.com\/promenade-urbaine-dans-le-paris-multiculturel-en-savoir-plus\/"]}]},{"@type":"ImageObject","inLanguage":"it-IT","@id":"https:\/\/euroalter.com\/promenade-urbaine-dans-le-paris-multiculturel-en-savoir-plus\/#primaryimage","url":"http:\/\/vm0369.cs05.seeweb.it\/images\/article_uploads\/188103_168458886536862_6372459_n.jpg","contentUrl":"http:\/\/vm0369.cs05.seeweb.it\/images\/article_uploads\/188103_168458886536862_6372459_n.jpg"},{"@type":"BreadcrumbList","@id":"https:\/\/euroalter.com\/promenade-urbaine-dans-le-paris-multiculturel-en-savoir-plus\/#breadcrumb","itemListElement":[{"@type":"ListItem","position":1,"name":"Home","item":"https:\/\/euroalter.com\/it\/"},{"@type":"ListItem","position":2,"name":"Promenade urbaine dans le Paris multiculturel : en savoir plus"}]},{"@type":"WebSite","@id":"https:\/\/euroalter.com\/#website","url":"https:\/\/euroalter.com\/","name":"European Alternatives","description":"Democracy, Equality and Culture beyond the nation","potentialAction":[{"@type":"SearchAction","target":{"@type":"EntryPoint","urlTemplate":"https:\/\/euroalter.com\/?s={search_term_string}"},"query-input":{"@type":"PropertyValueSpecification","valueRequired":true,"valueName":"search_term_string"}}],"inLanguage":"it-IT"},{"@type":"Person","@id":"https:\/\/euroalter.com\/#\/schema\/person\/22a482000088767ac51a1e6286c8ad2b","name":"Marta Cillero","image":{"@type":"ImageObject","inLanguage":"it-IT","@id":"https:\/\/euroalter.com\/#\/schema\/person\/image\/","url":"https:\/\/secure.gravatar.com\/avatar\/7e23f0c5351248c4771d9928f748b58d?s=96&d=mm&r=g","contentUrl":"https:\/\/secure.gravatar.com\/avatar\/7e23f0c5351248c4771d9928f748b58d?s=96&d=mm&r=g","caption":"Marta Cillero"}}]}},"_links":{"self":[{"href":"https:\/\/euroalter.com\/it\/wp-json\/wp\/v2\/posts\/4244","targetHints":{"allow":["GET"]}}],"collection":[{"href":"https:\/\/euroalter.com\/it\/wp-json\/wp\/v2\/posts"}],"about":[{"href":"https:\/\/euroalter.com\/it\/wp-json\/wp\/v2\/types\/post"}],"author":[{"embeddable":true,"href":"https:\/\/euroalter.com\/it\/wp-json\/wp\/v2\/users\/8"}],"replies":[{"embeddable":true,"href":"https:\/\/euroalter.com\/it\/wp-json\/wp\/v2\/comments?post=4244"}],"version-history":[{"count":0,"href":"https:\/\/euroalter.com\/it\/wp-json\/wp\/v2\/posts\/4244\/revisions"}],"wp:attachment":[{"href":"https:\/\/euroalter.com\/it\/wp-json\/wp\/v2\/media?parent=4244"}],"wp:term":[{"taxonomy":"category","embeddable":true,"href":"https:\/\/euroalter.com\/it\/wp-json\/wp\/v2\/categories?post=4244"},{"taxonomy":"post_tag","embeddable":true,"href":"https:\/\/euroalter.com\/it\/wp-json\/wp\/v2\/tags?post=4244"}],"curies":[{"name":"wp","href":"https:\/\/api.w.org\/{rel}","templated":true}]}}