{"id":4162,"date":"2013-02-12T12:17:44","date_gmt":"2013-02-12T11:17:44","guid":{"rendered":"https:\/\/euroalter.local\/2013\/transeuropa-2012-i-primi-risultati-uno-spazio-comune-per-alternative-europee"},"modified":"2013-02-12T12:17:44","modified_gmt":"2013-02-12T11:17:44","slug":"transeuropa-2012-i-primi-risultati-uno-spazio-comune-per-alternative-europee","status":"publish","type":"post","link":"https:\/\/euroalter.com\/it\/transeuropa-2012-i-primi-risultati-uno-spazio-comune-per-alternative-europee\/","title":{"rendered":"Transeuropa 2012, i primi risultati: uno spazio comune per alternative europee"},"content":{"rendered":"<p style=\"text-align: justify;\"> \t<span style=\"text-align: justify;\">Il\u00a0<\/span><a href=\"http:\/\/transeuropafestival.eu\/?lang=it\" style=\"text-align: justify;\"><strong>Transeuropa Festival<\/strong><\/a><span style=\"text-align: justify;\">, nel suo percorso dal 9 maggio al 3 giugno, ha toccato\u00a0<\/span><strong style=\"text-align: justify;\">le questioni pi\u00f9 urgenti che l&rsquo;Europa si trova ad affrontare<\/strong><span style=\"text-align: justify;\">: la crisi economica e l&rsquo;austerit\u00e0, le nuove forme di partecipazione democratica e la mobilit\u00e0 e le migrazioni che attraversano l&rsquo;Europa. L&rsquo;edizione del 2012 ha avuto\u00a0<\/span><strong style=\"text-align: justify;\">un successo straordinario<\/strong><span style=\"text-align: justify;\">, con pi\u00f9 di 15.000 partecipanti in tutta Europa. Grazie al suo programma ricco, diversificato e innovativo, Transeuropa Festival ha avuto una\u00a0<\/span><strong style=\"text-align: justify;\">vasta copertura mediatica<\/strong><span style=\"text-align: justify;\">, che ha raggiunto persino la Cina!\u00a0<\/span><a href=\"http:\/\/transeuropafestival.eu\/press-3?lang=it\" style=\"text-align: justify;\">Qui<\/a><span style=\"text-align: justify;\">\u00a0puoi trovare un assaggio della rassegna stampa del Festival.<\/span><\/p>\n<p style=\"text-align: justify;\"> \tIl Transeuropa Festival ha trovato la sua forza nei\u00a0<strong>formati e metodi creativi<\/strong>\u00a0proposti nel corso di eventi che hanno coinvolto e mobilitato i partecipanti nella ricerca ed elaborazione di proposte alternative comuni per l&rsquo;Europa.<\/p>\n<p style=\"text-align: justify;\"> \tEcco alcuni dei primi risultati del festival!<\/p>\n<p style=\"text-align: justify;\"> \t<span style=\"font-size: 14px;\"><span style=\"color: rgb(178, 34, 34);\"><strong>Camminate transnazionali per inaugurare uno spazio transnazionale comune<\/strong><\/span><\/span><\/p>\n<p style=\"text-align: justify;\"> \t<strong>La camminata transnazionale<\/strong>\u00a0del 9 maggio ha unito tutte le citt\u00e0 in uno spazio transnazionale. I partecipanti sono andati alla scoperta di luoghi inaspettati nelle loro citt\u00e0, accompagnati da giochi urbani, installazioni artistiche, performance e racconti di cantastorie e attori.<\/p>\n<p style=\"text-align: center;\"> \t<span style=\"font-family: arial,helvetica,sans-serif;\">\u00a0<\/span><img decoding=\"async\" alt=\"\" src=\"http:\/\/vm0369.cs05.seeweb.it\/images\/article_uploads\/01_Cluj_walk.jpg\" style=\"font-family: arial,helvetica,sans-serif; width: 457px; height: 233px;\" \/>\u00a0 \u00a0<\/p>\n<p style=\"text-align: center;\"> \t<strong>Camminata transnazionale<\/strong>\u00a0 \u00a0 \u00a0<\/p>\n<p style=\"text-align: center;\"> \t<img decoding=\"async\" alt=\"\" src=\"http:\/\/vm0369.cs05.seeweb.it\/images\/article_uploads\/14_bologna_walk.jpg\" style=\"font-family: arial,helvetica,sans-serif; width: 460px; height: 214px;\" \/>\u00a0 \u00a0\u00a0<\/p>\n<hr \/>\n<p style=\"text-align: justify;\"> \t<span style=\"color: rgb(178, 34, 34);\"><span style=\"font-size: 14px;\"><strong>Libri parlanti attraverso il continente<\/strong><\/span><\/span><\/p>\n<p style=\"text-align: justify;\"> \tTra gli eventi pi\u00f9 apprezzati del Festival, si sono svolte\u00a0<strong>biblioteche viventi<\/strong>\u00a0a Bologna, Barcellona, Parigi, Cluj-Napoca, Varsavia, Cardiff. Le biblioteche contenevano &ldquo;cataloghi&rdquo; di libri viventi, persone che hanno raccontato le loro storie, prevalentemente sui temi della migrazione e dell&rsquo;attivismo civico. Puoi vedere le biblioteche all&rsquo;opera in questi video da\u00a0<a href=\"http:\/\/transeuropafestival.eu\/multimedia\/video?city=cardiff&#038;offset=&#038;paging=&#038;lang=\">Cardiff<\/a>,\u00a0<a href=\"http:\/\/www.dailymotion.com\/video\/xrosw7_transeuropa-festival-cluj-2012_news?from_fb_popup=1&#038;error_reason=user_denied&#038;error=access_denied&#038;error_description=The+user+denied+your+request.#_=_\">Cluj-Napoca<\/a>\u00a0e\u00a0<a href=\"http:\/\/transeuropafestival.eu\/multimedia\/video?city=paris&#038;offset=&#038;paging=&#038;lang=\">Parigi<\/a>.<\/p>\n<hr \/>\n<p style=\"text-align: justify;\"> \t<span style=\"color: rgb(178, 34, 34);\"><span style=\"font-size: 14px;\"><strong>Arte e immaginazione attivista<\/strong><\/span><\/span><\/p>\n<p style=\"text-align: justify;\"> \tIl Festival ha ospitato vari eventi artistici che hanno richiesto l&rsquo;attiva partecipazione del pubblico.<strong>\u00a0Tania Bruguera<\/strong>\u00a0a Parigi ha letto il\u00a0<a href=\"http:\/\/www.taniabruguera.com\/cms\/562-0-Migrant+Manifesto.htm\"><em>Migrants Manifesto<\/em><\/a>\u00a0di fronte alla chiesa Saint Bernard, un luogo simbolico della violenza contro i migranti;\u00a0<strong>un gruppo di artisti cinesi<\/strong>, in viaggio tra Roma e Bologna, \u00e8 stato coinvolto in un dibattito con curatori locali e ha organizzato una performance nello spazio pubblico (<a href=\"https:\/\/euroalter.com\/IT\/2012\/seduti-sui-cuscini-tra-europa-e-cina\/\">leggi un articolo<\/a>);\u00a0<strong>Hiwa K<\/strong>\u00a0a Berlino ha invitato il pubblico all&rsquo;evento\u00a0<strong>&ldquo;Cooking with Mama&rdquo;,\u00a0<\/strong>durante il quale l&rsquo;artista e i partecipanti hanno cucinato seguendo le istruzioni via skype della madre dell&rsquo;artista che si trova in Iraq;\u00a0<strong>Dan Perjovschi<\/strong>\u00a0ha selezionato e realizzato specificamente per Transeuropa una serie di disegni che sono stati usati per illustrare il Transeuropa Journal e che l&rsquo;artista ha commentato durante l&rsquo;Agor\u00e0 Transeuropa a Roma<span style=\"font-family: arial,sans-serif; font-size: 13px;\">.<\/span><\/p>\n<p style=\"text-align: center;\"> \t<img decoding=\"async\" alt=\"\" src=\"http:\/\/vm0369.cs05.seeweb.it\/images\/article_uploads\/02_perjovschi.jpg\" style=\"font-family: arial,helvetica,sans-serif; width: 380px; height: 251px;\" \/><\/p>\n<p style=\"text-align: center;\"> \t<strong>Dan Perjovschi all&rsquo;Agor\u00e0 Transeuropa<\/strong><\/p>\n<p style=\"text-align: justify;\"> \tIl programma di brevi film sperimentali\u00a0<strong>Histoire(s)<\/strong>, curato dalla Cin\u00e9math\u00e8que de Tanger, \u00e8 stato proiettato in molte citt\u00e0 del Festival, accompagnato da dibattiti che hanno spaziato dalla sperimentazione artistica in Nord Africa a discussioni sulla democrazia in Europa, in Nord Africa e in Medio Oriente. Per saperne di pi\u00f9, guarda i video dei dibattiti a\u00a0<a href=\"http:\/\/transeuropafestival.eu\/multimedia\/video?city=bratislava&#038;offset=&#038;paging=&#038;lang=\">Bratislava<\/a>\u00a0(in slovacco) e\u00a0<a href=\"http:\/\/transeuropafestival.eu\/multimedia\/video?city=paris&#038;offset=&#038;paging=&#038;lang=\">Parigi<\/a>\u00a0(in francese).<\/p>\n<p style=\"text-align: justify;\"> \tIl Festival ha anche ospitato\u00a0<strong>concerti<\/strong>\u00a0e\u00a0<strong>performance teatrali e musicali<\/strong>, che hanno dato l&rsquo;opportunit\u00e0 di sperimentare nuovi modi di stare assieme.<\/p>\n<p style=\"text-align: center;\"> \t<img decoding=\"async\" alt=\"\" src=\"http:\/\/vm0369.cs05.seeweb.it\/images\/article_uploads\/warsaw_performance.jpg\" style=\"font-family: arial,helvetica,sans-serif; width: 500px; height: 220px;\" \/><\/p>\n<p style=\"text-align: center;\"> \t<strong>Performance a Varsavia<\/strong><\/p>\n<hr \/>\n<p style=\"text-align: justify;\"> \t<span style=\"color: rgb(178, 34, 34);\"><span style=\"font-size: 14px;\"><strong>Uno spazio di dibattito aperto a nuove idee<\/strong><\/span><\/span><\/p>\n<p style=\"text-align: justify;\"> \tIl Festival ha dato la possibilit\u00e0 di scambiare idee, prospettive e proposte con riconosciuti pensatori e filosofi, attraverso conferenze e interviste, come quelle di\u00a0<strong>Franco BIFO Berardi\u00a0<\/strong>sulla riattivazione culturale del corpo sociale (a\u00a0<a href=\"http:\/\/transeuropafestival.eu\/multimedia\/video?city=sofia&#038;offset=&#038;paging=&#038;lang=\">Sofia<\/a>\u00a0e a Roma),\u00a0<strong>Guy Standing\u00a0<\/strong>sulla precariet\u00e0 a Londra e a Roma (<a href=\"https:\/\/euroalter.com\/2012\/three-questions-to-guy-standing\/\">leggi l&rsquo;intervista<\/a>), e\u00a0<strong>Niko Paech<\/strong>\u00a0a Berlino sulle alternative alla crescita.<\/p>\n<p style=\"text-align: justify;\"> \tMa oltre alle conferenze, al cuore di Transeuropa 2012 ci sono stati\u00a0<strong>seminari e assemblee<\/strong>\u00a0che hanno riunito attivisti, pensatori e artisti da tutta Europa, inclusi Serbia e Montenegro, per progettare azioni comuni.<\/p>\n<hr \/>\n<p style=\"text-align: justify;\"> \t<span style=\"color: rgb(178, 34, 34);\"><span style=\"font-size: 14px;\"><strong>Proposte per il cambiamento: i beni comuni<\/strong><\/span><\/span><\/p>\n<p style=\"text-align: justify;\"> \tIl concetto dei beni comuni si \u00e8 rivelato cruciale per creare sinergie tra vari movimenti, come l&rsquo;attivismo contro l&rsquo;estrazione di gas naturale, il movimento dell&rsquo;acqua, le lotte ambientaliste o la battaglia per il riconoscimento della cultura come bene comune, come quella portata avanti dal Teatro Valle di Roma. Un\u00a0<strong>caravan dei beni comuni<\/strong>\u00a0ha portato artisti del Teatro Valle Occupato in molte citt\u00e0 del Festival: Sofia, Belgrado, Cluj-Napoca, Rosia Montana e Berlino.\u00a0<a href=\"http:\/\/eros.teatrovalleoccupato.it\/\">Leggi il taccuino di viaggio<\/a><span style=\"font-family: arial,helvetica,sans-serif;\">.<\/span><\/p>\n<hr \/>\n<p style=\"text-align: justify;\"> \t<span style=\"color: rgb(178, 34, 34);\"><span style=\"font-size: 14px;\"><strong>Crisi economica e democratica: alla ricerca di alternative<\/strong><\/span><\/span><\/p>\n<p style=\"text-align: justify;\"> \tIn tutte le citt\u00e0 del Festival sono state discusse\u00a0<strong>possibili alternative alle misure di austerit\u00e0<\/strong>: dalla messa in atto di tasse sulle transazioni finanziarie e controlli cittadini sul debito pubblico, alla ricerca di altre possibili forme di scambio, come la banca del tempo o le monete alternative.<\/p>\n<p style=\"text-align: justify;\"> \tA Londra queste discussioni si sono svolte nel corso di un forum sull&rsquo;economia europea, che ha sottolineato il legame tra deficit economico e democratico e ha allargato i temi di dibattito, con un focus sui Balcani (<a href=\"https:\/\/euroalter.com\/2012\/from-the-democratic-deficit-to-a-democratic-default\/\">leggi un articolo<\/a>\u00a0di Giandomenico Majone); a Praga e Bratislava dibattiti sul\u00a0<strong>bilancio partecipato<\/strong>\u00a0hanno proposto nuovi modi di gestire il bilancio municipale<span style=\"font-family: arial,helvetica,sans-serif;\">.<\/span><\/p>\n<hr \/>\n<p style=\"text-align: justify;\"> \t<span style=\"color: rgb(178, 34, 34);\"><span style=\"font-size: 14px;\"><strong>Superare la detenzione per migranti<\/strong><\/span><\/span><\/p>\n<p style=\"text-align: justify;\"> \tA Bologna, Parigi, Sofia e Amsterdam sono stati organizzati eventi &ndash; nell&rsquo;ambito della campagna\u00a0<a href=\"http:\/\/www.openaccessnow.eu\/it\/\">Open Access Now<\/a>\u00a0&ndash; per denunciare la detenzione dei migranti in Europa. A Bologna un forum nazionale ha riunito attivisti e organizzazioni per discutere possibili\u00a0<strong>metodi alternativi per la gestione dei flussi migratori che non implichino la criminalizzazione dei migranti<\/strong>\u00a0&ndash; con l&rsquo;impegno a continuare a ricercarli e promuoverli, al tempo stesso richiedendo l&rsquo;accesso ai centri detenzione per societ\u00e0 civile e giornalisti (come obiettivo a medio termine) e la chiusura dei centri detenzione (come obiettivo a lungo termine).<\/p>\n<hr \/>\n<p style=\"text-align: justify;\"> \t<span style=\"color: rgb(178, 34, 34);\"><span style=\"font-size: 14px;\"><strong>Aprire uno spazio transnazionale, oltre i confini europei<\/strong><\/span><\/span><\/p>\n<p style=\"text-align: justify;\"> \tLo\u00a0<strong>scambio tra le citt\u00e0<\/strong>\u00a0\u00e8 stato un elemento fondamentale del Festival, e si \u00e8 concretizzato attraverso\u00a0<strong>eventi comuni<\/strong>\u00a0come la camminata e il programma di proiezioni, che hanno dato un&rsquo;unit\u00e0 altamente simbolica a un territorio altrimenti disperso; attraverso la\u00a0<strong>circolazione di relatori, attivisti e artisti<\/strong>\u00a0tra le diverse citt\u00e0 del Festival; grazie agli scambi di idee attraverso\u00a0<strong>Skype, Twitter, email e Facebook<\/strong>. L&rsquo;edizione 2012 del Transeuropa Festival si \u00e8 chiusa il 2 e il 3 giugno a Roma presso il Teatro Valle, con l&rsquo;<a href=\"https:\/\/euroalter.com\/network\/events\/545\/\"><strong>Agor\u00e0 Transeuropa<\/strong><\/a>\u00a0che ha visto la partecipazione di persone coinvolte in tutte le citt\u00e0 e attivit\u00e0 del Festival.<\/p>\n<p style=\"text-align: center;\"> \t<img decoding=\"async\" alt=\"\" src=\"http:\/\/vm0369.cs05.seeweb.it\/images\/article_uploads\/Agora.jpg\" style=\"font-family: arial,helvetica,sans-serif; width: 420px; height: 281px;\" \/>\u00a0\u00a0<\/p>\n<p style=\"text-align: center;\"> \t<strong>Agor\u00e0 Transeuropa a Roma<\/strong><\/p>\n<hr \/>\n<p style=\"text-align: justify;\"> \tIl fulcro dello scambio transnazionale del Festival \u00e8 rappresentato dal\u00a0<a href=\"https:\/\/euroalter.com\/IT\/network\/\">Transeuropa Network<\/a>\u00a0e dai gruppi locali di European Alternatives, che si sono mobilitati dialogando nel corso dell&rsquo;anno, prendendo parte all&rsquo;ideazione, organizzazione e realizzazione di un programma realmente transnazionale, che ha reso Transeuropa una\u00a0<strong>piattaforma di discussione, sperimentazione e proposta<\/strong>, per andare oltre le consuete percezioni dell&rsquo;Europa.<\/p>\n<p style=\"text-align: justify;\"> \t<em>Nelle prossime settimane saranno pubblicati nuovi articoli sui risultati del Festival &ndash; tieni d&rsquo;occhio\u00a0<\/em><a href=\"https:\/\/euroalter.com\/IT\/\"><em>il sito di European Alternatives<\/em><\/a><em>!<\/em><em style=\"font-family: arial,helvetica,sans-serif;\">\u00a0<\/em><\/p>\n<p style=\"text-align: justify;\"> \t<em>Per percorrere il Festival in immagini, guarda\u00a0<\/em><a href=\"http:\/\/transeuropafestival.eu\/multimedia-3\/gallery?lang=it\"><em>la galleria di foto<\/em><\/a><em>. Per leggere il programma, interviste e articoli di approfondimento, scarica il\u00a0<\/em><a href=\"http:\/\/transeuropafestival.eu\/wp-content\/themes\/transeuropa-1.0\/pdf\/journalSPREAD.pdf\"><em>Transeuropa Journal<\/em><\/a><em>.<\/em><\/p>\n","protected":false},"excerpt":{"rendered":"<p>Il\u00a0Transeuropa Festival, nel suo percorso dal 9 maggio al 3 giugno, ha toccato\u00a0le questioni pi\u00f9 urgenti che l&rsquo;Europa si trova ad affrontare: la crisi economica&hellip;<\/p>\n","protected":false},"author":8,"featured_media":0,"comment_status":"open","ping_status":"open","sticky":false,"template":"","format":"standard","meta":{"_acf_changed":false,"footnotes":""},"categories":[1],"tags":[206],"class_list":["post-4162","post","type-post","status-publish","format-standard","hentry","category-european-alternatives","tag-festival"],"acf":[],"yoast_head":"<!-- This site is optimized with the Yoast SEO plugin v24.6 - https:\/\/yoast.com\/wordpress\/plugins\/seo\/ -->\n<title>Transeuropa 2012, i primi risultati: uno spazio comune per alternative europee - European Alternatives<\/title>\n<meta name=\"robots\" content=\"index, follow, max-snippet:-1, max-image-preview:large, max-video-preview:-1\" \/>\n<link rel=\"canonical\" href=\"https:\/\/euroalter.com\/transeuropa-2012-i-primi-risultati-uno-spazio-comune-per-alternative-europee\/\" \/>\n<meta property=\"og:locale\" content=\"it_IT\" \/>\n<meta property=\"og:type\" content=\"article\" \/>\n<meta property=\"og:title\" content=\"Transeuropa 2012, i primi risultati: uno spazio comune per alternative europee - European Alternatives\" \/>\n<meta property=\"og:description\" content=\"Il\u00a0Transeuropa Festival, nel suo percorso dal 9 maggio al 3 giugno, ha toccato\u00a0le questioni pi\u00f9 urgenti che l&rsquo;Europa si trova ad affrontare: la crisi economica&hellip;\" \/>\n<meta property=\"og:url\" content=\"https:\/\/euroalter.com\/transeuropa-2012-i-primi-risultati-uno-spazio-comune-per-alternative-europee\/\" \/>\n<meta property=\"og:site_name\" content=\"European Alternatives\" \/>\n<meta property=\"article:published_time\" content=\"2013-02-12T11:17:44+00:00\" \/>\n<meta property=\"og:image\" content=\"http:\/\/vm0369.cs05.seeweb.it\/images\/article_uploads\/01_Cluj_walk.jpg\" \/>\n<meta name=\"author\" content=\"Marta Cillero\" \/>\n<meta name=\"twitter:card\" content=\"summary_large_image\" \/>\n<meta name=\"twitter:label1\" content=\"Written by\" \/>\n\t<meta name=\"twitter:data1\" content=\"Marta Cillero\" \/>\n\t<meta name=\"twitter:label2\" content=\"Est. reading time\" \/>\n\t<meta name=\"twitter:data2\" content=\"6 minutes\" \/>\n<script type=\"application\/ld+json\" class=\"yoast-schema-graph\">{\"@context\":\"https:\/\/schema.org\",\"@graph\":[{\"@type\":\"WebPage\",\"@id\":\"https:\/\/euroalter.com\/transeuropa-2012-i-primi-risultati-uno-spazio-comune-per-alternative-europee\/\",\"url\":\"https:\/\/euroalter.com\/transeuropa-2012-i-primi-risultati-uno-spazio-comune-per-alternative-europee\/\",\"name\":\"Transeuropa 2012, i primi risultati: uno spazio comune per alternative europee - European Alternatives\",\"isPartOf\":{\"@id\":\"https:\/\/euroalter.com\/#website\"},\"primaryImageOfPage\":{\"@id\":\"https:\/\/euroalter.com\/transeuropa-2012-i-primi-risultati-uno-spazio-comune-per-alternative-europee\/#primaryimage\"},\"image\":{\"@id\":\"https:\/\/euroalter.com\/transeuropa-2012-i-primi-risultati-uno-spazio-comune-per-alternative-europee\/#primaryimage\"},\"thumbnailUrl\":\"http:\/\/vm0369.cs05.seeweb.it\/images\/article_uploads\/01_Cluj_walk.jpg\",\"datePublished\":\"2013-02-12T11:17:44+00:00\",\"author\":{\"@id\":\"https:\/\/euroalter.com\/#\/schema\/person\/22a482000088767ac51a1e6286c8ad2b\"},\"breadcrumb\":{\"@id\":\"https:\/\/euroalter.com\/transeuropa-2012-i-primi-risultati-uno-spazio-comune-per-alternative-europee\/#breadcrumb\"},\"inLanguage\":\"it-IT\",\"potentialAction\":[{\"@type\":\"ReadAction\",\"target\":[\"https:\/\/euroalter.com\/transeuropa-2012-i-primi-risultati-uno-spazio-comune-per-alternative-europee\/\"]}]},{\"@type\":\"ImageObject\",\"inLanguage\":\"it-IT\",\"@id\":\"https:\/\/euroalter.com\/transeuropa-2012-i-primi-risultati-uno-spazio-comune-per-alternative-europee\/#primaryimage\",\"url\":\"http:\/\/vm0369.cs05.seeweb.it\/images\/article_uploads\/01_Cluj_walk.jpg\",\"contentUrl\":\"http:\/\/vm0369.cs05.seeweb.it\/images\/article_uploads\/01_Cluj_walk.jpg\"},{\"@type\":\"BreadcrumbList\",\"@id\":\"https:\/\/euroalter.com\/transeuropa-2012-i-primi-risultati-uno-spazio-comune-per-alternative-europee\/#breadcrumb\",\"itemListElement\":[{\"@type\":\"ListItem\",\"position\":1,\"name\":\"Home\",\"item\":\"https:\/\/euroalter.com\/it\/\"},{\"@type\":\"ListItem\",\"position\":2,\"name\":\"Transeuropa 2012, i primi risultati: uno spazio comune per alternative europee\"}]},{\"@type\":\"WebSite\",\"@id\":\"https:\/\/euroalter.com\/#website\",\"url\":\"https:\/\/euroalter.com\/\",\"name\":\"European Alternatives\",\"description\":\"Democracy, Equality and Culture beyond the nation\",\"potentialAction\":[{\"@type\":\"SearchAction\",\"target\":{\"@type\":\"EntryPoint\",\"urlTemplate\":\"https:\/\/euroalter.com\/?s={search_term_string}\"},\"query-input\":{\"@type\":\"PropertyValueSpecification\",\"valueRequired\":true,\"valueName\":\"search_term_string\"}}],\"inLanguage\":\"it-IT\"},{\"@type\":\"Person\",\"@id\":\"https:\/\/euroalter.com\/#\/schema\/person\/22a482000088767ac51a1e6286c8ad2b\",\"name\":\"Marta Cillero\",\"image\":{\"@type\":\"ImageObject\",\"inLanguage\":\"it-IT\",\"@id\":\"https:\/\/euroalter.com\/#\/schema\/person\/image\/\",\"url\":\"https:\/\/secure.gravatar.com\/avatar\/7e23f0c5351248c4771d9928f748b58d?s=96&d=mm&r=g\",\"contentUrl\":\"https:\/\/secure.gravatar.com\/avatar\/7e23f0c5351248c4771d9928f748b58d?s=96&d=mm&r=g\",\"caption\":\"Marta Cillero\"}}]}<\/script>\n<!-- \/ Yoast SEO plugin. -->","yoast_head_json":{"title":"Transeuropa 2012, i primi risultati: uno spazio comune per alternative europee - European Alternatives","robots":{"index":"index","follow":"follow","max-snippet":"max-snippet:-1","max-image-preview":"max-image-preview:large","max-video-preview":"max-video-preview:-1"},"canonical":"https:\/\/euroalter.com\/transeuropa-2012-i-primi-risultati-uno-spazio-comune-per-alternative-europee\/","og_locale":"it_IT","og_type":"article","og_title":"Transeuropa 2012, i primi risultati: uno spazio comune per alternative europee - European Alternatives","og_description":"Il\u00a0Transeuropa Festival, nel suo percorso dal 9 maggio al 3 giugno, ha toccato\u00a0le questioni pi\u00f9 urgenti che l&rsquo;Europa si trova ad affrontare: la crisi economica&hellip;","og_url":"https:\/\/euroalter.com\/transeuropa-2012-i-primi-risultati-uno-spazio-comune-per-alternative-europee\/","og_site_name":"European Alternatives","article_published_time":"2013-02-12T11:17:44+00:00","og_image":[{"url":"http:\/\/vm0369.cs05.seeweb.it\/images\/article_uploads\/01_Cluj_walk.jpg","type":"","width":"","height":""}],"author":"Marta Cillero","twitter_card":"summary_large_image","twitter_misc":{"Written by":"Marta Cillero","Est. reading time":"6 minutes"},"schema":{"@context":"https:\/\/schema.org","@graph":[{"@type":"WebPage","@id":"https:\/\/euroalter.com\/transeuropa-2012-i-primi-risultati-uno-spazio-comune-per-alternative-europee\/","url":"https:\/\/euroalter.com\/transeuropa-2012-i-primi-risultati-uno-spazio-comune-per-alternative-europee\/","name":"Transeuropa 2012, i primi risultati: uno spazio comune per alternative europee - European Alternatives","isPartOf":{"@id":"https:\/\/euroalter.com\/#website"},"primaryImageOfPage":{"@id":"https:\/\/euroalter.com\/transeuropa-2012-i-primi-risultati-uno-spazio-comune-per-alternative-europee\/#primaryimage"},"image":{"@id":"https:\/\/euroalter.com\/transeuropa-2012-i-primi-risultati-uno-spazio-comune-per-alternative-europee\/#primaryimage"},"thumbnailUrl":"http:\/\/vm0369.cs05.seeweb.it\/images\/article_uploads\/01_Cluj_walk.jpg","datePublished":"2013-02-12T11:17:44+00:00","author":{"@id":"https:\/\/euroalter.com\/#\/schema\/person\/22a482000088767ac51a1e6286c8ad2b"},"breadcrumb":{"@id":"https:\/\/euroalter.com\/transeuropa-2012-i-primi-risultati-uno-spazio-comune-per-alternative-europee\/#breadcrumb"},"inLanguage":"it-IT","potentialAction":[{"@type":"ReadAction","target":["https:\/\/euroalter.com\/transeuropa-2012-i-primi-risultati-uno-spazio-comune-per-alternative-europee\/"]}]},{"@type":"ImageObject","inLanguage":"it-IT","@id":"https:\/\/euroalter.com\/transeuropa-2012-i-primi-risultati-uno-spazio-comune-per-alternative-europee\/#primaryimage","url":"http:\/\/vm0369.cs05.seeweb.it\/images\/article_uploads\/01_Cluj_walk.jpg","contentUrl":"http:\/\/vm0369.cs05.seeweb.it\/images\/article_uploads\/01_Cluj_walk.jpg"},{"@type":"BreadcrumbList","@id":"https:\/\/euroalter.com\/transeuropa-2012-i-primi-risultati-uno-spazio-comune-per-alternative-europee\/#breadcrumb","itemListElement":[{"@type":"ListItem","position":1,"name":"Home","item":"https:\/\/euroalter.com\/it\/"},{"@type":"ListItem","position":2,"name":"Transeuropa 2012, i primi risultati: uno spazio comune per alternative europee"}]},{"@type":"WebSite","@id":"https:\/\/euroalter.com\/#website","url":"https:\/\/euroalter.com\/","name":"European Alternatives","description":"Democracy, Equality and Culture beyond the nation","potentialAction":[{"@type":"SearchAction","target":{"@type":"EntryPoint","urlTemplate":"https:\/\/euroalter.com\/?s={search_term_string}"},"query-input":{"@type":"PropertyValueSpecification","valueRequired":true,"valueName":"search_term_string"}}],"inLanguage":"it-IT"},{"@type":"Person","@id":"https:\/\/euroalter.com\/#\/schema\/person\/22a482000088767ac51a1e6286c8ad2b","name":"Marta Cillero","image":{"@type":"ImageObject","inLanguage":"it-IT","@id":"https:\/\/euroalter.com\/#\/schema\/person\/image\/","url":"https:\/\/secure.gravatar.com\/avatar\/7e23f0c5351248c4771d9928f748b58d?s=96&d=mm&r=g","contentUrl":"https:\/\/secure.gravatar.com\/avatar\/7e23f0c5351248c4771d9928f748b58d?s=96&d=mm&r=g","caption":"Marta Cillero"}}]}},"_links":{"self":[{"href":"https:\/\/euroalter.com\/it\/wp-json\/wp\/v2\/posts\/4162","targetHints":{"allow":["GET"]}}],"collection":[{"href":"https:\/\/euroalter.com\/it\/wp-json\/wp\/v2\/posts"}],"about":[{"href":"https:\/\/euroalter.com\/it\/wp-json\/wp\/v2\/types\/post"}],"author":[{"embeddable":true,"href":"https:\/\/euroalter.com\/it\/wp-json\/wp\/v2\/users\/8"}],"replies":[{"embeddable":true,"href":"https:\/\/euroalter.com\/it\/wp-json\/wp\/v2\/comments?post=4162"}],"version-history":[{"count":0,"href":"https:\/\/euroalter.com\/it\/wp-json\/wp\/v2\/posts\/4162\/revisions"}],"wp:attachment":[{"href":"https:\/\/euroalter.com\/it\/wp-json\/wp\/v2\/media?parent=4162"}],"wp:term":[{"taxonomy":"category","embeddable":true,"href":"https:\/\/euroalter.com\/it\/wp-json\/wp\/v2\/categories?post=4162"},{"taxonomy":"post_tag","embeddable":true,"href":"https:\/\/euroalter.com\/it\/wp-json\/wp\/v2\/tags?post=4162"}],"curies":[{"name":"wp","href":"https:\/\/api.w.org\/{rel}","templated":true}]}}