{"id":4146,"date":"2012-02-23T16:46:29","date_gmt":"2012-02-23T15:46:29","guid":{"rendered":"https:\/\/euroalter.local\/2012\/alla-fiom-per-un-reddito-di-cittadinanza"},"modified":"2012-02-23T16:46:29","modified_gmt":"2012-02-23T15:46:29","slug":"alla-fiom-per-un-reddito-di-cittadinanza","status":"publish","type":"post","link":"https:\/\/euroalter.com\/it\/alla-fiom-per-un-reddito-di-cittadinanza\/","title":{"rendered":"Alla Fiom per un reddito di cittadinanza"},"content":{"rendered":"<p><img decoding=\"async\" alt=\"\" src=\"http:\/\/vm0369.cs05.seeweb.it\/images\/article_uploads\/fiom2211.jpg\" style=\"width: 526px; height: 266px; \" \/><\/p>\n<p> <em>L&#39;assemblea nazionale della Fiom del 18 febbraio, convocata per preparare lo sciopero del 3 marzo, ha rilanciato sul tema del reddito di cittadinanza. Pubblichiamo qui l&#39;intervento di Lorenzo Marsili, co-direttore di European Alternatives, che ha presentato durante l&#39;assemblea la campagna europea per un reddito minimo garantito sostenuta anche da EA. L&#39;invito alla Fiom di farsi parte attiva di questa campagna \u00e8 stato accolto in chiusura dal Segreatario Landini.<\/em><\/p>\n<p> di Lorenzo Marsili<\/p>\n<p> E&rsquo; evidente a tutti il tentativo di dividere quanti resistono lo smantellamento del sistema di welfare da quanti resistono l&rsquo;attacco alla dignit\u00e0 del lavoro e alle libert\u00e0 sindacali. La retorica dello scambio fra riforma degli ammortizzatori sociali e l&rsquo;articolo18 e il diritto alla contrattazione collettiva ne \u00e8 solo l&rsquo;esempio pi\u00f9 grossolano. Cos\u00ec come la volgarit\u00e0 di una presunta opposizione fra &ldquo;troppo garantiti&rdquo; da un lato (e poi chi sarebbero, forse chi si alza alle 4 del mattino per lavorare a 1.200 euro al mese? chi ha cominciato a lavorare a 16 anni e si \u00e8 vista tolta la pensione di anzianit\u00e0?) e &ldquo;precari&rdquo; dall&rsquo;altro, questo esercito che si vorrebbe &ldquo;giovane&rdquo; semplicemente per mascherare che la precariet\u00e0 si \u00e8 istituzionalizzata a metodo di ricatto sociale, e che serve a zittire chi al lavoro ancora associa la parola dignit\u00e0. Precariet\u00e0 e contratti a termine che toccano oramai chi di anni ne ha quaranta, cinquanta, sessanta.<\/p>\n<p> A questo tentativo di dividerci bisogna rispondere in maniera netta. Il welfare \u00e8 storicamente legato al lavoro. Dove il lavoro \u00e8 stabile c&rsquo;\u00e8 occupazione e c&rsquo;\u00e8 reddito. Dove il lavoro \u00e8 sotto scacco c&rsquo;\u00e8 precariet\u00e0, povert\u00e0, e attacco ai sistemi sociali. Il rilancio del lavoro \u00e8 il rilancio del welfare, e il rilancio del welfare \u00e8 il rilancio del lavoro.<\/p>\n<p> Sono qui per parlare di una campagna europea sul reddito minimo garantito. Lo scorso fine settimana oltre quaranta organizzazioni provenienti da tutta Europa si sono riunite al Teatro Valle per lanciare un&rsquo;Iniziativa dei cittadini europei sul reddito minimo. Come sapete l&rsquo;iniziativa dei cittadini europei, dal primo aprile di questo anno, permetter\u00e0 di raccogliere almeno un milione di firme in almeno sette paesi europei per presentare una proposta legislativa direttamente alla Commissione europea.<\/p>\n<p> Vogliamo usare questo strumento per richiedere una direttiva europea per l&rsquo;instaurazione in tutti gli stati membri di un reddito minimo garantito. E per esprimere il pi\u00f9 netto rifiuto ad ogni divisione fra welfare, reddito, e lavoro. Il reddito \u00e8 lo strumento per opporsi al ricatto della povert\u00e0 e della precariet\u00e0, un ricatto, come ci insegnate, che ha come primo obiettivo il mondo del lavoro. Un ricatto che schiaccia la dignit\u00e0 della persona e la costringe ad accettare lo sfruttamento, abbassando il potere negoziale degli stessi lavoratori. Un ricatto che crea competizione per la sopravvivenza, e costruisce quindi la folle trappola per cui diventa il sindacato &#8211; e la richiesta che il lavoro sia giusto, sia degno, sia a servizio della persona &#8211; l&rsquo;ostacolo all&rsquo;occupazione.<\/p>\n<p> Con questa iniziativa europea non vogliamo chiedere un reddito inteso come contropartita per la consegna dei corpi al profitto. Non chiediamo una mancetta che permetta di tenere in vita un esercito di riserva disposto a farsi macchina dell&rsquo;accumulazione, ad accendersi e spegnersi quando conveniente. Non chiediamo un reddito che sia l&rsquo;anticamera dello smantellamento dell&rsquo;organizzazione collettiva del lavoro. Chiediamo invece un reddito che permetta la libera scelta di un lavoro oltre il ricatto della sopravvivenza, un reddito che dia autonomia e opportunit\u00e0 alle persone di agire la loro autodeterminazione, un reddito garantito come diritto economico proprio per rimettere al centro del dibattito la questione della ridistribuzione delle ricchezze. Un reddito che permetta al lavoratore di uscire dal ricatto della povert\u00e0 ed esprimere un chiaro &ldquo;no&rdquo; allo sfruttamento, esattamente come voi siete stati capaci di dire &ldquo;no&rdquo; ai diktat che chiedevano lo schiacciamento dei diritti come precondizione per la continuit\u00e0 occupazionale.<\/p>\n<p> La linea che l&rsquo;Iniziativa europea vuole seguire \u00e8 quella gi\u00e0 tracciata da una risoluzione del Parlamento europeo dell&rsquo;ottobre 2010, dove il reddito minimo \u00e8 espresso come percentuale del reddito mediano, costruendo quindi un&rsquo;immediata comunit\u00e0 di interessi fra costruzione del welfare e rilancio del lavoro. Il Parlamento europeo ha quindi gi\u00e0 espresso il suo parere favorevole a un reddito minimo europeo; ma come sapete, il Parlamento europeo non ha il potere di iniziare nuove leggi, ma solo di valutare quelle proposte dalla Commissione. Con l&rsquo;iniziativa dei cittadini europei questo potere di proposta legislativa \u00e8 ora per\u00f2 concesso agli stessi cittadini. E va usato.<\/p>\n<p> Portare la rivendicazione per un reddito minimo a livello europeo ha in dote almeno altri due importanti elementi. Ci permette di rifiutare nettamente la scelta fra reddito e lavoro. Il terreno non \u00e8 pi\u00f9 quello puramente nazionale ma quello europeo, e la richiesta di una direttiva comunitaria per il reddito prescinde, per sua stessa natura, da qualunque gioco a metterci gli uni contro gli altri e a richiedere l&rsquo;abbassamento delle tutele del lavoro come contropartita per il completamente del sistema di welfare. E&rsquo; l&rsquo;Europa che ce lo chiede&#8230; quante volte abbiamo sentito questa frase. Noi vogliamo che l&rsquo;Europa questa volta ci chieda di garantire a ogni cittadino un reddito dignitoso. E che questa sia la base per sganciare il rilancio del lavoro da qualunque baratto.<\/p>\n<p> Ancora pi\u00f9 importante \u00e8 l&rsquo;effetto sistemico dell&rsquo;introduzione di un reddito minimo su scala europea. Ci insegnate voi i rischi del social dumping, di una competizione fra salariati in un continente dove il capitale circola liberamente ma i diritti sono frazionati e ora anche &ldquo;esportabili&rdquo;, permettendo a imprese di paesi a basso reddito di spostare i propri lavoratori in paesi a reddito pi\u00f9 elevato mantenendo le stesse condizioni salariali di provenienza. Un reddito minimo su scala europea \u00e8 una chiara barriera contro tutto ci\u00f2, e uno strumento importante per inceppare il meccanismo della competizione al ribasso.<\/p>\n<p> Atene \u00e8 il simbolo del disastro che attende un&rsquo;Europa incapace di concepire la centralit\u00e0 del lavoro e della dignit\u00e0 della persona, di un&rsquo;Europa incapace di investire nei propri cittadini e di smarcarsi dal giogo di una finanza cannibale. Noi dobbiamo immaginare e soprattutto costruire un&rsquo;Europa capace di futuro, e questo non pu\u00f2 che avvenire attraverso una rivincita del lavoro in Europa. Abbiamo uno strumento &#8211; l&rsquo;Iniziativa dei cittadinii europei sul reddito &#8211; che ci permette di costruire una forte alleanza fra soggetti sindacali, di movimento, e singoli lavoratori e cittadini che sperimentano sulla propria pelle la brutalit\u00e0 delle politiche monetariste che ci governano. E di costruire questa alleanza direttamente dove le decisioni vengono oramai prese, a livello europeo.<\/p>\n<p> Il percorso \u00e8 tracciato, con il lancio dell&rsquo;Iniziativa programmato per il 26 e 26 aprile al Parlamento europeo. Non lasciamoci sfuggire questa opportunit\u00e0. E per questo ci serve &#8211; serve all&rsquo;Europa, &#8211; la forza, l&rsquo;ostinazione, il rifiuto della resa che la Fiom rappresenta per milioni di persone in Italia.\u00a0<\/p>\n","protected":false},"excerpt":{"rendered":"<p>L&#39;assemblea nazionale della Fiom del 18 febbraio, convocata per preparare lo sciopero del 3 marzo, ha rilanciato sul tema del reddito di cittadinanza. Pubblichiamo qui&hellip;<\/p>\n","protected":false},"author":8,"featured_media":0,"comment_status":"open","ping_status":"open","sticky":false,"template":"","format":"standard","meta":{"_acf_changed":false,"footnotes":""},"categories":[1],"tags":[219],"class_list":["post-4146","post","type-post","status-publish","format-standard","hentry","category-european-alternatives","tag-reddito"],"acf":[],"yoast_head":"<!-- This site is optimized with the Yoast SEO plugin v24.6 - https:\/\/yoast.com\/wordpress\/plugins\/seo\/ -->\n<title>Alla Fiom per un reddito di cittadinanza - European Alternatives<\/title>\n<meta name=\"robots\" content=\"index, follow, max-snippet:-1, max-image-preview:large, max-video-preview:-1\" \/>\n<link rel=\"canonical\" href=\"https:\/\/euroalter.com\/alla-fiom-per-un-reddito-di-cittadinanza\/\" \/>\n<meta property=\"og:locale\" content=\"it_IT\" \/>\n<meta property=\"og:type\" content=\"article\" \/>\n<meta property=\"og:title\" content=\"Alla Fiom per un reddito di cittadinanza - European Alternatives\" \/>\n<meta property=\"og:description\" content=\"L&#039;assemblea nazionale della Fiom del 18 febbraio, convocata per preparare lo sciopero del 3 marzo, ha rilanciato sul tema del reddito di cittadinanza. Pubblichiamo qui&hellip;\" \/>\n<meta property=\"og:url\" content=\"https:\/\/euroalter.com\/alla-fiom-per-un-reddito-di-cittadinanza\/\" \/>\n<meta property=\"og:site_name\" content=\"European Alternatives\" \/>\n<meta property=\"article:published_time\" content=\"2012-02-23T15:46:29+00:00\" \/>\n<meta property=\"og:image\" content=\"http:\/\/vm0369.cs05.seeweb.it\/images\/article_uploads\/fiom2211.jpg\" \/>\n<meta name=\"author\" content=\"Marta Cillero\" \/>\n<meta name=\"twitter:card\" content=\"summary_large_image\" \/>\n<meta name=\"twitter:label1\" content=\"Written by\" \/>\n\t<meta name=\"twitter:data1\" content=\"Marta Cillero\" \/>\n\t<meta name=\"twitter:label2\" content=\"Est. reading time\" \/>\n\t<meta name=\"twitter:data2\" content=\"6 minutes\" \/>\n<script type=\"application\/ld+json\" class=\"yoast-schema-graph\">{\"@context\":\"https:\/\/schema.org\",\"@graph\":[{\"@type\":\"WebPage\",\"@id\":\"https:\/\/euroalter.com\/alla-fiom-per-un-reddito-di-cittadinanza\/\",\"url\":\"https:\/\/euroalter.com\/alla-fiom-per-un-reddito-di-cittadinanza\/\",\"name\":\"Alla Fiom per un reddito di cittadinanza - European Alternatives\",\"isPartOf\":{\"@id\":\"https:\/\/euroalter.com\/#website\"},\"primaryImageOfPage\":{\"@id\":\"https:\/\/euroalter.com\/alla-fiom-per-un-reddito-di-cittadinanza\/#primaryimage\"},\"image\":{\"@id\":\"https:\/\/euroalter.com\/alla-fiom-per-un-reddito-di-cittadinanza\/#primaryimage\"},\"thumbnailUrl\":\"http:\/\/vm0369.cs05.seeweb.it\/images\/article_uploads\/fiom2211.jpg\",\"datePublished\":\"2012-02-23T15:46:29+00:00\",\"author\":{\"@id\":\"https:\/\/euroalter.com\/#\/schema\/person\/22a482000088767ac51a1e6286c8ad2b\"},\"breadcrumb\":{\"@id\":\"https:\/\/euroalter.com\/alla-fiom-per-un-reddito-di-cittadinanza\/#breadcrumb\"},\"inLanguage\":\"it-IT\",\"potentialAction\":[{\"@type\":\"ReadAction\",\"target\":[\"https:\/\/euroalter.com\/alla-fiom-per-un-reddito-di-cittadinanza\/\"]}]},{\"@type\":\"ImageObject\",\"inLanguage\":\"it-IT\",\"@id\":\"https:\/\/euroalter.com\/alla-fiom-per-un-reddito-di-cittadinanza\/#primaryimage\",\"url\":\"http:\/\/vm0369.cs05.seeweb.it\/images\/article_uploads\/fiom2211.jpg\",\"contentUrl\":\"http:\/\/vm0369.cs05.seeweb.it\/images\/article_uploads\/fiom2211.jpg\"},{\"@type\":\"BreadcrumbList\",\"@id\":\"https:\/\/euroalter.com\/alla-fiom-per-un-reddito-di-cittadinanza\/#breadcrumb\",\"itemListElement\":[{\"@type\":\"ListItem\",\"position\":1,\"name\":\"Home\",\"item\":\"https:\/\/euroalter.com\/it\/\"},{\"@type\":\"ListItem\",\"position\":2,\"name\":\"Alla Fiom per un reddito di cittadinanza\"}]},{\"@type\":\"WebSite\",\"@id\":\"https:\/\/euroalter.com\/#website\",\"url\":\"https:\/\/euroalter.com\/\",\"name\":\"European Alternatives\",\"description\":\"Democracy, Equality and Culture beyond the nation\",\"potentialAction\":[{\"@type\":\"SearchAction\",\"target\":{\"@type\":\"EntryPoint\",\"urlTemplate\":\"https:\/\/euroalter.com\/?s={search_term_string}\"},\"query-input\":{\"@type\":\"PropertyValueSpecification\",\"valueRequired\":true,\"valueName\":\"search_term_string\"}}],\"inLanguage\":\"it-IT\"},{\"@type\":\"Person\",\"@id\":\"https:\/\/euroalter.com\/#\/schema\/person\/22a482000088767ac51a1e6286c8ad2b\",\"name\":\"Marta Cillero\",\"image\":{\"@type\":\"ImageObject\",\"inLanguage\":\"it-IT\",\"@id\":\"https:\/\/euroalter.com\/#\/schema\/person\/image\/\",\"url\":\"https:\/\/secure.gravatar.com\/avatar\/7e23f0c5351248c4771d9928f748b58d?s=96&d=mm&r=g\",\"contentUrl\":\"https:\/\/secure.gravatar.com\/avatar\/7e23f0c5351248c4771d9928f748b58d?s=96&d=mm&r=g\",\"caption\":\"Marta Cillero\"}}]}<\/script>\n<!-- \/ Yoast SEO plugin. -->","yoast_head_json":{"title":"Alla Fiom per un reddito di cittadinanza - European Alternatives","robots":{"index":"index","follow":"follow","max-snippet":"max-snippet:-1","max-image-preview":"max-image-preview:large","max-video-preview":"max-video-preview:-1"},"canonical":"https:\/\/euroalter.com\/alla-fiom-per-un-reddito-di-cittadinanza\/","og_locale":"it_IT","og_type":"article","og_title":"Alla Fiom per un reddito di cittadinanza - European Alternatives","og_description":"L&#39;assemblea nazionale della Fiom del 18 febbraio, convocata per preparare lo sciopero del 3 marzo, ha rilanciato sul tema del reddito di cittadinanza. Pubblichiamo qui&hellip;","og_url":"https:\/\/euroalter.com\/alla-fiom-per-un-reddito-di-cittadinanza\/","og_site_name":"European Alternatives","article_published_time":"2012-02-23T15:46:29+00:00","og_image":[{"url":"http:\/\/vm0369.cs05.seeweb.it\/images\/article_uploads\/fiom2211.jpg","type":"","width":"","height":""}],"author":"Marta Cillero","twitter_card":"summary_large_image","twitter_misc":{"Written by":"Marta Cillero","Est. reading time":"6 minutes"},"schema":{"@context":"https:\/\/schema.org","@graph":[{"@type":"WebPage","@id":"https:\/\/euroalter.com\/alla-fiom-per-un-reddito-di-cittadinanza\/","url":"https:\/\/euroalter.com\/alla-fiom-per-un-reddito-di-cittadinanza\/","name":"Alla Fiom per un reddito di cittadinanza - European Alternatives","isPartOf":{"@id":"https:\/\/euroalter.com\/#website"},"primaryImageOfPage":{"@id":"https:\/\/euroalter.com\/alla-fiom-per-un-reddito-di-cittadinanza\/#primaryimage"},"image":{"@id":"https:\/\/euroalter.com\/alla-fiom-per-un-reddito-di-cittadinanza\/#primaryimage"},"thumbnailUrl":"http:\/\/vm0369.cs05.seeweb.it\/images\/article_uploads\/fiom2211.jpg","datePublished":"2012-02-23T15:46:29+00:00","author":{"@id":"https:\/\/euroalter.com\/#\/schema\/person\/22a482000088767ac51a1e6286c8ad2b"},"breadcrumb":{"@id":"https:\/\/euroalter.com\/alla-fiom-per-un-reddito-di-cittadinanza\/#breadcrumb"},"inLanguage":"it-IT","potentialAction":[{"@type":"ReadAction","target":["https:\/\/euroalter.com\/alla-fiom-per-un-reddito-di-cittadinanza\/"]}]},{"@type":"ImageObject","inLanguage":"it-IT","@id":"https:\/\/euroalter.com\/alla-fiom-per-un-reddito-di-cittadinanza\/#primaryimage","url":"http:\/\/vm0369.cs05.seeweb.it\/images\/article_uploads\/fiom2211.jpg","contentUrl":"http:\/\/vm0369.cs05.seeweb.it\/images\/article_uploads\/fiom2211.jpg"},{"@type":"BreadcrumbList","@id":"https:\/\/euroalter.com\/alla-fiom-per-un-reddito-di-cittadinanza\/#breadcrumb","itemListElement":[{"@type":"ListItem","position":1,"name":"Home","item":"https:\/\/euroalter.com\/it\/"},{"@type":"ListItem","position":2,"name":"Alla Fiom per un reddito di cittadinanza"}]},{"@type":"WebSite","@id":"https:\/\/euroalter.com\/#website","url":"https:\/\/euroalter.com\/","name":"European Alternatives","description":"Democracy, Equality and Culture beyond the nation","potentialAction":[{"@type":"SearchAction","target":{"@type":"EntryPoint","urlTemplate":"https:\/\/euroalter.com\/?s={search_term_string}"},"query-input":{"@type":"PropertyValueSpecification","valueRequired":true,"valueName":"search_term_string"}}],"inLanguage":"it-IT"},{"@type":"Person","@id":"https:\/\/euroalter.com\/#\/schema\/person\/22a482000088767ac51a1e6286c8ad2b","name":"Marta Cillero","image":{"@type":"ImageObject","inLanguage":"it-IT","@id":"https:\/\/euroalter.com\/#\/schema\/person\/image\/","url":"https:\/\/secure.gravatar.com\/avatar\/7e23f0c5351248c4771d9928f748b58d?s=96&d=mm&r=g","contentUrl":"https:\/\/secure.gravatar.com\/avatar\/7e23f0c5351248c4771d9928f748b58d?s=96&d=mm&r=g","caption":"Marta Cillero"}}]}},"_links":{"self":[{"href":"https:\/\/euroalter.com\/it\/wp-json\/wp\/v2\/posts\/4146","targetHints":{"allow":["GET"]}}],"collection":[{"href":"https:\/\/euroalter.com\/it\/wp-json\/wp\/v2\/posts"}],"about":[{"href":"https:\/\/euroalter.com\/it\/wp-json\/wp\/v2\/types\/post"}],"author":[{"embeddable":true,"href":"https:\/\/euroalter.com\/it\/wp-json\/wp\/v2\/users\/8"}],"replies":[{"embeddable":true,"href":"https:\/\/euroalter.com\/it\/wp-json\/wp\/v2\/comments?post=4146"}],"version-history":[{"count":0,"href":"https:\/\/euroalter.com\/it\/wp-json\/wp\/v2\/posts\/4146\/revisions"}],"wp:attachment":[{"href":"https:\/\/euroalter.com\/it\/wp-json\/wp\/v2\/media?parent=4146"}],"wp:term":[{"taxonomy":"category","embeddable":true,"href":"https:\/\/euroalter.com\/it\/wp-json\/wp\/v2\/categories?post=4146"},{"taxonomy":"post_tag","embeddable":true,"href":"https:\/\/euroalter.com\/it\/wp-json\/wp\/v2\/tags?post=4146"}],"curies":[{"name":"wp","href":"https:\/\/api.w.org\/{rel}","templated":true}]}}