{"id":24659,"date":"2024-03-29T14:03:46","date_gmt":"2024-03-29T13:03:46","guid":{"rendered":"https:\/\/euroalter.com\/?p=24659"},"modified":"2024-04-11T14:05:37","modified_gmt":"2024-04-11T12:05:37","slug":"diventate-sostenitori-trici-della-campagna-patto-per-luguaglianza","status":"publish","type":"post","link":"https:\/\/euroalter.com\/it\/diventate-sostenitori-trici-della-campagna-patto-per-luguaglianza\/","title":{"rendered":"Diventate sostenitori\/trici della campagna \u201cPatto per l\u2019uguaglianza\u201d"},"content":{"rendered":"\n<h2 class=\"wp-block-heading\">Chi siamo<\/h2>\n\n\n\n<p>Avocats sans Fronti\u00e8res, European Alternatives e un gruppo di partner della societ\u00e0 civile e dell&#8217;universit\u00e0 si sono uniti per promuovere l&#8217;uguaglianza e combattere la discriminazione che colpisce in particolare le comunit\u00e0 di migranti in Europa. Lavoreremo insieme in questo anno elettorale cruciale e nei prossimi anni per trasformare l&#8217;approccio europeo sulla diversit\u00e0. Cerchiamo sostenitori\/trici che si uniscano a noi!<\/p>\n\n\n\n<h2 class=\"wp-block-heading\">L&#8217;appello<\/h2>\n\n\n\n<p>Le elezioni europee si avvicinano e le persone con background migratorio, le persone razzializzate, le donne, le persone LGBTQIA+ e altre minoranze continuano a essere usate come capri espiatori e a essere oggetto di discorsi che incitano all&#8217;odio. Ci\u00f2 riflette la discriminazione sistemica ancora prevalente in molte parti della societ\u00e0 e della politica europea.<\/p>\n\n\n\n<p>La discriminazione in tutte le sue dimensioni \u00e8 in aumento in tutti i Paesi europei, nonostante i tentativi dell&#8217;UE di affrontare razzismo, sessismo e omofobia. Un recente sondaggio di Eurobarometro (n. 535) conclude che la discriminazione \u00e8 considerata &#8220;diffusa&#8221; e &#8220;sempre pi\u00f9 prevalente&#8221;, in particolare sulla base dell&#8217;identificazione come Rom, del colore della pelle o dell&#8217;origine etnica, del credo religioso, dell&#8217;identit\u00e0 di genere o della sessualit\u00e0.<\/p>\n\n\n\n<p>Le attuali politiche dell&#8217;UE in materia di frontiere e migrazione rischiano di aumentare ulteriormente questa discriminazione. Noi diciamo: basta!<\/p>\n\n\n\n<p>Per questo motivo, nel periodo della campagna elettorale e in seguito, \u00e8 necessario amplificare le voci e le azioni delle persone razzializzate e di quelle con un background migratorio. Insieme, solleciteremo i\/le candidati\/e alle elezioni europee a impegnarsi per un Patto per l&#8217;uguaglianza, incentrato sull&#8217;antidiscriminazione e l&#8217;antirazzismo in tutte le politiche dell&#8217;UE, compresa la migrazione, e a promuovere l&#8217;impegno regolare dei\/le parlamentari con le comunit\u00e0 e le organizzazioni guidate dai migranti in Europa e oltre, nonch\u00e9 a promuovere la diffusione delle migliori pratiche dalle esperienze locali.<\/p>\n\n\n\n<p>Cerchiamo persone (artisti\/e, attivisti\/e, organizzatori\/trici di comunit\u00e0, persone con background migratorio (1\u00b0, 2\u00b0 o 3\u00b0 generazione), cittadini\/e interessati\/e), residenti in Francia, Belgio o Italia, che possano contribuire a co-creare e promuovere la nostra campagna Patto per l&#8217;uguaglianza.<\/p>\n\n\n\n<h2 class=\"wp-block-heading\">Dove e cosa<\/h2>\n\n\n\n<p>Dovete essere disponibili tra il 24 aprile e le elezioni del Parlamento europeo (il 9 giugno 2024) per:<\/p>\n\n\n\n<p>&#8211; Contribuire attivamente all&#8217;elaborazione del messaggio e dei contenuti del Patto per l&#8217;uguaglianza<\/p>\n\n\n\n<p>&#8211; Cercare di parlare del Patto sui canali mediatici e in altri forum pubblici<\/p>\n\n\n\n<p>&#8211; Registrare videointerviste e altri contenuti per i social media<\/p>\n\n\n\n<p>&#8211; Organizzare e partecipare a dialoghi con i\/le candidati\/e al Parlamento europeo e ad altri eventi della campagna.<\/p>\n\n\n\n<p>Cerchiamo di creare una comunit\u00e0 di sostenitori\/trici, attori\/trici della societ\u00e0 civile e funzionari\/e eletti\/e dopo le elezioni, per continuare a lavorare sull&#8217;integrazione dei temi della lotta alla discriminazione e al razzismo nella definizione delle politiche europee nei prossimi 5 anni.<\/p>\n\n\n\n<h2 class=\"wp-block-heading\">Chi<\/h2>\n\n\n\n<p>Per essere portavoce di questa campagna i\/le candidati\/e ideali dovrebbero:<\/p>\n\n\n\n<p>&#8211; Avere un&#8217;esperienza diretta di migrazione, un background migratorio o far parte di gruppi a rischio di discriminazione razziale.<\/p>\n\n\n\n<p>&#8211; Avere esperienza nella societ\u00e0 civile e nell&#8217;impegno comunitario lavorando con persone con background migratorio,<\/p>\n\n\n\n<p>&#8211; Avere una certa esperienza e reti di contatti nella campagna contro la discriminazione e per i diritti e la partecipazione degli\/le immigrati\/e.<\/p>\n\n\n\n<p>&#8211; Avere una certa esperienza nel campo dei media e\/o dei social media<\/p>\n\n\n\n<p>&#8211; Essere disponibili per un incontro e una formazione di tutti i\/le portavoce a Marsiglia dal 26 al 30 aprile, durante il forum sociale dello Spazio comune europeo per le alternative (ECSA).<\/p>\n\n\n\n<p>&#8211; Essere in grado di dedicare circa 4 ore a settimana alla campagna di maggio e di viaggiare in base alle esigenze legate alla campagna e agli eventi di sensibilizzazione.<\/p>\n\n\n\n<p>&#8211; Parlare inglese e francese, italiano o fiammingo.<\/p>\n\n\n\n<p>&#8211; Incoraggiamo in particolare le candidature di giovani, donne e minoranze di identit\u00e0 di genere.<\/p>\n\n\n\n<p>I sostenitori\/trici riceveranno un compenso per la loro partecipazione di 700 euro, oltre alle spese di viaggio e alle indennit\u00e0 giornaliere. Idealmente dovrebbero vivere in Italia, Francia o Belgio.<\/p>\n\n\n\n<h2 class=\"wp-block-heading\">Come<\/h2>\n\n\n\n<p>Se desiderate candidarvi o nominare un\/a potenziale candidato\/a, siete pregati\/e di inviare un&#8217;e-mail a tackle@euroalter.com fornendo un breve paragrafo di motivazione entro il 10 aprile, o il prima possibile. Il team di European Alternatives e Avocats Sans Fronti\u00e8res si metter\u00e0 in contatto con i\/le candidati\/e per confermare la partecipazione.<\/p>\n\n\n\n<p>Questo documento \u00e8 stato prodotto con l&#8217;assistenza finanziaria dell&#8217;Unione Europea. Il contenuto del documento \u00e8 di esclusiva responsabilit\u00e0 di European Alternatives e non pu\u00f2 in nessun caso essere considerato come riflettente la posizione dell&#8217;Unione Europea.<\/p>\n","protected":false},"excerpt":{"rendered":"<p>Chi siamo Avocats sans Fronti\u00e8res, European Alternatives e un gruppo di partner della societ\u00e0 civile e dell&#8217;universit\u00e0 si sono uniti per promuovere l&#8217;uguaglianza e combattere&hellip;<\/p>\n","protected":false},"author":12,"featured_media":24660,"comment_status":"closed","ping_status":"closed","sticky":false,"template":"","format":"standard","meta":{"_acf_changed":false,"footnotes":""},"categories":[394],"tags":[],"class_list":["post-24659","post","type-post","status-publish","format-standard","has-post-thumbnail","hentry","category-transnational-activism-2"],"acf":[],"yoast_head":"<!-- This site is optimized with the Yoast SEO plugin v24.6 - https:\/\/yoast.com\/wordpress\/plugins\/seo\/ -->\n<title>Diventate sostenitori\/trici della campagna \u201cPatto per l\u2019uguaglianza\u201d - European Alternatives<\/title>\n<meta name=\"robots\" content=\"index, follow, max-snippet:-1, max-image-preview:large, max-video-preview:-1\" \/>\n<link rel=\"canonical\" href=\"https:\/\/euroalter.com\/diventate-sostenitori-trici-della-campagna-patto-per-luguaglianza\/\" \/>\n<meta property=\"og:locale\" content=\"it_IT\" \/>\n<meta property=\"og:type\" content=\"article\" \/>\n<meta property=\"og:title\" content=\"Diventate sostenitori\/trici della campagna \u201cPatto per l\u2019uguaglianza\u201d - European Alternatives\" \/>\n<meta property=\"og:description\" content=\"Chi siamo Avocats sans Fronti\u00e8res, European Alternatives e un gruppo di partner della societ\u00e0 civile e dell&#8217;universit\u00e0 si sono uniti per promuovere l&#8217;uguaglianza e combattere&hellip;\" \/>\n<meta property=\"og:url\" content=\"https:\/\/euroalter.com\/diventate-sostenitori-trici-della-campagna-patto-per-luguaglianza\/\" \/>\n<meta property=\"og:site_name\" content=\"European Alternatives\" \/>\n<meta property=\"article:published_time\" content=\"2024-03-29T13:03:46+00:00\" \/>\n<meta property=\"article:modified_time\" content=\"2024-04-11T12:05:37+00:00\" \/>\n<meta property=\"og:image\" content=\"https:\/\/euroalter.com\/wp-content\/uploads\/2024\/04\/53038416756_7a04c5d9f6_k.jpg\" \/>\n\t<meta property=\"og:image:width\" content=\"2048\" \/>\n\t<meta property=\"og:image:height\" content=\"1363\" \/>\n\t<meta property=\"og:image:type\" content=\"image\/jpeg\" \/>\n<meta name=\"author\" content=\"Mat\" \/>\n<meta name=\"twitter:card\" content=\"summary_large_image\" \/>\n<meta name=\"twitter:label1\" content=\"Written by\" \/>\n\t<meta name=\"twitter:data1\" content=\"Mat\" \/>\n\t<meta name=\"twitter:label2\" content=\"Est. reading time\" \/>\n\t<meta name=\"twitter:data2\" content=\"4 minutes\" \/>\n<script type=\"application\/ld+json\" class=\"yoast-schema-graph\">{\"@context\":\"https:\/\/schema.org\",\"@graph\":[{\"@type\":\"WebPage\",\"@id\":\"https:\/\/euroalter.com\/diventate-sostenitori-trici-della-campagna-patto-per-luguaglianza\/\",\"url\":\"https:\/\/euroalter.com\/diventate-sostenitori-trici-della-campagna-patto-per-luguaglianza\/\",\"name\":\"Diventate sostenitori\/trici della campagna \u201cPatto per l\u2019uguaglianza\u201d - European Alternatives\",\"isPartOf\":{\"@id\":\"https:\/\/euroalter.com\/#website\"},\"primaryImageOfPage\":{\"@id\":\"https:\/\/euroalter.com\/diventate-sostenitori-trici-della-campagna-patto-per-luguaglianza\/#primaryimage\"},\"image\":{\"@id\":\"https:\/\/euroalter.com\/diventate-sostenitori-trici-della-campagna-patto-per-luguaglianza\/#primaryimage\"},\"thumbnailUrl\":\"https:\/\/euroalter.com\/wp-content\/uploads\/2024\/04\/53038416756_7a04c5d9f6_k.jpg\",\"datePublished\":\"2024-03-29T13:03:46+00:00\",\"dateModified\":\"2024-04-11T12:05:37+00:00\",\"author\":{\"@id\":\"https:\/\/euroalter.com\/#\/schema\/person\/326abaa38bdc1c7cf46a33b6828ed38f\"},\"breadcrumb\":{\"@id\":\"https:\/\/euroalter.com\/diventate-sostenitori-trici-della-campagna-patto-per-luguaglianza\/#breadcrumb\"},\"inLanguage\":\"it-IT\",\"potentialAction\":[{\"@type\":\"ReadAction\",\"target\":[\"https:\/\/euroalter.com\/diventate-sostenitori-trici-della-campagna-patto-per-luguaglianza\/\"]}]},{\"@type\":\"ImageObject\",\"inLanguage\":\"it-IT\",\"@id\":\"https:\/\/euroalter.com\/diventate-sostenitori-trici-della-campagna-patto-per-luguaglianza\/#primaryimage\",\"url\":\"https:\/\/euroalter.com\/wp-content\/uploads\/2024\/04\/53038416756_7a04c5d9f6_k.jpg\",\"contentUrl\":\"https:\/\/euroalter.com\/wp-content\/uploads\/2024\/04\/53038416756_7a04c5d9f6_k.jpg\",\"width\":2048,\"height\":1363},{\"@type\":\"BreadcrumbList\",\"@id\":\"https:\/\/euroalter.com\/diventate-sostenitori-trici-della-campagna-patto-per-luguaglianza\/#breadcrumb\",\"itemListElement\":[{\"@type\":\"ListItem\",\"position\":1,\"name\":\"Home\",\"item\":\"https:\/\/euroalter.com\/it\/\"},{\"@type\":\"ListItem\",\"position\":2,\"name\":\"Diventate sostenitori\/trici della campagna \u201cPatto per l\u2019uguaglianza\u201d\"}]},{\"@type\":\"WebSite\",\"@id\":\"https:\/\/euroalter.com\/#website\",\"url\":\"https:\/\/euroalter.com\/\",\"name\":\"European Alternatives\",\"description\":\"Democracy, Equality and Culture beyond the nation\",\"potentialAction\":[{\"@type\":\"SearchAction\",\"target\":{\"@type\":\"EntryPoint\",\"urlTemplate\":\"https:\/\/euroalter.com\/?s={search_term_string}\"},\"query-input\":{\"@type\":\"PropertyValueSpecification\",\"valueRequired\":true,\"valueName\":\"search_term_string\"}}],\"inLanguage\":\"it-IT\"},{\"@type\":\"Person\",\"@id\":\"https:\/\/euroalter.com\/#\/schema\/person\/326abaa38bdc1c7cf46a33b6828ed38f\",\"name\":\"Mat\",\"image\":{\"@type\":\"ImageObject\",\"inLanguage\":\"it-IT\",\"@id\":\"https:\/\/euroalter.com\/#\/schema\/person\/image\/\",\"url\":\"https:\/\/secure.gravatar.com\/avatar\/1e1cf87162abe61492526c090448a4b0?s=96&d=mm&r=g\",\"contentUrl\":\"https:\/\/secure.gravatar.com\/avatar\/1e1cf87162abe61492526c090448a4b0?s=96&d=mm&r=g\",\"caption\":\"Mat\"}}]}<\/script>\n<!-- \/ Yoast SEO plugin. -->","yoast_head_json":{"title":"Diventate sostenitori\/trici della campagna \u201cPatto per l\u2019uguaglianza\u201d - European Alternatives","robots":{"index":"index","follow":"follow","max-snippet":"max-snippet:-1","max-image-preview":"max-image-preview:large","max-video-preview":"max-video-preview:-1"},"canonical":"https:\/\/euroalter.com\/diventate-sostenitori-trici-della-campagna-patto-per-luguaglianza\/","og_locale":"it_IT","og_type":"article","og_title":"Diventate sostenitori\/trici della campagna \u201cPatto per l\u2019uguaglianza\u201d - European Alternatives","og_description":"Chi siamo Avocats sans Fronti\u00e8res, European Alternatives e un gruppo di partner della societ\u00e0 civile e dell&#8217;universit\u00e0 si sono uniti per promuovere l&#8217;uguaglianza e combattere&hellip;","og_url":"https:\/\/euroalter.com\/diventate-sostenitori-trici-della-campagna-patto-per-luguaglianza\/","og_site_name":"European Alternatives","article_published_time":"2024-03-29T13:03:46+00:00","article_modified_time":"2024-04-11T12:05:37+00:00","og_image":[{"width":2048,"height":1363,"url":"https:\/\/euroalter.com\/wp-content\/uploads\/2024\/04\/53038416756_7a04c5d9f6_k.jpg","type":"image\/jpeg"}],"author":"Mat","twitter_card":"summary_large_image","twitter_misc":{"Written by":"Mat","Est. reading time":"4 minutes"},"schema":{"@context":"https:\/\/schema.org","@graph":[{"@type":"WebPage","@id":"https:\/\/euroalter.com\/diventate-sostenitori-trici-della-campagna-patto-per-luguaglianza\/","url":"https:\/\/euroalter.com\/diventate-sostenitori-trici-della-campagna-patto-per-luguaglianza\/","name":"Diventate sostenitori\/trici della campagna \u201cPatto per l\u2019uguaglianza\u201d - European Alternatives","isPartOf":{"@id":"https:\/\/euroalter.com\/#website"},"primaryImageOfPage":{"@id":"https:\/\/euroalter.com\/diventate-sostenitori-trici-della-campagna-patto-per-luguaglianza\/#primaryimage"},"image":{"@id":"https:\/\/euroalter.com\/diventate-sostenitori-trici-della-campagna-patto-per-luguaglianza\/#primaryimage"},"thumbnailUrl":"https:\/\/euroalter.com\/wp-content\/uploads\/2024\/04\/53038416756_7a04c5d9f6_k.jpg","datePublished":"2024-03-29T13:03:46+00:00","dateModified":"2024-04-11T12:05:37+00:00","author":{"@id":"https:\/\/euroalter.com\/#\/schema\/person\/326abaa38bdc1c7cf46a33b6828ed38f"},"breadcrumb":{"@id":"https:\/\/euroalter.com\/diventate-sostenitori-trici-della-campagna-patto-per-luguaglianza\/#breadcrumb"},"inLanguage":"it-IT","potentialAction":[{"@type":"ReadAction","target":["https:\/\/euroalter.com\/diventate-sostenitori-trici-della-campagna-patto-per-luguaglianza\/"]}]},{"@type":"ImageObject","inLanguage":"it-IT","@id":"https:\/\/euroalter.com\/diventate-sostenitori-trici-della-campagna-patto-per-luguaglianza\/#primaryimage","url":"https:\/\/euroalter.com\/wp-content\/uploads\/2024\/04\/53038416756_7a04c5d9f6_k.jpg","contentUrl":"https:\/\/euroalter.com\/wp-content\/uploads\/2024\/04\/53038416756_7a04c5d9f6_k.jpg","width":2048,"height":1363},{"@type":"BreadcrumbList","@id":"https:\/\/euroalter.com\/diventate-sostenitori-trici-della-campagna-patto-per-luguaglianza\/#breadcrumb","itemListElement":[{"@type":"ListItem","position":1,"name":"Home","item":"https:\/\/euroalter.com\/it\/"},{"@type":"ListItem","position":2,"name":"Diventate sostenitori\/trici della campagna \u201cPatto per l\u2019uguaglianza\u201d"}]},{"@type":"WebSite","@id":"https:\/\/euroalter.com\/#website","url":"https:\/\/euroalter.com\/","name":"European Alternatives","description":"Democracy, Equality and Culture beyond the nation","potentialAction":[{"@type":"SearchAction","target":{"@type":"EntryPoint","urlTemplate":"https:\/\/euroalter.com\/?s={search_term_string}"},"query-input":{"@type":"PropertyValueSpecification","valueRequired":true,"valueName":"search_term_string"}}],"inLanguage":"it-IT"},{"@type":"Person","@id":"https:\/\/euroalter.com\/#\/schema\/person\/326abaa38bdc1c7cf46a33b6828ed38f","name":"Mat","image":{"@type":"ImageObject","inLanguage":"it-IT","@id":"https:\/\/euroalter.com\/#\/schema\/person\/image\/","url":"https:\/\/secure.gravatar.com\/avatar\/1e1cf87162abe61492526c090448a4b0?s=96&d=mm&r=g","contentUrl":"https:\/\/secure.gravatar.com\/avatar\/1e1cf87162abe61492526c090448a4b0?s=96&d=mm&r=g","caption":"Mat"}}]}},"_links":{"self":[{"href":"https:\/\/euroalter.com\/it\/wp-json\/wp\/v2\/posts\/24659","targetHints":{"allow":["GET"]}}],"collection":[{"href":"https:\/\/euroalter.com\/it\/wp-json\/wp\/v2\/posts"}],"about":[{"href":"https:\/\/euroalter.com\/it\/wp-json\/wp\/v2\/types\/post"}],"author":[{"embeddable":true,"href":"https:\/\/euroalter.com\/it\/wp-json\/wp\/v2\/users\/12"}],"replies":[{"embeddable":true,"href":"https:\/\/euroalter.com\/it\/wp-json\/wp\/v2\/comments?post=24659"}],"version-history":[{"count":1,"href":"https:\/\/euroalter.com\/it\/wp-json\/wp\/v2\/posts\/24659\/revisions"}],"predecessor-version":[{"id":24663,"href":"https:\/\/euroalter.com\/it\/wp-json\/wp\/v2\/posts\/24659\/revisions\/24663"}],"wp:featuredmedia":[{"embeddable":true,"href":"https:\/\/euroalter.com\/it\/wp-json\/wp\/v2\/media\/24660"}],"wp:attachment":[{"href":"https:\/\/euroalter.com\/it\/wp-json\/wp\/v2\/media?parent=24659"}],"wp:term":[{"taxonomy":"category","embeddable":true,"href":"https:\/\/euroalter.com\/it\/wp-json\/wp\/v2\/categories?post=24659"},{"taxonomy":"post_tag","embeddable":true,"href":"https:\/\/euroalter.com\/it\/wp-json\/wp\/v2\/tags?post=24659"}],"curies":[{"name":"wp","href":"https:\/\/api.w.org\/{rel}","templated":true}]}}