{"id":21332,"date":"2023-04-02T13:12:46","date_gmt":"2023-04-02T11:12:46","guid":{"rendered":"https:\/\/euroalter.local\/?p=21332"},"modified":"2023-04-11T14:55:22","modified_gmt":"2023-04-11T12:55:22","slug":"offre-demploi-responsable-administration-et-finance","status":"publish","type":"post","link":"https:\/\/euroalter.com\/it\/offre-demploi-responsable-administration-et-finance\/","title":{"rendered":"Offre d&#8217;Emploi: Responsable Administration et Finance"},"content":{"rendered":"<p><b>L\u2019association Alternatives Europ\u00e9ennes:\u00a0<\/b><\/p>\n<p><b>Missions et valeurs:<\/b><\/p>\n<p><span style=\"font-weight: 400;\">Alternatives Europ\u00e9ennes promeut la d\u00e9mocratie, l&#8217;\u00e9galit\u00e9 et la culture au-del\u00e0 de l&#8217;\u00c9tat-nation et encourage \u00e0 mettre en \u0153uvre des alternatives pour l\u2019avenir de l&#8217;Europe. L\u2019association acte de mani\u00e8re transnationale par le biais d&#8217;activit\u00e9s cr\u00e9atives et exp\u00e9rimentales. Vous rejoindrez une \u00e9quipe dynamique, venue d\u2019horizons divers et qui travaille majoritairement en anglais.\u00a0<\/span><\/p>\n<p><span style=\"font-weight: 400;\">European Alternatives s&#8217;emploie \u00e0 promouvoir la d\u00e9mocratie, l&#8217;\u00e9galit\u00e9 et la culture au-del\u00e0 de l&#8217;\u00c9tat-nation et \u00e0 imaginer, exiger et mettre en \u0153uvre des alternatives pour un avenir viable pour l&#8217;Europe.<\/span><\/p>\n<p><b>Nos modes d\u2019actions:\u00a0<\/b><\/p>\n<ul>\n<li style=\"font-weight: 400;\" aria-level=\"1\"><span style=\"font-weight: 400;\">Articuler une vision radicale et \u00e0 long terme d&#8217;une politique, d&#8217;une soci\u00e9t\u00e9 et d&#8217;une culture d\u00e9mocratiques, justes et culturellement ouvertes au-del\u00e0 de l&#8217;\u00c9tat-nation pour l&#8217;Europe et pour le monde.<\/span><\/li>\n<li style=\"font-weight: 400;\" aria-level=\"1\"><span style=\"font-weight: 400;\">Exp\u00e9rimenter des formes d&#8217;action qui contribuent \u00e0 un changement transformateur dans les institutions politiques, la soci\u00e9t\u00e9, l&#8217;\u00e9conomie et l&#8217;imaginaire.<\/span><\/li>\n<li style=\"font-weight: 400;\" aria-level=\"1\"><span style=\"font-weight: 400;\">Renforcer les capacit\u00e9s, la connaissance mutuelle et la connexion des membres, des militants associatifs et des organisations travaillant en accord avec nos valeurs.<\/span><\/li>\n<li style=\"font-weight: 400;\" aria-level=\"1\"><span style=\"font-weight: 400;\">Faire progresser et d\u00e9fendre les droits humains, fondamentaux, civiques, d\u00e9mocratiques et sociaux au-del\u00e0 des fronti\u00e8res.<\/span><\/li>\n<\/ul>\n<p><b>Nos valeurs:\u00a0<\/b><\/p>\n<ul>\n<li style=\"font-weight: 400;\" aria-level=\"1\"><span style=\"font-weight: 400;\">Transnational et local : nous pensons que les initiatives locales et r\u00e9gionales ont int\u00e9r\u00eat \u00e0 d\u00e9passer les fronti\u00e8res et les int\u00e9r\u00eats nationaux<\/span><\/li>\n<li style=\"font-weight: 400;\" aria-level=\"1\"><span style=\"font-weight: 400;\">Transdisciplinaire : nous croyons que les alternatives sont g\u00e9n\u00e9r\u00e9es \u00e0 l&#8217;intersection des disciplines et sont enrichies par diverses expertises et perspectives<\/span><\/li>\n<li style=\"font-weight: 400;\" aria-level=\"1\"><span style=\"font-weight: 400;\">Cr\u00e9atif et exp\u00e9rimental : nous croyons au pouvoir des arts et de la culture pour d\u00e9bloquer les imaginaires et \u00e0 la n\u00e9cessit\u00e9 d&#8217;agir et d&#8217;apprendre par l&#8217;exp\u00e9rimentation<\/span><\/li>\n<li style=\"font-weight: 400;\" aria-level=\"1\"><span style=\"font-weight: 400;\">Ouverte, inclusive et f\u00e9ministe : nous croyons en une soci\u00e9t\u00e9 culturellement ouverte et en la diversit\u00e9 comme condition pr\u00e9alable \u00e0 l&#8217;\u00e9mergence d&#8217;alternatives durables<\/span><\/li>\n<li style=\"font-weight: 400;\" aria-level=\"1\"><span style=\"font-weight: 400;\">Autonomisant et participatif : nous offrons aux citoyens un espace de r\u00e9seautage et veillons \u00e0 ce que nos activit\u00e9s et \u00e9v\u00e9nements offrent un espace de co-cr\u00e9ation et de participation<\/span><\/li>\n<li style=\"font-weight: 400;\" aria-level=\"1\"><span style=\"font-weight: 400;\">Anti-eurocentrique : nous pensons qu&#8217;impliquer d&#8217;autres parties du monde dans nos r\u00e9flexions et nos activit\u00e9s est n\u00e9cessaire pour faire \u00e9merger de nouvelles alternatives<\/span><\/li>\n<\/ul>\n<p><b>Notre structure et son fonctionnement op\u00e9rationnel:<\/b><\/p>\n<p><span style=\"font-weight: 400;\">Alternatives Europ\u00e9ennes est une association fran\u00e7aise. Elle a des associations soeurs en Grande Bretagne, Allemagne et Italie, avec lesquelles elle collabore r\u00e9guli\u00e8rement. Dans le cadre de la coordination de projets europ\u00e9ens, Alternatives Europ\u00e9ennes g\u00e8re des partenariats avec d\u2019autres associations et institutions en Europe et est responsable du suivi financier de ces projets aupr\u00e8s de ses financeurs. Alternatives Europ\u00e9ennes m\u00e8ne des activit\u00e9s majoritairement en Europe avec des financements publics et priv\u00e9s.<\/span><\/p>\n<p><b>Votre r\u00f4le<\/b><\/p>\n<p><span style=\"font-weight: 400;\">En tant que responsable Administration et Finance de l\u2019Association, vous aurez un r\u00f4le clef dans la planification et le suivi financier et administratif de l&#8217;association.\u00a0<\/span><\/p>\n<p><span style=\"font-weight: 400;\">Vous serez responsable de la gestion et du suivi de l\u2019activit\u00e9 et de la planification financi\u00e8re de l&#8217;association, en lien avec les chefs de projets, et en liaison avec les comptables et les auditeurs. Vous aurez aussi la responsabilit\u00e9 de r\u00e9aliser le suivi budg\u00e9taire et les op\u00e9rations de paiement.\u00a0<\/span><\/p>\n<p><span style=\"font-weight: 400;\">Garant de la p\u00e9rennit\u00e9 financi\u00e8re, de la transparence et de la fiabilit\u00e9 des comptes, vous serez responsable de la communication financi\u00e8re et produirez les documents comptables et financiers r\u00e9glementaires.\u00a0<\/span><\/p>\n<p><span style=\"font-weight: 400;\">Vous mettez en \u0153uvre les outils permettant de piloter et de rendre compte de la situation financi\u00e8re de l\u2019association, ainsi que de contr\u00f4ler la correcte utilisation des ressources.\u00a0<\/span><\/p>\n<p><span style=\"font-weight: 400;\">Vous travaillerez dans nos bureaux \u00e0 Paris \u00e0 Paris 17. L\u2019association a une politique flexible pour ce qui est du travail \u00e0 domicile, mais le poste demande une pr\u00e9sence r\u00e9guli\u00e8re dans les locaux.\u00a0<\/span><\/p>\n<p><b>Vos t\u00e2ches principales:\u00a0<\/b><\/p>\n<p><span style=\"font-weight: 400;\">Sous la responsabilit\u00e9 des co-directeurs, en collaboration \u00e9troite avec les responsables chefs de projet, et en coordination avec votre homologue responsable de l\u2019association allemande :<\/span><\/p>\n<ul>\n<li style=\"font-weight: 400;\" aria-level=\"1\"><span style=\"font-weight: 400;\">Coordonner et r\u00e9aliser les rapports financiers des projets de l\u2019association<\/span><\/li>\n<li style=\"font-weight: 400;\" aria-level=\"1\"><span style=\"font-weight: 400;\">Organiser et superviser la comptabilit\u00e9\u00a0<\/span><\/li>\n<li style=\"font-weight: 400;\" aria-level=\"1\"><span style=\"font-weight: 400;\">Piloter le processus budg\u00e9taire en lien avec les op\u00e9rationnels<\/span><\/li>\n<li style=\"font-weight: 400;\" aria-level=\"1\"><span style=\"font-weight: 400;\">Garantir un contr\u00f4le de gestion rigoureux et une analyse financi\u00e8re pertinente en veillant \u00e0 l\u2019\u00e9quilibre global de l\u2019association<\/span><\/li>\n<li style=\"font-weight: 400;\" aria-level=\"1\"><span style=\"font-weight: 400;\">Produire les \u00e9l\u00e9ments financiers dans les d\u00e9lais : comptabilit\u00e9 sociale (bilan, compte de r\u00e9sultats, annexes)<\/span><\/li>\n<li style=\"font-weight: 400;\" aria-level=\"1\"><span style=\"font-weight: 400;\">Elaborer les bilans financiers et les dossiers de subvention<\/span><\/li>\n<li style=\"font-weight: 400;\" aria-level=\"1\"><span style=\"font-weight: 400;\">Organiser et superviser l\u2019\u00e9tablissement des paies, leur fiabilit\u00e9 dans les d\u00e9lais impartis selon les r\u00e8gles fiscales, sociales et administratives<\/span><\/li>\n<li style=\"font-weight: 400;\" aria-level=\"1\"><span style=\"font-weight: 400;\">Organiser les outils de pilotage et de suivi<\/span><\/li>\n<li style=\"font-weight: 400;\" aria-level=\"1\"><span style=\"font-weight: 400;\">Participer ponctuellement aux instances de l\u2019association sur les aspects financiers<\/span><\/li>\n<li style=\"font-weight: 400;\" aria-level=\"1\"><span style=\"font-weight: 400;\">G\u00e9rer les paiements des prestataires de service<\/span><\/li>\n<li style=\"font-weight: 400;\" aria-level=\"1\"><span style=\"font-weight: 400;\">G\u00e9rer la contractualisation avec les partenaires et les prestataires<\/span><\/li>\n<\/ul>\n<p><b>Profil recherch\u00e9:<\/b><\/p>\n<p><span style=\"font-weight: 400;\">De formation sup\u00e9rieure en Comptabilit\u00e9\/Finance (Bac + 4\/5, Master Comptabilit\u00e9 contr\u00f4le et audit \/ DSCG \/ \u00c9quivalent) vous justifiez d\u2019une solide exp\u00e9rience.\u00a0<\/span><\/p>\n<p><span style=\"font-weight: 400;\">Vous \u00eates en capacit\u00e9 de mettre en place des outils de contr\u00f4le budg\u00e9taire et de gestion. Vous d\u00e9tenez de bonnes bases solides en comptabilit\u00e9 et en analyse financi\u00e8re, notamment dans la lecture des documents comptables et financiers (grands livres, balances, bilans et comptes de r\u00e9sultats\u2026).<\/span><\/p>\n<p><span style=\"font-weight: 400;\">Vous \u00eates dot\u00e9 de bonnes capacit\u00e9s d\u2019analyse et de synth\u00e8se, dans des environnements complexes.\u00a0<\/span><\/p>\n<p><span style=\"font-weight: 400;\">Vous faites preuve de disponibilit\u00e9, d\u2019organisation, de rigueur et d&#8217;adaptabilit\u00e9, vous \u00eates dynamique, autonome, et rigoureux(se) et avez des capacit\u00e9s relationnelles et p\u00e9dagogiques importantes.<\/span><\/p>\n<p><span style=\"font-weight: 400;\">Vous \u00eates flexible, adaptable et aimez travailler en \u00e9quipe et en r\u00e9seau.<\/span><\/p>\n<p><span style=\"font-weight: 400;\">Vous parlez anglais et fran\u00e7ais de fa\u00e7on courante et \u00eates \u00e0 l\u2019aise pour travailler en anglais et en fran\u00e7ais.\u00a0<\/span><\/p>\n<p><span style=\"font-weight: 400;\">Vous \u00eates int\u00e9ress\u00e9.e par les finalit\u00e9s et les modes d\u2019action de l\u2019association<\/span><\/p>\n<p><span style=\"font-weight: 400;\">Vous avez l\u2019exp\u00e9rience de la gestion financi\u00e8re et administrative de projets europ\u00e9ens ou aupr\u00e8s de bailleurs de fonds internationaux.\u00a0<\/span><\/p>\n<p><span style=\"font-weight: 400;\">Le poste \u00e0 pourvoir en CDI. R\u00e9mun\u00e9ration autour de 40,000-45,000 \u20ac brut annuel pour un temps plein en fonction de l\u2019exp\u00e9rience.\u00a0<\/span><\/p>\n<p><span style=\"font-weight: 400;\">Le poste peut \u00eatre \u00e0 temps plein ou 4 jours par semaine si souhait\u00e9 par la ou le canditat.e.\u00a0<\/span><\/p>\n<p><b>Candidature :\u00a0<\/b><\/p>\n<p><span style=\"font-weight: 400;\">Merci de bien vouloir candidater en envoyant votre CV et votre lettre de motivation par email \u00e0 <\/span><a href=\"mailto:info@euroalter.com\"><span style=\"font-weight: 400;\">info@euroalter.com<\/span><\/a><span style=\"font-weight: 400;\"> avec le titre \u201c<\/span><b>Responsable Administration et Finance\u201d.\u00a0<\/b><\/p>\n<p><b>Recrutement:\u00a0<\/b><\/p>\n<p><span style=\"font-weight: 400;\">Nous \u00e9tudierons les candidatures au fur et \u00e0 mesure de leur soumission. L\u2019appel est ouvert jusqu\u2019au 30 avril inclus.\u00a0<\/span><\/p>\n<p><span style=\"font-weight: 400;\">Le poste est \u00e0 pourvoir dans les plus brefs d\u00e9lais. Si l\u2019association a trouv\u00e9 une personne ad\u00e9quate, elle se donne le droit de clore l\u2019appel \u00e0 candidature avant la date indiqu\u00e9e dans cette annonce.\u00a0<\/span><\/p>\n<p><span style=\"font-weight: 400;\">Les interviews seront r\u00e9alis\u00e9es par zoom ou en personne \u00e0 Paris 17.<br \/>\n<\/span><br \/>\n<b>Diversit\u00e9 : <\/b><span style=\"font-weight: 400;\">Alternatives est un employeur garantissant l&#8217;\u00e9galit\u00e9 des chances et encourage particuli\u00e8rement les candidatures de candidats issus de divers horizons, formations et exp\u00e9riences professionnelles. Nous reconnaissons que les personnes issues de milieux sous-repr\u00e9sent\u00e9s ne sont pas suffisamment incluses dans le secteur des ONG et nous nous engageons fermement \u00e0 faire ce que nous pouvons pour corriger cela. Si vous pensez que de telles opportunit\u00e9s sont moins disponibles pour vous, n\u2019h\u00e9sitez pas \u00e0 candidater. <\/span><\/p>\n","protected":false},"excerpt":{"rendered":"<p>L\u2019association Alternatives Europ\u00e9ennes:\u00a0 Missions et valeurs: Alternatives Europ\u00e9ennes promeut la d\u00e9mocratie, l&#8217;\u00e9galit\u00e9 et la culture au-del\u00e0 de l&#8217;\u00c9tat-nation et encourage \u00e0 mettre en \u0153uvre des&hellip;<\/p>\n","protected":false},"author":8,"featured_media":21333,"comment_status":"closed","ping_status":"closed","sticky":false,"template":"","format":"standard","meta":{"_acf_changed":false,"footnotes":""},"categories":[1],"tags":[303,218,302,297,301,299],"class_list":["post-21332","post","type-post","status-publish","format-standard","has-post-thumbnail","hentry","category-european-alternatives","tag-administration","tag-finance","tag-job-opportunity","tag-job-vacancy","tag-offre-demploi","tag-recruitment"],"acf":[],"yoast_head":"<!-- This site is optimized with the Yoast SEO plugin v24.6 - https:\/\/yoast.com\/wordpress\/plugins\/seo\/ -->\n<title>Offre d&#039;Emploi: Responsable Administration et Finance - European Alternatives<\/title>\n<meta name=\"robots\" content=\"index, follow, max-snippet:-1, max-image-preview:large, max-video-preview:-1\" \/>\n<link rel=\"canonical\" href=\"https:\/\/euroalter.com\/offre-demploi-responsable-administration-et-finance\/\" \/>\n<meta property=\"og:locale\" content=\"it_IT\" \/>\n<meta property=\"og:type\" content=\"article\" \/>\n<meta property=\"og:title\" content=\"Offre d&#039;Emploi: Responsable Administration et Finance - European Alternatives\" \/>\n<meta property=\"og:description\" content=\"L\u2019association Alternatives Europ\u00e9ennes:\u00a0 Missions et valeurs: Alternatives Europ\u00e9ennes promeut la d\u00e9mocratie, l&#8217;\u00e9galit\u00e9 et la culture au-del\u00e0 de l&#8217;\u00c9tat-nation et encourage \u00e0 mettre en \u0153uvre des&hellip;\" \/>\n<meta property=\"og:url\" content=\"https:\/\/euroalter.com\/offre-demploi-responsable-administration-et-finance\/\" \/>\n<meta property=\"og:site_name\" content=\"European Alternatives\" \/>\n<meta property=\"article:published_time\" content=\"2023-04-02T11:12:46+00:00\" \/>\n<meta property=\"article:modified_time\" content=\"2023-04-11T12:55:22+00:00\" \/>\n<meta property=\"og:image\" content=\"https:\/\/euroalter.com\/wp-content\/uploads\/2023\/03\/Responsable-Administration-et-Finance.png\" \/>\n\t<meta property=\"og:image:width\" content=\"500\" \/>\n\t<meta property=\"og:image:height\" content=\"300\" \/>\n\t<meta property=\"og:image:type\" content=\"image\/png\" \/>\n<meta name=\"author\" content=\"Marta Cillero\" \/>\n<meta name=\"twitter:card\" content=\"summary_large_image\" \/>\n<meta name=\"twitter:label1\" content=\"Written by\" \/>\n\t<meta name=\"twitter:data1\" content=\"Marta Cillero\" \/>\n\t<meta name=\"twitter:label2\" content=\"Est. reading time\" \/>\n\t<meta name=\"twitter:data2\" content=\"5 minutes\" \/>\n<script type=\"application\/ld+json\" class=\"yoast-schema-graph\">{\"@context\":\"https:\/\/schema.org\",\"@graph\":[{\"@type\":\"WebPage\",\"@id\":\"https:\/\/euroalter.com\/offre-demploi-responsable-administration-et-finance\/\",\"url\":\"https:\/\/euroalter.com\/offre-demploi-responsable-administration-et-finance\/\",\"name\":\"Offre d'Emploi: Responsable Administration et Finance - European Alternatives\",\"isPartOf\":{\"@id\":\"https:\/\/euroalter.com\/#website\"},\"primaryImageOfPage\":{\"@id\":\"https:\/\/euroalter.com\/offre-demploi-responsable-administration-et-finance\/#primaryimage\"},\"image\":{\"@id\":\"https:\/\/euroalter.com\/offre-demploi-responsable-administration-et-finance\/#primaryimage\"},\"thumbnailUrl\":\"https:\/\/euroalter.com\/wp-content\/uploads\/2023\/03\/Responsable-Administration-et-Finance.png\",\"datePublished\":\"2023-04-02T11:12:46+00:00\",\"dateModified\":\"2023-04-11T12:55:22+00:00\",\"author\":{\"@id\":\"https:\/\/euroalter.com\/#\/schema\/person\/22a482000088767ac51a1e6286c8ad2b\"},\"breadcrumb\":{\"@id\":\"https:\/\/euroalter.com\/offre-demploi-responsable-administration-et-finance\/#breadcrumb\"},\"inLanguage\":\"it-IT\",\"potentialAction\":[{\"@type\":\"ReadAction\",\"target\":[\"https:\/\/euroalter.com\/offre-demploi-responsable-administration-et-finance\/\"]}]},{\"@type\":\"ImageObject\",\"inLanguage\":\"it-IT\",\"@id\":\"https:\/\/euroalter.com\/offre-demploi-responsable-administration-et-finance\/#primaryimage\",\"url\":\"https:\/\/euroalter.com\/wp-content\/uploads\/2023\/03\/Responsable-Administration-et-Finance.png\",\"contentUrl\":\"https:\/\/euroalter.com\/wp-content\/uploads\/2023\/03\/Responsable-Administration-et-Finance.png\",\"width\":500,\"height\":300},{\"@type\":\"BreadcrumbList\",\"@id\":\"https:\/\/euroalter.com\/offre-demploi-responsable-administration-et-finance\/#breadcrumb\",\"itemListElement\":[{\"@type\":\"ListItem\",\"position\":1,\"name\":\"Home\",\"item\":\"https:\/\/euroalter.com\/it\/\"},{\"@type\":\"ListItem\",\"position\":2,\"name\":\"Offre d&#8217;Emploi: Responsable Administration et Finance\"}]},{\"@type\":\"WebSite\",\"@id\":\"https:\/\/euroalter.com\/#website\",\"url\":\"https:\/\/euroalter.com\/\",\"name\":\"European Alternatives\",\"description\":\"Democracy, Equality and Culture beyond the nation\",\"potentialAction\":[{\"@type\":\"SearchAction\",\"target\":{\"@type\":\"EntryPoint\",\"urlTemplate\":\"https:\/\/euroalter.com\/?s={search_term_string}\"},\"query-input\":{\"@type\":\"PropertyValueSpecification\",\"valueRequired\":true,\"valueName\":\"search_term_string\"}}],\"inLanguage\":\"it-IT\"},{\"@type\":\"Person\",\"@id\":\"https:\/\/euroalter.com\/#\/schema\/person\/22a482000088767ac51a1e6286c8ad2b\",\"name\":\"Marta Cillero\",\"image\":{\"@type\":\"ImageObject\",\"inLanguage\":\"it-IT\",\"@id\":\"https:\/\/euroalter.com\/#\/schema\/person\/image\/\",\"url\":\"https:\/\/secure.gravatar.com\/avatar\/7e23f0c5351248c4771d9928f748b58d?s=96&d=mm&r=g\",\"contentUrl\":\"https:\/\/secure.gravatar.com\/avatar\/7e23f0c5351248c4771d9928f748b58d?s=96&d=mm&r=g\",\"caption\":\"Marta Cillero\"}}]}<\/script>\n<!-- \/ Yoast SEO plugin. -->","yoast_head_json":{"title":"Offre d'Emploi: Responsable Administration et Finance - European Alternatives","robots":{"index":"index","follow":"follow","max-snippet":"max-snippet:-1","max-image-preview":"max-image-preview:large","max-video-preview":"max-video-preview:-1"},"canonical":"https:\/\/euroalter.com\/offre-demploi-responsable-administration-et-finance\/","og_locale":"it_IT","og_type":"article","og_title":"Offre d'Emploi: Responsable Administration et Finance - European Alternatives","og_description":"L\u2019association Alternatives Europ\u00e9ennes:\u00a0 Missions et valeurs: Alternatives Europ\u00e9ennes promeut la d\u00e9mocratie, l&#8217;\u00e9galit\u00e9 et la culture au-del\u00e0 de l&#8217;\u00c9tat-nation et encourage \u00e0 mettre en \u0153uvre des&hellip;","og_url":"https:\/\/euroalter.com\/offre-demploi-responsable-administration-et-finance\/","og_site_name":"European Alternatives","article_published_time":"2023-04-02T11:12:46+00:00","article_modified_time":"2023-04-11T12:55:22+00:00","og_image":[{"width":500,"height":300,"url":"https:\/\/euroalter.com\/wp-content\/uploads\/2023\/03\/Responsable-Administration-et-Finance.png","type":"image\/png"}],"author":"Marta Cillero","twitter_card":"summary_large_image","twitter_misc":{"Written by":"Marta Cillero","Est. reading time":"5 minutes"},"schema":{"@context":"https:\/\/schema.org","@graph":[{"@type":"WebPage","@id":"https:\/\/euroalter.com\/offre-demploi-responsable-administration-et-finance\/","url":"https:\/\/euroalter.com\/offre-demploi-responsable-administration-et-finance\/","name":"Offre d'Emploi: Responsable Administration et Finance - European Alternatives","isPartOf":{"@id":"https:\/\/euroalter.com\/#website"},"primaryImageOfPage":{"@id":"https:\/\/euroalter.com\/offre-demploi-responsable-administration-et-finance\/#primaryimage"},"image":{"@id":"https:\/\/euroalter.com\/offre-demploi-responsable-administration-et-finance\/#primaryimage"},"thumbnailUrl":"https:\/\/euroalter.com\/wp-content\/uploads\/2023\/03\/Responsable-Administration-et-Finance.png","datePublished":"2023-04-02T11:12:46+00:00","dateModified":"2023-04-11T12:55:22+00:00","author":{"@id":"https:\/\/euroalter.com\/#\/schema\/person\/22a482000088767ac51a1e6286c8ad2b"},"breadcrumb":{"@id":"https:\/\/euroalter.com\/offre-demploi-responsable-administration-et-finance\/#breadcrumb"},"inLanguage":"it-IT","potentialAction":[{"@type":"ReadAction","target":["https:\/\/euroalter.com\/offre-demploi-responsable-administration-et-finance\/"]}]},{"@type":"ImageObject","inLanguage":"it-IT","@id":"https:\/\/euroalter.com\/offre-demploi-responsable-administration-et-finance\/#primaryimage","url":"https:\/\/euroalter.com\/wp-content\/uploads\/2023\/03\/Responsable-Administration-et-Finance.png","contentUrl":"https:\/\/euroalter.com\/wp-content\/uploads\/2023\/03\/Responsable-Administration-et-Finance.png","width":500,"height":300},{"@type":"BreadcrumbList","@id":"https:\/\/euroalter.com\/offre-demploi-responsable-administration-et-finance\/#breadcrumb","itemListElement":[{"@type":"ListItem","position":1,"name":"Home","item":"https:\/\/euroalter.com\/it\/"},{"@type":"ListItem","position":2,"name":"Offre d&#8217;Emploi: Responsable Administration et Finance"}]},{"@type":"WebSite","@id":"https:\/\/euroalter.com\/#website","url":"https:\/\/euroalter.com\/","name":"European Alternatives","description":"Democracy, Equality and Culture beyond the nation","potentialAction":[{"@type":"SearchAction","target":{"@type":"EntryPoint","urlTemplate":"https:\/\/euroalter.com\/?s={search_term_string}"},"query-input":{"@type":"PropertyValueSpecification","valueRequired":true,"valueName":"search_term_string"}}],"inLanguage":"it-IT"},{"@type":"Person","@id":"https:\/\/euroalter.com\/#\/schema\/person\/22a482000088767ac51a1e6286c8ad2b","name":"Marta Cillero","image":{"@type":"ImageObject","inLanguage":"it-IT","@id":"https:\/\/euroalter.com\/#\/schema\/person\/image\/","url":"https:\/\/secure.gravatar.com\/avatar\/7e23f0c5351248c4771d9928f748b58d?s=96&d=mm&r=g","contentUrl":"https:\/\/secure.gravatar.com\/avatar\/7e23f0c5351248c4771d9928f748b58d?s=96&d=mm&r=g","caption":"Marta Cillero"}}]}},"_links":{"self":[{"href":"https:\/\/euroalter.com\/it\/wp-json\/wp\/v2\/posts\/21332","targetHints":{"allow":["GET"]}}],"collection":[{"href":"https:\/\/euroalter.com\/it\/wp-json\/wp\/v2\/posts"}],"about":[{"href":"https:\/\/euroalter.com\/it\/wp-json\/wp\/v2\/types\/post"}],"author":[{"embeddable":true,"href":"https:\/\/euroalter.com\/it\/wp-json\/wp\/v2\/users\/8"}],"replies":[{"embeddable":true,"href":"https:\/\/euroalter.com\/it\/wp-json\/wp\/v2\/comments?post=21332"}],"version-history":[{"count":5,"href":"https:\/\/euroalter.com\/it\/wp-json\/wp\/v2\/posts\/21332\/revisions"}],"predecessor-version":[{"id":21414,"href":"https:\/\/euroalter.com\/it\/wp-json\/wp\/v2\/posts\/21332\/revisions\/21414"}],"wp:featuredmedia":[{"embeddable":true,"href":"https:\/\/euroalter.com\/it\/wp-json\/wp\/v2\/media\/21333"}],"wp:attachment":[{"href":"https:\/\/euroalter.com\/it\/wp-json\/wp\/v2\/media?parent=21332"}],"wp:term":[{"taxonomy":"category","embeddable":true,"href":"https:\/\/euroalter.com\/it\/wp-json\/wp\/v2\/categories?post=21332"},{"taxonomy":"post_tag","embeddable":true,"href":"https:\/\/euroalter.com\/it\/wp-json\/wp\/v2\/tags?post=21332"}],"curies":[{"name":"wp","href":"https:\/\/api.w.org\/{rel}","templated":true}]}}