{"id":20505,"date":"2022-04-12T15:44:52","date_gmt":"2022-04-12T13:44:52","guid":{"rendered":"https:\/\/euroalter.local\/?p=20505"},"modified":"2022-04-12T15:46:12","modified_gmt":"2022-04-12T13:46:12","slug":"new-edition-of-transeuropa","status":"publish","type":"post","link":"https:\/\/euroalter.com\/it\/new-edition-of-transeuropa\/","title":{"rendered":"New edition of Transeuropa Festival: 20-25 April in Porto"},"content":{"rendered":"<h3>TRANSEUROPA Festival 2022 edition, Decolonialize! Decarbonize! Democratize!, takes place in Porto from the 21th to the 25th of April.<\/h3>\n<p>For over fifteen years now, European Alternatives has curated the <a href=\"https:\/\/transeuropafestival.eu\/\">TRANSEUROPA Festival<\/a>, a transnational artistic and political space that brings together some of the leading actors in cultural and social change from across the world. TRANSEUROPA Festival 2022 edition, Decolonialize! Decarbonize! Democratize!, takes place in Porto from the 21th to the 25th of April.<\/p>\n<p>After living through a global pandemic, we are now shaken by an intensification of war. We urgently need to consolidate transnational networks to promote human rights and democracy and to denounce imperialism and authoritarianism. In a world where many face discrimination and racism on a daily basis we need to decolonize the spaces and contexts in which we operate and let speak those who are normally excluded from mainstream discourses.<\/p>\n<p>By \u2018decarbonising our future\u2019, we mean an urgent shift from an extractivist economic model to planetary custodianship. In a moment in which the world is looking at Europe\u2019s dependency on fossil fuels, natural gas, and oil, we need to mobilize our imaginations to create alternative ways of life. Democracy has to be continuously defended and advanced, it is therefore the second pillar of this Festival. A renewed democracy must reach across borders and enable civic agency for global problems. Transnational democracy is to be built through practices of transfeminism, empowerment of the most marginalized, by institutional and cultural invention.<\/p>\n<blockquote><p>Transnational democracy is to be built through practices of transfeminism, empowerment of the most marginalized, by institutional and cultural invention.<\/p><\/blockquote>\n<p>The third pillar of this Festival edition is based on the premise that we should never take democracy for granted. Democratic and collectively organised spaces are an extension of civil society. We must preserve such spaces and create new ones, as these can serve as laboratories of social and political change, collective sites where new narratives are created.<\/p>\n<p>Porto is an ideal location to take forward these concepts and rethink a new physical and conceptual space. Together with local actors, we propose a programme that relates to the city and its communities, that creates a collective space to imagine new narratives and enact political agency. Let\u2019s imagine and create together, let\u2019s Decolonize, Decarbonise and Democratize our lives!<\/p>\n<p>The Festival programme consists of public conferences, exhibitions, open meetings and music and involves different spaces of the city, including the Porto University, the Botanical Garden, the Cooperativa \u00c1rvore and many others. Confirmed speakers and artists include<strong> \u00c1lvaro de Vasconcelos, Djaimilia Pereira de Almeida, Enik\u0151 Vincze, Gon\u00e7alo Canto Moniz, Isabel Brison and Moon Ribas<\/strong>, among others.<\/p>\n<p>We invite you to save the dates of the next edition of TRANSEUROPA from April 2oth &#8211; 25th, to <a href=\"https:\/\/transeuropafestival.eu\/programme\/\">check the programme<\/a>, and to plan your trip to participate in our Festival.<\/p>\n","protected":false},"excerpt":{"rendered":"<p>TRANSEUROPA Festival 2022 edition, Decolonialize! Decarbonize! Democratize!, takes place in Porto from the 21th to the 25th of April.<\/p>\n","protected":false},"author":8,"featured_media":20270,"comment_status":"closed","ping_status":"closed","sticky":false,"template":"","format":"standard","meta":{"_acf_changed":false,"footnotes":""},"categories":[1],"tags":[],"class_list":["post-20505","post","type-post","status-publish","format-standard","has-post-thumbnail","hentry","category-european-alternatives"],"acf":[],"yoast_head":"<!-- This site is optimized with the Yoast SEO plugin v24.6 - https:\/\/yoast.com\/wordpress\/plugins\/seo\/ -->\n<title>New edition of Transeuropa Festival: 20-25 April in Porto - European Alternatives<\/title>\n<meta name=\"robots\" content=\"index, follow, max-snippet:-1, max-image-preview:large, max-video-preview:-1\" \/>\n<link rel=\"canonical\" href=\"https:\/\/euroalter.com\/new-edition-of-transeuropa\/\" \/>\n<meta property=\"og:locale\" content=\"it_IT\" \/>\n<meta property=\"og:type\" content=\"article\" \/>\n<meta property=\"og:title\" content=\"New edition of Transeuropa Festival: 20-25 April in Porto - European Alternatives\" \/>\n<meta property=\"og:description\" content=\"TRANSEUROPA Festival 2022 edition, Decolonialize! Decarbonize! Democratize!, takes place in Porto from the 21th to the 25th of April.\" \/>\n<meta property=\"og:url\" content=\"https:\/\/euroalter.com\/new-edition-of-transeuropa\/\" \/>\n<meta property=\"og:site_name\" content=\"European Alternatives\" \/>\n<meta property=\"article:published_time\" content=\"2022-04-12T13:44:52+00:00\" \/>\n<meta property=\"article:modified_time\" content=\"2022-04-12T13:46:12+00:00\" \/>\n<meta property=\"og:image\" content=\"https:\/\/euroalter.com\/wp-content\/uploads\/2021\/12\/1-1-scaled.jpg\" \/>\n\t<meta property=\"og:image:width\" content=\"2560\" \/>\n\t<meta property=\"og:image:height\" content=\"1709\" \/>\n\t<meta property=\"og:image:type\" content=\"image\/jpeg\" \/>\n<meta name=\"author\" content=\"Marta Cillero\" \/>\n<meta name=\"twitter:card\" content=\"summary_large_image\" \/>\n<meta name=\"twitter:label1\" content=\"Written by\" \/>\n\t<meta name=\"twitter:data1\" content=\"Marta Cillero\" \/>\n\t<meta name=\"twitter:label2\" content=\"Est. reading time\" \/>\n\t<meta name=\"twitter:data2\" content=\"3 minutes\" \/>\n<script type=\"application\/ld+json\" class=\"yoast-schema-graph\">{\"@context\":\"https:\/\/schema.org\",\"@graph\":[{\"@type\":\"WebPage\",\"@id\":\"https:\/\/euroalter.com\/new-edition-of-transeuropa\/\",\"url\":\"https:\/\/euroalter.com\/new-edition-of-transeuropa\/\",\"name\":\"New edition of Transeuropa Festival: 20-25 April in Porto - European Alternatives\",\"isPartOf\":{\"@id\":\"https:\/\/euroalter.com\/#website\"},\"primaryImageOfPage\":{\"@id\":\"https:\/\/euroalter.com\/new-edition-of-transeuropa\/#primaryimage\"},\"image\":{\"@id\":\"https:\/\/euroalter.com\/new-edition-of-transeuropa\/#primaryimage\"},\"thumbnailUrl\":\"https:\/\/euroalter.com\/wp-content\/uploads\/2021\/12\/1-1-scaled.jpg\",\"datePublished\":\"2022-04-12T13:44:52+00:00\",\"dateModified\":\"2022-04-12T13:46:12+00:00\",\"author\":{\"@id\":\"https:\/\/euroalter.com\/#\/schema\/person\/22a482000088767ac51a1e6286c8ad2b\"},\"breadcrumb\":{\"@id\":\"https:\/\/euroalter.com\/new-edition-of-transeuropa\/#breadcrumb\"},\"inLanguage\":\"it-IT\",\"potentialAction\":[{\"@type\":\"ReadAction\",\"target\":[\"https:\/\/euroalter.com\/new-edition-of-transeuropa\/\"]}]},{\"@type\":\"ImageObject\",\"inLanguage\":\"it-IT\",\"@id\":\"https:\/\/euroalter.com\/new-edition-of-transeuropa\/#primaryimage\",\"url\":\"https:\/\/euroalter.com\/wp-content\/uploads\/2021\/12\/1-1-scaled.jpg\",\"contentUrl\":\"https:\/\/euroalter.com\/wp-content\/uploads\/2021\/12\/1-1-scaled.jpg\",\"width\":2560,\"height\":1709},{\"@type\":\"BreadcrumbList\",\"@id\":\"https:\/\/euroalter.com\/new-edition-of-transeuropa\/#breadcrumb\",\"itemListElement\":[{\"@type\":\"ListItem\",\"position\":1,\"name\":\"Home\",\"item\":\"https:\/\/euroalter.com\/it\/\"},{\"@type\":\"ListItem\",\"position\":2,\"name\":\"New edition of Transeuropa Festival: 20-25 April in Porto\"}]},{\"@type\":\"WebSite\",\"@id\":\"https:\/\/euroalter.com\/#website\",\"url\":\"https:\/\/euroalter.com\/\",\"name\":\"European Alternatives\",\"description\":\"Democracy, Equality and Culture beyond the nation\",\"potentialAction\":[{\"@type\":\"SearchAction\",\"target\":{\"@type\":\"EntryPoint\",\"urlTemplate\":\"https:\/\/euroalter.com\/?s={search_term_string}\"},\"query-input\":{\"@type\":\"PropertyValueSpecification\",\"valueRequired\":true,\"valueName\":\"search_term_string\"}}],\"inLanguage\":\"it-IT\"},{\"@type\":\"Person\",\"@id\":\"https:\/\/euroalter.com\/#\/schema\/person\/22a482000088767ac51a1e6286c8ad2b\",\"name\":\"Marta Cillero\",\"image\":{\"@type\":\"ImageObject\",\"inLanguage\":\"it-IT\",\"@id\":\"https:\/\/euroalter.com\/#\/schema\/person\/image\/\",\"url\":\"https:\/\/secure.gravatar.com\/avatar\/7e23f0c5351248c4771d9928f748b58d?s=96&d=mm&r=g\",\"contentUrl\":\"https:\/\/secure.gravatar.com\/avatar\/7e23f0c5351248c4771d9928f748b58d?s=96&d=mm&r=g\",\"caption\":\"Marta Cillero\"}}]}<\/script>\n<!-- \/ Yoast SEO plugin. -->","yoast_head_json":{"title":"New edition of Transeuropa Festival: 20-25 April in Porto - European Alternatives","robots":{"index":"index","follow":"follow","max-snippet":"max-snippet:-1","max-image-preview":"max-image-preview:large","max-video-preview":"max-video-preview:-1"},"canonical":"https:\/\/euroalter.com\/new-edition-of-transeuropa\/","og_locale":"it_IT","og_type":"article","og_title":"New edition of Transeuropa Festival: 20-25 April in Porto - European Alternatives","og_description":"TRANSEUROPA Festival 2022 edition, Decolonialize! Decarbonize! Democratize!, takes place in Porto from the 21th to the 25th of April.","og_url":"https:\/\/euroalter.com\/new-edition-of-transeuropa\/","og_site_name":"European Alternatives","article_published_time":"2022-04-12T13:44:52+00:00","article_modified_time":"2022-04-12T13:46:12+00:00","og_image":[{"width":2560,"height":1709,"url":"https:\/\/euroalter.com\/wp-content\/uploads\/2021\/12\/1-1-scaled.jpg","type":"image\/jpeg"}],"author":"Marta Cillero","twitter_card":"summary_large_image","twitter_misc":{"Written by":"Marta Cillero","Est. reading time":"3 minutes"},"schema":{"@context":"https:\/\/schema.org","@graph":[{"@type":"WebPage","@id":"https:\/\/euroalter.com\/new-edition-of-transeuropa\/","url":"https:\/\/euroalter.com\/new-edition-of-transeuropa\/","name":"New edition of Transeuropa Festival: 20-25 April in Porto - European Alternatives","isPartOf":{"@id":"https:\/\/euroalter.com\/#website"},"primaryImageOfPage":{"@id":"https:\/\/euroalter.com\/new-edition-of-transeuropa\/#primaryimage"},"image":{"@id":"https:\/\/euroalter.com\/new-edition-of-transeuropa\/#primaryimage"},"thumbnailUrl":"https:\/\/euroalter.com\/wp-content\/uploads\/2021\/12\/1-1-scaled.jpg","datePublished":"2022-04-12T13:44:52+00:00","dateModified":"2022-04-12T13:46:12+00:00","author":{"@id":"https:\/\/euroalter.com\/#\/schema\/person\/22a482000088767ac51a1e6286c8ad2b"},"breadcrumb":{"@id":"https:\/\/euroalter.com\/new-edition-of-transeuropa\/#breadcrumb"},"inLanguage":"it-IT","potentialAction":[{"@type":"ReadAction","target":["https:\/\/euroalter.com\/new-edition-of-transeuropa\/"]}]},{"@type":"ImageObject","inLanguage":"it-IT","@id":"https:\/\/euroalter.com\/new-edition-of-transeuropa\/#primaryimage","url":"https:\/\/euroalter.com\/wp-content\/uploads\/2021\/12\/1-1-scaled.jpg","contentUrl":"https:\/\/euroalter.com\/wp-content\/uploads\/2021\/12\/1-1-scaled.jpg","width":2560,"height":1709},{"@type":"BreadcrumbList","@id":"https:\/\/euroalter.com\/new-edition-of-transeuropa\/#breadcrumb","itemListElement":[{"@type":"ListItem","position":1,"name":"Home","item":"https:\/\/euroalter.com\/it\/"},{"@type":"ListItem","position":2,"name":"New edition of Transeuropa Festival: 20-25 April in Porto"}]},{"@type":"WebSite","@id":"https:\/\/euroalter.com\/#website","url":"https:\/\/euroalter.com\/","name":"European Alternatives","description":"Democracy, Equality and Culture beyond the nation","potentialAction":[{"@type":"SearchAction","target":{"@type":"EntryPoint","urlTemplate":"https:\/\/euroalter.com\/?s={search_term_string}"},"query-input":{"@type":"PropertyValueSpecification","valueRequired":true,"valueName":"search_term_string"}}],"inLanguage":"it-IT"},{"@type":"Person","@id":"https:\/\/euroalter.com\/#\/schema\/person\/22a482000088767ac51a1e6286c8ad2b","name":"Marta Cillero","image":{"@type":"ImageObject","inLanguage":"it-IT","@id":"https:\/\/euroalter.com\/#\/schema\/person\/image\/","url":"https:\/\/secure.gravatar.com\/avatar\/7e23f0c5351248c4771d9928f748b58d?s=96&d=mm&r=g","contentUrl":"https:\/\/secure.gravatar.com\/avatar\/7e23f0c5351248c4771d9928f748b58d?s=96&d=mm&r=g","caption":"Marta Cillero"}}]}},"_links":{"self":[{"href":"https:\/\/euroalter.com\/it\/wp-json\/wp\/v2\/posts\/20505","targetHints":{"allow":["GET"]}}],"collection":[{"href":"https:\/\/euroalter.com\/it\/wp-json\/wp\/v2\/posts"}],"about":[{"href":"https:\/\/euroalter.com\/it\/wp-json\/wp\/v2\/types\/post"}],"author":[{"embeddable":true,"href":"https:\/\/euroalter.com\/it\/wp-json\/wp\/v2\/users\/8"}],"replies":[{"embeddable":true,"href":"https:\/\/euroalter.com\/it\/wp-json\/wp\/v2\/comments?post=20505"}],"version-history":[{"count":3,"href":"https:\/\/euroalter.com\/it\/wp-json\/wp\/v2\/posts\/20505\/revisions"}],"predecessor-version":[{"id":20510,"href":"https:\/\/euroalter.com\/it\/wp-json\/wp\/v2\/posts\/20505\/revisions\/20510"}],"wp:featuredmedia":[{"embeddable":true,"href":"https:\/\/euroalter.com\/it\/wp-json\/wp\/v2\/media\/20270"}],"wp:attachment":[{"href":"https:\/\/euroalter.com\/it\/wp-json\/wp\/v2\/media?parent=20505"}],"wp:term":[{"taxonomy":"category","embeddable":true,"href":"https:\/\/euroalter.com\/it\/wp-json\/wp\/v2\/categories?post=20505"},{"taxonomy":"post_tag","embeddable":true,"href":"https:\/\/euroalter.com\/it\/wp-json\/wp\/v2\/tags?post=20505"}],"curies":[{"name":"wp","href":"https:\/\/api.w.org\/{rel}","templated":true}]}}