{"id":1326,"date":"2017-12-05T14:54:30","date_gmt":"2017-12-05T13:54:30","guid":{"rendered":"https:\/\/euroalter.local\/?p=1326"},"modified":"2020-02-25T15:19:04","modified_gmt":"2020-02-25T14:19:04","slug":"meet-the-candidates","status":"publish","type":"post","link":"https:\/\/euroalter.com\/it\/meet-the-candidates\/","title":{"rendered":"Meet the candidates for the election of two EA board members"},"content":{"rendered":"<p>European Alternatives presents the 5 candidates who have applied to join the transnational board. On October 29th, the\u00a0<a href=\"https:\/\/euroalter.com\/who-we-are\/our-organisation\/governance-participation\/board-of-trustees\">current board members<\/a>\u00a0Catherine Fieschi, Srecko Horvat and Tony Venables have stood down from the board after a two-year term.<\/p>\n<p>The transnational board is composed of a maximum of 8 members, with 4 elected by members of European Alternatives, and up to 4 co-opted by the board itself to build relationships with member organisations or to bring additional capacities to the organisation.\u00a0New elections \u200bare called every year to renew 2 board positions, for a 2-year term.<\/p>\n<p>Members of European Alternatives will vote\u00a0from Friday December 8th, from 10am to Sunday, December 17th, midnight\u00a0to elect the two new board members. The voting will be online, password protected and anonymous.\u00a0You can ask any questions directly to the candidates this week before and during the voting on\u00a0<a href=\"https:\/\/www.facebook.com\/euroalter\" target=\"_blank\" rel=\"noopener noreferrer\">our Facebook page<\/a>\u00a0or by sending an e-mail to Martin,\u00a0<a href=\"mailto:m.pairet@euroalter.com\" target=\"_blank\" rel=\"noopener noreferrer\">m.pairet@euroalter.com<\/a>, who will forward them.<\/p>\n<p>&nbsp;<\/p>\n<h2>CANDIDATES FOR THE BOARD<\/h2>\n<hr \/>\n<h3><strong><a href=\"https:\/\/euroalter.com\/wp-content\/uploads\/2017\/12\/suzana_carp.png\"><img loading=\"lazy\" decoding=\"async\" class=\"alignleft wp-image-14476\" src=\"https:\/\/euroalter.com\/wp-content\/uploads\/2017\/12\/suzana_carp.png\" sizes=\"auto, (max-width: 150px) 100vw, 150px\" srcset=\"https:\/\/euroalter.com\/wp-content\/uploads\/2017\/12\/suzana_carp.png 500w, https:\/\/euroalter.com\/wp-content\/uploads\/2017\/12\/suzana_carp-150x150.png 150w, https:\/\/euroalter.com\/wp-content\/uploads\/2017\/12\/suzana_carp-300x300.png 300w\" alt=\"\" width=\"150\" height=\"150\" \/><\/a>SUZANA CARP<\/strong><\/h3>\n<p>Suzana lives in Brussels where she leads on the EU engagement work of a London based climate policy think tank\u00a0<a href=\"https:\/\/sandbag.org.uk\/\">Sandbag<\/a>. She holds an MSc in Migration Studies from the University of Oxford, awarded with Distinctions, a second Masters degree in European Studies from the College of Europe in Warsaw. She completed her University degree in the United States, where she specialised in political science and international affairs.<\/p>\n<p>She worked on a number of migration related projects, including working on a project investigating migration in the media across different countries, completing a comprehensive study of refugee support across the EU, etc. Her interests cover also democratic theory, having founded the project\u00a0<a href=\"https:\/\/web.facebook.com\/Act4Democracy\/\">Act 4 Democracy<\/a>, which strives to offer education for democracy through theatre to youth from underprivileged backgrounds and remote areas.<\/p>\n<p><iframe loading=\"lazy\" src=\"https:\/\/www.youtube.com\/embed\/t5npKbdNDxc\" width=\"560\" height=\"315\" frameborder=\"0\" allowfullscreen=\"allowfullscreen\" data-mce-fragment=\"1\"><\/iframe><\/p>\n<hr \/>\n<h3><strong><a href=\"https:\/\/euroalter.com\/wp-content\/uploads\/2017\/12\/andrej_bereta.png\"><img loading=\"lazy\" decoding=\"async\" class=\"alignleft wp-image-14477\" src=\"https:\/\/euroalter.com\/wp-content\/uploads\/2017\/12\/andrej_bereta.png\" sizes=\"auto, (max-width: 150px) 100vw, 150px\" srcset=\"https:\/\/euroalter.com\/wp-content\/uploads\/2017\/12\/andrej_bereta.png 500w, https:\/\/euroalter.com\/wp-content\/uploads\/2017\/12\/andrej_bereta-150x150.png 150w, https:\/\/euroalter.com\/wp-content\/uploads\/2017\/12\/andrej_bereta-300x300.png 300w\" alt=\"\" width=\"150\" height=\"150\" \/><\/a>ANDREJ BERETA<\/strong><\/h3>\n<p>Andrej Bereta is a curator, art historian and cultural entrepreneur. He is the Co-founder of ARTIKAL, Belgrade, since 2008. Since 2011 he is investing his strengths on the\u00a0<a href=\"https:\/\/web.facebook.com\/Kustosiranje-About-and-around-curating-299365586836254\">Project About and around curating\/Kustosiranje<\/a>\u00a0(co-author with Srdjan Tunic), an educative and research curatorial project, based on the idea of lifelong learning, designed for professionals and students from the fields of arts and culture and open for general public. The mission of the project includes: developing toolbox and required skills, working on curatorial practices and on the technologies of preparation and realisation of independent exhibition project, education and supporting proactive attitude of young and future art curators, team work, developing entrepreneurship in the field of culture, spreading share culture.\u00a0Developed as a public program, it is strongly oriented on regional cooperation. This is an academic course for master studies at University of Belgrade in partnership with University of Vilnius and in cooperation with European Universities.<\/p>\n<p>Since 2014 he is curator of Arts Kozara: international AiR, Art Laboratory in nature on mountain Kozara (BiH). In 2013\u00a0he was the director (with Srdjan Tunic) of Mikser Festival 2013 for Visual arts. In 2008 he co-created the Project ARTUR- Cultural tour for disabled persons. Andrej is co-creator and participant of Creative Mentorship. Finally, he is a lecturer on Visual Arts at Independent University of Banja Luka (BiH).<\/p>\n<p><iframe loading=\"lazy\" src=\"https:\/\/www.youtube.com\/embed\/b8k6Wtfacmg\" width=\"560\" height=\"315\" frameborder=\"0\" allowfullscreen=\"allowfullscreen\" data-mce-fragment=\"1\"><\/iframe><\/p>\n<hr \/>\n<h3><strong><a href=\"https:\/\/euroalter.com\/wp-content\/uploads\/2017\/12\/alberto_alemanno.png\"><img loading=\"lazy\" decoding=\"async\" class=\"alignleft wp-image-14478\" src=\"https:\/\/euroalter.com\/wp-content\/uploads\/2017\/12\/alberto_alemanno.png\" sizes=\"auto, (max-width: 150px) 100vw, 150px\" srcset=\"https:\/\/euroalter.com\/wp-content\/uploads\/2017\/12\/alberto_alemanno.png 500w, https:\/\/euroalter.com\/wp-content\/uploads\/2017\/12\/alberto_alemanno-150x150.png 150w, https:\/\/euroalter.com\/wp-content\/uploads\/2017\/12\/alberto_alemanno-300x300.png 300w\" alt=\"\" width=\"150\" height=\"150\" \/><\/a>ALBERTO ALEMANNO<\/strong><\/h3>\n<p>Alberto Alemanno is an academic, civic advocate and public interest lawyer. He\u2019s Jean Monnet Professor of EU Law at HEC Paris and Global Professor of Law at New York University School of Law.\u00a0Due to his commitment to bridge the gap between academic research and policy action, Alberto pioneered innovative forms of civic engagement over the last decade and championed pro bono services. Both his scholarship and public interest work on openness, transparency and civic engagement has considerably shaped EU institutional setting and practice. His free-access MOOC\u00a0<a href=\"https:\/\/www.coursera.org\/learn\/europe\">Understanding Europe: Why It Matters and What It Can Offer You<\/a>\u00a0reached and empowered more than 200,000 participants across the EU and beyond. The\u00a0<a href=\"http:\/\/euclinic.eu\/\">EU Public Interest Clinic<\/a>, which he runs from Paris, trained hundreds of public interest lawyers and served dozens of NGOs promoting the EU public interest. Today Alberto runs\u00a0<a href=\"http:\/\/www.thegoodlobby.eu\/\">The Good Lobby<\/a>, the first advocacy skill-sharing community aimed at connecting people with expertise with civil society organizations who need them in pursuit of the public interest and training campaigners all across Europe through free workshops.<\/p>\n<p>Alberto is a regular contributor to Le Monde, Politico Europe, and Bloomberg, and his scholarly and public interest work has been featured in The New York Times, The Economist, Science, and the Financial Times. His last book, \u2018<a href=\"https:\/\/www.amazon.co.uk\/Lobbying-Change-Create-Better-Society\/dp\/1785782851\">Lobbying for Change: Find Your Voice to Create a Better Society<\/a>\u2019 (Iconbooks, 2017), provides a timely analysis and guide to levelling the democratic playing field by empowering ordinary citizens to speak up and inform policy decisions at local, national and international level.<\/p>\n<p><iframe loading=\"lazy\" src=\"https:\/\/www.youtube.com\/embed\/ZfXe8FbzYK8\" width=\"560\" height=\"315\" frameborder=\"0\" allowfullscreen=\"allowfullscreen\" data-mce-fragment=\"1\"><\/iframe><\/p>\n<hr \/>\n<h3><strong><a href=\"https:\/\/euroalter.com\/wp-content\/uploads\/2017\/12\/estelle_nabeyrat.png\"><img loading=\"lazy\" decoding=\"async\" class=\"alignleft wp-image-14479\" src=\"https:\/\/euroalter.com\/wp-content\/uploads\/2017\/12\/estelle_nabeyrat.png\" sizes=\"auto, (max-width: 150px) 100vw, 150px\" srcset=\"https:\/\/euroalter.com\/wp-content\/uploads\/2017\/12\/estelle_nabeyrat.png 500w, https:\/\/euroalter.com\/wp-content\/uploads\/2017\/12\/estelle_nabeyrat-150x150.png 150w, https:\/\/euroalter.com\/wp-content\/uploads\/2017\/12\/estelle_nabeyrat-300x300.png 300w\" alt=\"\" width=\"150\" height=\"150\" \/><\/a>ESTELLE NABEYRAT<br \/>\n<\/strong><\/h3>\n<p>Estelle is a German French curator and art critic mostly based between Paris and Lisbon. She curated several exhibitions projects at Neuer Aachner Kunstverein, Museu da R\u00e9p\u00f9blic\u00e0 in Rio de Janeiro, at galerie Emmanuel Herv\u00e9 (Paris), Espace Khiasma (les Lilas), Scaramouche Gallery NY, Palais de Tokyo (Paris) and many more. She worked at the Bildende Kunst Akademie in Vienna as assistant of Ute Meta Bauer and then then joined the School of Fine arts Lyon (ENSBA) School of Art &amp; design Reims (Esad) and at the Art center Le Magasin as Head of the curatorial program. She also worked for Performa Biennal NYC (2015), Orange Rouge (2013-14) and is now assisting artist Pier Paolo Calzolari. In 2009, she received a fellowship from the Museum of Fine Arts in Houston before being hosted as curator-in-residency at Palais de Tokyo (2010-11) and Capacete Brazil (2011).<\/p>\n<p>In 2012, she received a fellowship by the Cnap for a research on anthropophagia. She also worked on historial re-enactment in contemporary art (to be published at PUR), history and forms of violence in a decolonizing perspective. Related to that, she has been working on a documentation project around the work of independentist journalist Henri Alleg during the algerian war. Her texts have been published in several reviews and newspapers (<i>South as a mind, L\u2019art m\u00eame, Z\u00e9rodeux, Kaleidoscope, La belle revue<\/i>\u2026) and catalogues. She co-directed the book\u00a0<i>R\u00e9alit\u00e9 du commissariat<\/i>\u00a0at beaux arts de Paris publisher. She runs in Lisbon a project called \u03c0\u03bd\u03b5\u1fe6\u03bc\u03b1 (#pneumalisboa).<\/p>\n<p><iframe loading=\"lazy\" src=\"https:\/\/www.youtube.com\/embed\/Tfk9jZ510d4\" width=\"560\" height=\"315\" frameborder=\"0\" allowfullscreen=\"allowfullscreen\" data-mce-fragment=\"1\"><\/iframe><\/p>\n<hr \/>\n<h3><strong><a href=\"https:\/\/euroalter.com\/wp-content\/uploads\/2017\/12\/matteo_binci.png\"><img loading=\"lazy\" decoding=\"async\" class=\"alignleft wp-image-14480\" src=\"https:\/\/euroalter.com\/wp-content\/uploads\/2017\/12\/matteo_binci.png\" sizes=\"auto, (max-width: 150px) 100vw, 150px\" srcset=\"https:\/\/euroalter.com\/wp-content\/uploads\/2017\/12\/matteo_binci.png 500w, https:\/\/euroalter.com\/wp-content\/uploads\/2017\/12\/matteo_binci-150x150.png 150w, https:\/\/euroalter.com\/wp-content\/uploads\/2017\/12\/matteo_binci-300x300.png 300w\" alt=\"\" width=\"150\" height=\"150\" \/><\/a>MATTEO BINCI<br \/>\n<\/strong><\/h3>\n<p>Matteo is studying Visual Cultures and Curatorial Studies at Accademia di Brera in Milan. He has been an activist of NoGrandiNavi, an environmental movement fighting against big ships in Venice lagoon and a member of S.a.L.E. Docks in Venice, a space for reflection and political action within contemporary art. He is also writing for Metalocus, Operaviva Magazine, Segno, Nuova Meta and other art magazines, interviewing artists about art,<br \/>\neconomics, digital and politics.<\/p>\n<p>He is very interested in how art could become a self-representation and emancipation tool both for movements and individual. Could Art be an antagonistic force for the investigation of economic and political contradiction in our society. He also focuses on digital activism and the way it could help new forms of coalitions and mutual aid. The web is not even more an horizontal and free utopia but it is a realm of some corporations and mass surveillance. For these reasons, he believes we need to imagine new forms of digital awareness and that we have to think about which is the role of images, considering their message and impact.<\/p>\n<p><iframe loading=\"lazy\" src=\"https:\/\/www.youtube.com\/embed\/CcIBsKjhXTM\" width=\"560\" height=\"315\" frameborder=\"0\" allowfullscreen=\"allowfullscreen\" data-mce-fragment=\"1\"><\/iframe><\/p>\n","protected":false},"excerpt":{"rendered":"<p>European Alternatives presents the 5 candidates who have applied to join the transnational board. On October 29th, the\u00a0current board members\u00a0Catherine Fieschi, Srecko Horvat and Tony&hellip;<\/p>\n","protected":false},"author":8,"featured_media":1327,"comment_status":"closed","ping_status":"closed","sticky":false,"template":"","format":"standard","meta":{"_acf_changed":false,"footnotes":""},"categories":[1],"tags":[],"class_list":["post-1326","post","type-post","status-publish","format-standard","has-post-thumbnail","hentry","category-european-alternatives"],"acf":[],"yoast_head":"<!-- This site is optimized with the Yoast SEO plugin v24.6 - https:\/\/yoast.com\/wordpress\/plugins\/seo\/ -->\n<title>Meet the candidates for the election of two EA board members - European Alternatives<\/title>\n<meta name=\"robots\" content=\"index, follow, max-snippet:-1, max-image-preview:large, max-video-preview:-1\" \/>\n<link rel=\"canonical\" href=\"https:\/\/euroalter.com\/meet-the-candidates\/\" \/>\n<meta property=\"og:locale\" content=\"it_IT\" \/>\n<meta property=\"og:type\" content=\"article\" \/>\n<meta property=\"og:title\" content=\"Meet the candidates for the election of two EA board members - European Alternatives\" \/>\n<meta property=\"og:description\" content=\"European Alternatives presents the 5 candidates who have applied to join the transnational board. On October 29th, the\u00a0current board members\u00a0Catherine Fieschi, Srecko Horvat and Tony&hellip;\" \/>\n<meta property=\"og:url\" content=\"https:\/\/euroalter.com\/meet-the-candidates\/\" \/>\n<meta property=\"og:site_name\" content=\"European Alternatives\" \/>\n<meta property=\"article:published_time\" content=\"2017-12-05T13:54:30+00:00\" \/>\n<meta property=\"article:modified_time\" content=\"2020-02-25T14:19:04+00:00\" \/>\n<meta property=\"og:image\" content=\"https:\/\/euroalter.com\/wp-content\/uploads\/2020\/02\/candidates.png\" \/>\n\t<meta property=\"og:image:width\" content=\"550\" \/>\n\t<meta property=\"og:image:height\" content=\"300\" \/>\n\t<meta property=\"og:image:type\" content=\"image\/png\" \/>\n<meta name=\"author\" content=\"Marta Cillero\" \/>\n<meta name=\"twitter:card\" content=\"summary_large_image\" \/>\n<meta name=\"twitter:label1\" content=\"Written by\" \/>\n\t<meta name=\"twitter:data1\" content=\"Marta Cillero\" \/>\n\t<meta name=\"twitter:label2\" content=\"Est. reading time\" \/>\n\t<meta name=\"twitter:data2\" content=\"6 minutes\" \/>\n<script type=\"application\/ld+json\" class=\"yoast-schema-graph\">{\"@context\":\"https:\/\/schema.org\",\"@graph\":[{\"@type\":\"WebPage\",\"@id\":\"https:\/\/euroalter.com\/meet-the-candidates\/\",\"url\":\"https:\/\/euroalter.com\/meet-the-candidates\/\",\"name\":\"Meet the candidates for the election of two EA board members - European Alternatives\",\"isPartOf\":{\"@id\":\"https:\/\/euroalter.com\/#website\"},\"primaryImageOfPage\":{\"@id\":\"https:\/\/euroalter.com\/meet-the-candidates\/#primaryimage\"},\"image\":{\"@id\":\"https:\/\/euroalter.com\/meet-the-candidates\/#primaryimage\"},\"thumbnailUrl\":\"https:\/\/euroalter.com\/wp-content\/uploads\/2020\/02\/candidates.png\",\"datePublished\":\"2017-12-05T13:54:30+00:00\",\"dateModified\":\"2020-02-25T14:19:04+00:00\",\"author\":{\"@id\":\"https:\/\/euroalter.com\/#\/schema\/person\/22a482000088767ac51a1e6286c8ad2b\"},\"breadcrumb\":{\"@id\":\"https:\/\/euroalter.com\/meet-the-candidates\/#breadcrumb\"},\"inLanguage\":\"it-IT\",\"potentialAction\":[{\"@type\":\"ReadAction\",\"target\":[\"https:\/\/euroalter.com\/meet-the-candidates\/\"]}]},{\"@type\":\"ImageObject\",\"inLanguage\":\"it-IT\",\"@id\":\"https:\/\/euroalter.com\/meet-the-candidates\/#primaryimage\",\"url\":\"https:\/\/euroalter.com\/wp-content\/uploads\/2020\/02\/candidates.png\",\"contentUrl\":\"https:\/\/euroalter.com\/wp-content\/uploads\/2020\/02\/candidates.png\",\"width\":550,\"height\":300},{\"@type\":\"BreadcrumbList\",\"@id\":\"https:\/\/euroalter.com\/meet-the-candidates\/#breadcrumb\",\"itemListElement\":[{\"@type\":\"ListItem\",\"position\":1,\"name\":\"Home\",\"item\":\"https:\/\/euroalter.com\/it\/\"},{\"@type\":\"ListItem\",\"position\":2,\"name\":\"Meet the candidates for the election of two EA board members\"}]},{\"@type\":\"WebSite\",\"@id\":\"https:\/\/euroalter.com\/#website\",\"url\":\"https:\/\/euroalter.com\/\",\"name\":\"European Alternatives\",\"description\":\"Democracy, Equality and Culture beyond the nation\",\"potentialAction\":[{\"@type\":\"SearchAction\",\"target\":{\"@type\":\"EntryPoint\",\"urlTemplate\":\"https:\/\/euroalter.com\/?s={search_term_string}\"},\"query-input\":{\"@type\":\"PropertyValueSpecification\",\"valueRequired\":true,\"valueName\":\"search_term_string\"}}],\"inLanguage\":\"it-IT\"},{\"@type\":\"Person\",\"@id\":\"https:\/\/euroalter.com\/#\/schema\/person\/22a482000088767ac51a1e6286c8ad2b\",\"name\":\"Marta Cillero\",\"image\":{\"@type\":\"ImageObject\",\"inLanguage\":\"it-IT\",\"@id\":\"https:\/\/euroalter.com\/#\/schema\/person\/image\/\",\"url\":\"https:\/\/secure.gravatar.com\/avatar\/7e23f0c5351248c4771d9928f748b58d?s=96&d=mm&r=g\",\"contentUrl\":\"https:\/\/secure.gravatar.com\/avatar\/7e23f0c5351248c4771d9928f748b58d?s=96&d=mm&r=g\",\"caption\":\"Marta Cillero\"}}]}<\/script>\n<!-- \/ Yoast SEO plugin. -->","yoast_head_json":{"title":"Meet the candidates for the election of two EA board members - European Alternatives","robots":{"index":"index","follow":"follow","max-snippet":"max-snippet:-1","max-image-preview":"max-image-preview:large","max-video-preview":"max-video-preview:-1"},"canonical":"https:\/\/euroalter.com\/meet-the-candidates\/","og_locale":"it_IT","og_type":"article","og_title":"Meet the candidates for the election of two EA board members - European Alternatives","og_description":"European Alternatives presents the 5 candidates who have applied to join the transnational board. On October 29th, the\u00a0current board members\u00a0Catherine Fieschi, Srecko Horvat and Tony&hellip;","og_url":"https:\/\/euroalter.com\/meet-the-candidates\/","og_site_name":"European Alternatives","article_published_time":"2017-12-05T13:54:30+00:00","article_modified_time":"2020-02-25T14:19:04+00:00","og_image":[{"width":550,"height":300,"url":"https:\/\/euroalter.com\/wp-content\/uploads\/2020\/02\/candidates.png","type":"image\/png"}],"author":"Marta Cillero","twitter_card":"summary_large_image","twitter_misc":{"Written by":"Marta Cillero","Est. reading time":"6 minutes"},"schema":{"@context":"https:\/\/schema.org","@graph":[{"@type":"WebPage","@id":"https:\/\/euroalter.com\/meet-the-candidates\/","url":"https:\/\/euroalter.com\/meet-the-candidates\/","name":"Meet the candidates for the election of two EA board members - European Alternatives","isPartOf":{"@id":"https:\/\/euroalter.com\/#website"},"primaryImageOfPage":{"@id":"https:\/\/euroalter.com\/meet-the-candidates\/#primaryimage"},"image":{"@id":"https:\/\/euroalter.com\/meet-the-candidates\/#primaryimage"},"thumbnailUrl":"https:\/\/euroalter.com\/wp-content\/uploads\/2020\/02\/candidates.png","datePublished":"2017-12-05T13:54:30+00:00","dateModified":"2020-02-25T14:19:04+00:00","author":{"@id":"https:\/\/euroalter.com\/#\/schema\/person\/22a482000088767ac51a1e6286c8ad2b"},"breadcrumb":{"@id":"https:\/\/euroalter.com\/meet-the-candidates\/#breadcrumb"},"inLanguage":"it-IT","potentialAction":[{"@type":"ReadAction","target":["https:\/\/euroalter.com\/meet-the-candidates\/"]}]},{"@type":"ImageObject","inLanguage":"it-IT","@id":"https:\/\/euroalter.com\/meet-the-candidates\/#primaryimage","url":"https:\/\/euroalter.com\/wp-content\/uploads\/2020\/02\/candidates.png","contentUrl":"https:\/\/euroalter.com\/wp-content\/uploads\/2020\/02\/candidates.png","width":550,"height":300},{"@type":"BreadcrumbList","@id":"https:\/\/euroalter.com\/meet-the-candidates\/#breadcrumb","itemListElement":[{"@type":"ListItem","position":1,"name":"Home","item":"https:\/\/euroalter.com\/it\/"},{"@type":"ListItem","position":2,"name":"Meet the candidates for the election of two EA board members"}]},{"@type":"WebSite","@id":"https:\/\/euroalter.com\/#website","url":"https:\/\/euroalter.com\/","name":"European Alternatives","description":"Democracy, Equality and Culture beyond the nation","potentialAction":[{"@type":"SearchAction","target":{"@type":"EntryPoint","urlTemplate":"https:\/\/euroalter.com\/?s={search_term_string}"},"query-input":{"@type":"PropertyValueSpecification","valueRequired":true,"valueName":"search_term_string"}}],"inLanguage":"it-IT"},{"@type":"Person","@id":"https:\/\/euroalter.com\/#\/schema\/person\/22a482000088767ac51a1e6286c8ad2b","name":"Marta Cillero","image":{"@type":"ImageObject","inLanguage":"it-IT","@id":"https:\/\/euroalter.com\/#\/schema\/person\/image\/","url":"https:\/\/secure.gravatar.com\/avatar\/7e23f0c5351248c4771d9928f748b58d?s=96&d=mm&r=g","contentUrl":"https:\/\/secure.gravatar.com\/avatar\/7e23f0c5351248c4771d9928f748b58d?s=96&d=mm&r=g","caption":"Marta Cillero"}}]}},"_links":{"self":[{"href":"https:\/\/euroalter.com\/it\/wp-json\/wp\/v2\/posts\/1326","targetHints":{"allow":["GET"]}}],"collection":[{"href":"https:\/\/euroalter.com\/it\/wp-json\/wp\/v2\/posts"}],"about":[{"href":"https:\/\/euroalter.com\/it\/wp-json\/wp\/v2\/types\/post"}],"author":[{"embeddable":true,"href":"https:\/\/euroalter.com\/it\/wp-json\/wp\/v2\/users\/8"}],"replies":[{"embeddable":true,"href":"https:\/\/euroalter.com\/it\/wp-json\/wp\/v2\/comments?post=1326"}],"version-history":[{"count":1,"href":"https:\/\/euroalter.com\/it\/wp-json\/wp\/v2\/posts\/1326\/revisions"}],"predecessor-version":[{"id":1328,"href":"https:\/\/euroalter.com\/it\/wp-json\/wp\/v2\/posts\/1326\/revisions\/1328"}],"wp:featuredmedia":[{"embeddable":true,"href":"https:\/\/euroalter.com\/it\/wp-json\/wp\/v2\/media\/1327"}],"wp:attachment":[{"href":"https:\/\/euroalter.com\/it\/wp-json\/wp\/v2\/media?parent=1326"}],"wp:term":[{"taxonomy":"category","embeddable":true,"href":"https:\/\/euroalter.com\/it\/wp-json\/wp\/v2\/categories?post=1326"},{"taxonomy":"post_tag","embeddable":true,"href":"https:\/\/euroalter.com\/it\/wp-json\/wp\/v2\/tags?post=1326"}],"curies":[{"name":"wp","href":"https:\/\/api.w.org\/{rel}","templated":true}]}}