{"id":6820,"date":"2014-06-07T13:05:37","date_gmt":"2014-06-07T11:05:37","guid":{"rendered":"https:\/\/euroalter.local\/?p=6820"},"modified":"2014-06-07T13:05:37","modified_gmt":"2014-06-07T11:05:37","slug":"les-droits-des-migrants-en-europe","status":"publish","type":"post","link":"https:\/\/euroalter.com\/fr\/les-droits-des-migrants-en-europe\/","title":{"rendered":"Les droits des migrants en Europe"},"content":{"rendered":"<p>Traduit par Guillaume Feuillette<\/p>\n<p>Le 17 octobre dernier s&#8217;est tenue au Parlement europ\u00e9en une conf\u00e9rence internationale intitul\u00e9e \u00ab\u00a0La banalisation de la r\u00e9tention administrative des migrants et la libre circulation des citoyens\u00a0: Place aux alternatives\u00a0\u00bb. Organis\u00e9e par Alternatives Europ\u00e9ennes et la campagne italienne LasciateCIEntrare, elle a abord\u00e9 le th\u00e8me de la violation des droits de l&#8217;homme et les alternatives aux r\u00e9tentions administratives. Elle a permis de r\u00e9unir les repr\u00e9sentants des gouvernements nationaux, le Parlement europ\u00e9en et des membres de la soci\u00e9t\u00e9 civile pour trouver des moyens d&#8217;emp\u00eacher la d\u00e9tention des migrants, des demandeurs d&#8217;asile et des r\u00e9fugi\u00e9s au niveau europ\u00e9en. La conf\u00e9rence a \u00e9tudi\u00e9 des objectifs \u00e0 long terme, tels que des recommandations pour un r\u00f4le plus accru des institutions dans la p\u00e9rennisation et la protection de la libre circulation des citoyens, y compris les ressortissants des pays tiers, ainsi que des pressions en faveur de l&#8217;adoption de l\u00e9gislations europ\u00e9ennes dans ce domaine, en \u00e9tablissant des standards pr\u00e9cis de libert\u00e9 de r\u00e9sidence des personnes et de libre circulation.<\/p>\n<p>La conf\u00e9rence d&#8217;octobre dernier au Parlement europ\u00e9en \u00e9tait une r\u00e9ponse \u00e0 une demande d&#8217;audit soumise par la coalition de la Commission europ\u00e9enne sur la transposition de la Directive sur le retour (2008\/115\/EC) dans les \u00c9tats membres.<\/p>\n<p>La conf\u00e9rence a accueilli la ministre italienne de l&#8217;int\u00e9gration, C\u00e9cile Kyenge Kashetu, les membres du Parlement europ\u00e9en Silvia Costa (S&amp;D), Marie-Christine Vergiat (Gauche Unitaire Europ\u00e9enne et Gauche Verte Nordique), H\u00e9l\u00e8ne Flautre (Ls Verts\/ALE), ainsi que des activistes et des universitaires de venus toute l&#8217;Europe.\u00a0 Ils ont \u00e9mis des recommandations pour un changement radical dans les politiques migratoires europ\u00e9ennes, qui causent syst\u00e9matiquement des trag\u00e9dies comme celle de Lampedusa, largement reprises par les m\u00e9dias. Organis\u00e9e dans un contexte particuli\u00e8rement sensible, la conf\u00e9rence a mis en avant des alternatives \u00e0 la banalisation des r\u00e9tentions administratives des migrants et aux obstacles de la libre circulation des citoyens.<\/p>\n<p>Ces 5 derni\u00e8res ann\u00e9es, Alternatives europ\u00e9ennes a oeuvr\u00e9 activement pour la d\u00e9fense des droits des migrants, pour la libre circulation des citoyens et contre les politiques de r\u00e9tention, \u00e0 travers la campagne Open Access Now, lanc\u00e9e en 2011 avec Migreurop et LasciateCIEntrare et d&#8217;autres associations. Ces deux campagnes r\u00e9clament un acc\u00e8s des journalistes aux centres de d\u00e9tention des migrants et aux organisations de la soci\u00e9t\u00e9 civile. Elles luttent \u00e9galement contre la suspension et les restrictions des droits civils europ\u00e9ens de base, comme le droit \u00e0 une information ind\u00e9pendante et libre.<\/p>\n<p>Alternatives Europ\u00e9ennes a ainsi largement contribu\u00e9 \u00e0 un changement de politique raisonn\u00e9 afin de mieux s&#8217;occuper de de l&#8217;ensemble des zones de migration avec les institutions europ\u00e9ennes, ainsi que la mise en place de son programme \u00e0 court terme intitul\u00e9\u00a0: \u00ab\u00a0Une nouvelle politique migratoire pour l&#8217;Europe\u00a0\u00bb. \u00a0Alternatives Europ\u00e9ennes et ses partenaires ont \u00e9galement men\u00e9 d&#8217;autres projets relatifs aux droits des migrants, comme les 3 ans d&#8217;\u00e9tudes qui ont men\u00e9 \u00e0 la publication du Manifeste Citoyen, des campagnes de plaidoyer en faveur de la r\u00e9vision de la Directive sur le retour. Alternatives Europ\u00e9ennes a jou\u00e9 un r\u00f4le de premier plan dans le groupe de travail sur l&#8217;Alliance pour l&#8217;ann\u00e9e europ\u00e9enne des citoyens, notamment sur le th\u00e8me la citoyennet\u00e9 europ\u00e9enne et ouverte. Cela a fait suite \u00e0 un processus d&#8217;investigation et de consultation visant \u00e0 identifier les domaines de politique cl\u00e9s o\u00f9 les sollicitations europ\u00e9ennes peuvent \u00eatre soutenues, tout en construisant une collaboration plus forte entre les acteurs europ\u00e9ens cl\u00e9s.<\/p>\n<p>D\u00e9sormais, Alternatives europ\u00e9ennes et les autres organisations de la campagne \u00ab\u00a0Open Access Now\u00a0\u00bb participent activement au processus soutenu par Melting Pot Europe et d&#8217;autres organisations depuis la trag\u00e9die de Lampedusa, aboutissant au d\u00e9veloppement d&#8217;une proposition plus compr\u00e9hensive\u00a0: \u00ab\u00a0La Charte de Lampedusa\u00a0\u00bb adopt\u00e9e le 2 f\u00e9vrier 2014 et la qu\u00eate pour une l\u00e9gitimit\u00e9 d\u00e9mocratique des politiques migratoires de l&#8217;UE.<\/p>\n<p>Anna Lodeserto<\/p>\n<p>Vous pourrez t\u00e9l\u00e9charger l\u2019int\u00e9gralit\u00e9 du catalogue sur : <a href=\"https:\/\/issuu.com\/euroalter\/docs\/transeuropa_publication_2013\/1?e=0\">Festival TRANSEUROPA 2013<\/a>.<\/p>\n","protected":false},"excerpt":{"rendered":"<p>Traduit par Guillaume Feuillette Le 17 octobre dernier s&#8217;est tenue au Parlement europ\u00e9en une conf\u00e9rence internationale intitul\u00e9e \u00ab\u00a0La banalisation de la r\u00e9tention administrative des migrants&hellip;<\/p>\n","protected":false},"author":8,"featured_media":6821,"comment_status":"closed","ping_status":"open","sticky":false,"template":"","format":"standard","meta":{"_acf_changed":false,"footnotes":""},"categories":[1],"tags":[151,152,153],"class_list":["post-6820","post","type-post","status-publish","format-standard","has-post-thumbnail","hentry","category-european-alternatives","tag-charter-of-lampedusa-en-fr","tag-migration-it-en-en-fr","tag-open-access-en-fr"],"acf":[],"yoast_head":"<!-- This site is optimized with the Yoast SEO plugin v24.6 - https:\/\/yoast.com\/wordpress\/plugins\/seo\/ -->\n<title>Les droits des migrants en Europe - European Alternatives<\/title>\n<meta name=\"robots\" content=\"index, follow, max-snippet:-1, max-image-preview:large, max-video-preview:-1\" \/>\n<link rel=\"canonical\" href=\"https:\/\/euroalter.com\/les-droits-des-migrants-en-europe\/\" \/>\n<meta property=\"og:locale\" content=\"fr_FR\" \/>\n<meta property=\"og:type\" content=\"article\" \/>\n<meta property=\"og:title\" content=\"Les droits des migrants en Europe - European Alternatives\" \/>\n<meta property=\"og:description\" content=\"Traduit par Guillaume Feuillette Le 17 octobre dernier s&#8217;est tenue au Parlement europ\u00e9en une conf\u00e9rence internationale intitul\u00e9e \u00ab\u00a0La banalisation de la r\u00e9tention administrative des migrants&hellip;\" \/>\n<meta property=\"og:url\" content=\"https:\/\/euroalter.com\/les-droits-des-migrants-en-europe\/\" \/>\n<meta property=\"og:site_name\" content=\"European Alternatives\" \/>\n<meta property=\"article:published_time\" content=\"2014-06-07T11:05:37+00:00\" \/>\n<meta name=\"author\" content=\"Marta Cillero\" \/>\n<meta name=\"twitter:card\" content=\"summary_large_image\" \/>\n<meta name=\"twitter:label1\" content=\"Written by\" \/>\n\t<meta name=\"twitter:data1\" content=\"Marta Cillero\" \/>\n\t<meta name=\"twitter:label2\" content=\"Est. reading time\" \/>\n\t<meta name=\"twitter:data2\" content=\"3 minutes\" \/>\n<script type=\"application\/ld+json\" class=\"yoast-schema-graph\">{\"@context\":\"https:\/\/schema.org\",\"@graph\":[{\"@type\":\"WebPage\",\"@id\":\"https:\/\/euroalter.com\/les-droits-des-migrants-en-europe\/\",\"url\":\"https:\/\/euroalter.com\/les-droits-des-migrants-en-europe\/\",\"name\":\"Les droits des migrants en Europe - European Alternatives\",\"isPartOf\":{\"@id\":\"https:\/\/euroalter.com\/#website\"},\"primaryImageOfPage\":{\"@id\":\"https:\/\/euroalter.com\/les-droits-des-migrants-en-europe\/#primaryimage\"},\"image\":{\"@id\":\"https:\/\/euroalter.com\/les-droits-des-migrants-en-europe\/#primaryimage\"},\"thumbnailUrl\":\"\",\"datePublished\":\"2014-06-07T11:05:37+00:00\",\"author\":{\"@id\":\"https:\/\/euroalter.com\/#\/schema\/person\/22a482000088767ac51a1e6286c8ad2b\"},\"breadcrumb\":{\"@id\":\"https:\/\/euroalter.com\/les-droits-des-migrants-en-europe\/#breadcrumb\"},\"inLanguage\":\"fr-FR\",\"potentialAction\":[{\"@type\":\"ReadAction\",\"target\":[\"https:\/\/euroalter.com\/les-droits-des-migrants-en-europe\/\"]}]},{\"@type\":\"ImageObject\",\"inLanguage\":\"fr-FR\",\"@id\":\"https:\/\/euroalter.com\/les-droits-des-migrants-en-europe\/#primaryimage\",\"url\":\"\",\"contentUrl\":\"\"},{\"@type\":\"BreadcrumbList\",\"@id\":\"https:\/\/euroalter.com\/les-droits-des-migrants-en-europe\/#breadcrumb\",\"itemListElement\":[{\"@type\":\"ListItem\",\"position\":1,\"name\":\"Home\",\"item\":\"https:\/\/euroalter.com\/fr\/\"},{\"@type\":\"ListItem\",\"position\":2,\"name\":\"Les droits des migrants en Europe\"}]},{\"@type\":\"WebSite\",\"@id\":\"https:\/\/euroalter.com\/#website\",\"url\":\"https:\/\/euroalter.com\/\",\"name\":\"European Alternatives\",\"description\":\"Democracy, Equality and Culture beyond the nation\",\"potentialAction\":[{\"@type\":\"SearchAction\",\"target\":{\"@type\":\"EntryPoint\",\"urlTemplate\":\"https:\/\/euroalter.com\/?s={search_term_string}\"},\"query-input\":{\"@type\":\"PropertyValueSpecification\",\"valueRequired\":true,\"valueName\":\"search_term_string\"}}],\"inLanguage\":\"fr-FR\"},{\"@type\":\"Person\",\"@id\":\"https:\/\/euroalter.com\/#\/schema\/person\/22a482000088767ac51a1e6286c8ad2b\",\"name\":\"Marta Cillero\",\"image\":{\"@type\":\"ImageObject\",\"inLanguage\":\"fr-FR\",\"@id\":\"https:\/\/euroalter.com\/#\/schema\/person\/image\/\",\"url\":\"https:\/\/secure.gravatar.com\/avatar\/7e23f0c5351248c4771d9928f748b58d?s=96&d=mm&r=g\",\"contentUrl\":\"https:\/\/secure.gravatar.com\/avatar\/7e23f0c5351248c4771d9928f748b58d?s=96&d=mm&r=g\",\"caption\":\"Marta Cillero\"}}]}<\/script>\n<!-- \/ Yoast SEO plugin. -->","yoast_head_json":{"title":"Les droits des migrants en Europe - European Alternatives","robots":{"index":"index","follow":"follow","max-snippet":"max-snippet:-1","max-image-preview":"max-image-preview:large","max-video-preview":"max-video-preview:-1"},"canonical":"https:\/\/euroalter.com\/les-droits-des-migrants-en-europe\/","og_locale":"fr_FR","og_type":"article","og_title":"Les droits des migrants en Europe - European Alternatives","og_description":"Traduit par Guillaume Feuillette Le 17 octobre dernier s&#8217;est tenue au Parlement europ\u00e9en une conf\u00e9rence internationale intitul\u00e9e \u00ab\u00a0La banalisation de la r\u00e9tention administrative des migrants&hellip;","og_url":"https:\/\/euroalter.com\/les-droits-des-migrants-en-europe\/","og_site_name":"European Alternatives","article_published_time":"2014-06-07T11:05:37+00:00","author":"Marta Cillero","twitter_card":"summary_large_image","twitter_misc":{"Written by":"Marta Cillero","Est. reading time":"3 minutes"},"schema":{"@context":"https:\/\/schema.org","@graph":[{"@type":"WebPage","@id":"https:\/\/euroalter.com\/les-droits-des-migrants-en-europe\/","url":"https:\/\/euroalter.com\/les-droits-des-migrants-en-europe\/","name":"Les droits des migrants en Europe - European Alternatives","isPartOf":{"@id":"https:\/\/euroalter.com\/#website"},"primaryImageOfPage":{"@id":"https:\/\/euroalter.com\/les-droits-des-migrants-en-europe\/#primaryimage"},"image":{"@id":"https:\/\/euroalter.com\/les-droits-des-migrants-en-europe\/#primaryimage"},"thumbnailUrl":"","datePublished":"2014-06-07T11:05:37+00:00","author":{"@id":"https:\/\/euroalter.com\/#\/schema\/person\/22a482000088767ac51a1e6286c8ad2b"},"breadcrumb":{"@id":"https:\/\/euroalter.com\/les-droits-des-migrants-en-europe\/#breadcrumb"},"inLanguage":"fr-FR","potentialAction":[{"@type":"ReadAction","target":["https:\/\/euroalter.com\/les-droits-des-migrants-en-europe\/"]}]},{"@type":"ImageObject","inLanguage":"fr-FR","@id":"https:\/\/euroalter.com\/les-droits-des-migrants-en-europe\/#primaryimage","url":"","contentUrl":""},{"@type":"BreadcrumbList","@id":"https:\/\/euroalter.com\/les-droits-des-migrants-en-europe\/#breadcrumb","itemListElement":[{"@type":"ListItem","position":1,"name":"Home","item":"https:\/\/euroalter.com\/fr\/"},{"@type":"ListItem","position":2,"name":"Les droits des migrants en Europe"}]},{"@type":"WebSite","@id":"https:\/\/euroalter.com\/#website","url":"https:\/\/euroalter.com\/","name":"European Alternatives","description":"Democracy, Equality and Culture beyond the nation","potentialAction":[{"@type":"SearchAction","target":{"@type":"EntryPoint","urlTemplate":"https:\/\/euroalter.com\/?s={search_term_string}"},"query-input":{"@type":"PropertyValueSpecification","valueRequired":true,"valueName":"search_term_string"}}],"inLanguage":"fr-FR"},{"@type":"Person","@id":"https:\/\/euroalter.com\/#\/schema\/person\/22a482000088767ac51a1e6286c8ad2b","name":"Marta Cillero","image":{"@type":"ImageObject","inLanguage":"fr-FR","@id":"https:\/\/euroalter.com\/#\/schema\/person\/image\/","url":"https:\/\/secure.gravatar.com\/avatar\/7e23f0c5351248c4771d9928f748b58d?s=96&d=mm&r=g","contentUrl":"https:\/\/secure.gravatar.com\/avatar\/7e23f0c5351248c4771d9928f748b58d?s=96&d=mm&r=g","caption":"Marta Cillero"}}]}},"_links":{"self":[{"href":"https:\/\/euroalter.com\/fr\/wp-json\/wp\/v2\/posts\/6820","targetHints":{"allow":["GET"]}}],"collection":[{"href":"https:\/\/euroalter.com\/fr\/wp-json\/wp\/v2\/posts"}],"about":[{"href":"https:\/\/euroalter.com\/fr\/wp-json\/wp\/v2\/types\/post"}],"author":[{"embeddable":true,"href":"https:\/\/euroalter.com\/fr\/wp-json\/wp\/v2\/users\/8"}],"replies":[{"embeddable":true,"href":"https:\/\/euroalter.com\/fr\/wp-json\/wp\/v2\/comments?post=6820"}],"version-history":[{"count":0,"href":"https:\/\/euroalter.com\/fr\/wp-json\/wp\/v2\/posts\/6820\/revisions"}],"wp:featuredmedia":[{"embeddable":true,"href":"https:\/\/euroalter.com\/fr\/wp-json\/"}],"wp:attachment":[{"href":"https:\/\/euroalter.com\/fr\/wp-json\/wp\/v2\/media?parent=6820"}],"wp:term":[{"taxonomy":"category","embeddable":true,"href":"https:\/\/euroalter.com\/fr\/wp-json\/wp\/v2\/categories?post=6820"},{"taxonomy":"post_tag","embeddable":true,"href":"https:\/\/euroalter.com\/fr\/wp-json\/wp\/v2\/tags?post=6820"}],"curies":[{"name":"wp","href":"https:\/\/api.w.org\/{rel}","templated":true}]}}