{"id":6180,"date":"2014-06-27T18:14:33","date_gmt":"2014-06-27T16:14:33","guid":{"rendered":"https:\/\/euroalter.local\/?p=6180"},"modified":"2014-06-27T18:14:33","modified_gmt":"2014-06-27T16:14:33","slug":"european-alternatives-e-la-campagna-open-access-now-a-no-border-fest","status":"publish","type":"post","link":"https:\/\/euroalter.com\/fr\/european-alternatives-e-la-campagna-open-access-now-a-no-border-fest\/","title":{"rendered":"European Alternatives e la campagna Open Access Now a \u201cNo Border Fest\u201d"},"content":{"rendered":"<p><strong>European Alternatives \/ Alternative Europee parteciper\u00e0 alla sesta edizione del \u201cNo Border Fest\u201d organizzata quest\u2019anno da La citt\u00e0 dell&#8217;Utopia, SCI-Italia, InsensINverso, Amisnet e Laboratorio 53 che si terr\u00e0 a Roma da venerd\u00ec 27 fino a domenica 29 giugno.<\/strong><\/p>\n<p>Questa manifestazione nasce sei anni fa come momento d\u2019incontro e di conoscenza per riflettere su tematiche sempre pi\u00f9 rilevanti come i diritti di cittadinanza, le migrazioni e la libert\u00e0 di movimento oltre ogni confine.<\/p>\n<p>Mentre a Bruxelles sono in corso incontri al vertice sul \u201crafforzamento di Frontex\u201d e i controlli alle frontiere, l\u2019intento della tre giorni romana \u00e8 quello di ospitare una narrazione culturale intorno alle frontiere esterne e interne dell\u2019Unione europea, grazie alle testimonianze di coloro che hanno attraversato quelle frontiere, ai contributi di chi ne ha raccontato e filmato le vicende e di chi quotidianamente a quelle frontiere si oppone.<\/p>\n<p>Un\u2019occasione per trovare nuovi stimoli per agire collettivamente e in maniera concreta sulla realt\u00e0 in cui viviamo.<\/p>\n<p>Trovate qui a seguire il programma completo dell\u2019iniziativa:<\/p>\n<p><span style=\"color: #ff0000;\"><strong>PROGRAMMA<\/strong><\/span><\/p>\n<p><strong>VENERDI 27 GIUGNO &gt;&gt;&gt; Lotte migranti in Europa<\/strong><\/p>\n<p>@ Insensinverso, via Vaiano 7, Roma [zona Magliana]\n<p><strong>ore 18.00<\/strong><\/p>\n<p>Proiezione di \u201cOpen Doors, L\u2019Europa delle frontiere davanti a richiedenti asilo e rifugiati\u201d<\/p>\n<p>Documentario che racconta il 2013 attraversando cinque Paesi ai confini dell&#8217;Europa tra accoglienza, proteste e autorganizzazione di rifugiati e richiedenti asilo. Un percorso tra Spagna, Italia, Cipro, Grecia e Ungheria tra precarie e inesitenti condizioni di accoglienza ed esperienze di autorganizzazione (<a href=\"www.opendoorsresearch.org\" target=\"_blank\" rel=\"noopener noreferrer\">www.opendoorsresearch.org<\/a>)<\/p>\n<p>Collegamento skype da Bruxelles con March for Freedom<\/p>\n<p>Marcia partita lo scorso 18 Maggio da Kehln, in Germania che sta attraversando diversi paesi europei in opposizione alle strutture detentive per migranti e alle misure di contrasto all&#8217;immigrazione e controllo delle frontiere come Frontex. Tra il 26 e il 28 giugno la marcia far\u00e0 la sua tappa finale a Bruxelles, durante il vertice europeo dei Ministri degli Interni EU su Asilo e Immigrazione. (<a href=\"http:\/\/freedomnotfrontex.noblogs.org\/\" target=\"_blank\" rel=\"noopener noreferrer\">http:\/\/freedomnotfrontex.noblogs.org\/<\/a>)<\/p>\n<p>Riffa di biciclette<\/p>\n<p>a cura della ciclofficina sperimentale della scuola di italiano<\/p>\n<p><strong>ore 20:00<\/strong><\/p>\n<p>Cena dal Bangladesh<\/p>\n<p><strong>ore 21:00<\/strong><\/p>\n<p>Comilla Torun Projonmu<\/p>\n<p>live from Bangladesh<\/p>\n<p>Mostra Fotografica<\/p>\n<p>\u201cABCDiritti, Un anno di scuola di Italiano\u201d di Vittoria Leone<\/p>\n<p>&nbsp;<\/p>\n<p><strong>SABATO 28 GIUGNO &gt;&gt;&gt; Le frontiere esterne dell&#8217;Europa<\/strong><\/p>\n<p>@La Citt\u00e0 dell\u2019Utopia, via Valeriano 3f, Roma [zona San Paolo]\n<p><strong>ore 17.30<\/strong><\/p>\n<p>Dibattito con<\/p>\n<p>Sara Creta, regista del documentario \u201cNumber 9\u201d<\/p>\n<p>Amisnet, giornalisti coinvolti nel progetto \u201cAcross the Sea\u201d (<a href=\"www.acrossthesea.net\" target=\"_blank\" rel=\"noopener noreferrer\">www.acrossthesea.net<\/a>)<\/p>\n<p>Rasha Azab, giornalista e attivista dall&#8217;Egitto<\/p>\n<p>Lina Abdel Samie, attivista<\/p>\n<p><strong>ore 19:30<\/strong><\/p>\n<p>\u201cQuesto mare \u00e8 di piombo\u201d<\/p>\n<p>Documentario sonoro dal vivo a cura di Amisnet<\/p>\n<p>Un documentario sonoro dal vivo realizzato attraverso la selezione dal reportage radiofonico di Amisnet nel progetto Across the sea. Una storia collettiva di alcune delle rotte che attraversano il Mediterraneo, da Melilla al centro di Masra, a Malta, da Zarzis in Tunisia alla Libia, il Sinai e il confine con Israele. (<a href=\"http:\/\/www.acrossthesea.net\/\" target=\"_blank\" rel=\"noopener noreferrer\">http:\/\/www.acrossthesea.net\/<\/a>)<\/p>\n<p>Cena Nepalese<\/p>\n<p>Concerto Afro-Jazz Trio<\/p>\n<p>Madya Diabate (Kora), Angelo Olivieri (Tromba) e Ady Thioune (Djembe)<\/p>\n<p>*Proiezione del documentario \u201cNo. 9 -Stop violence at the borders\u201d di Sara Creta<\/p>\n<p>Il documentario denuncia la quotidiana e sistematica repressione al confine di Melilla, enclave spagnola nel nord del Marocco, da parte tanto delle autorit\u00e0 marocchine quanto di quelle spagnole. (<a href=\"http:\/\/saracreta.wix.com\/into-the-forest\" target=\"_blank\" rel=\"noopener noreferrer\">http:\/\/saracreta.wix.com\/into-the-forest<\/a>)<\/p>\n<p>Mostra fotografica<\/p>\n<p>\u201cMelilla, il porto della speranza\u201d di Sara Creta<\/p>\n<p>&nbsp;<\/p>\n<p><strong>DOMENICA 29 GIUGNO &gt;&gt;&gt; Le frontiere interne dell\u2019Europa<\/strong><\/p>\n<p>@La Citt\u00e0 dell&#8217;Utopia, via Valeriano 3f, Roma [zona San Paolo]\n<p><strong>ore 18.00<\/strong><\/p>\n<p>*\u201cProvateCIE, Non solo una mostra fotografica, i Centri di Identificazione ed Espulsione fotografati e raccontati\u201d<\/p>\n<p>a cura di ASGI, Studio Legale Antartide ed associazione Lisc\u00eca<\/p>\n<p>Una mostra fotografica raccontata che vuole andare oltre alle carte scritte, ai ricorsi, ai fascicoli per provare a raccontare i Centri di Identificazione ed espulsione.<\/p>\n<p><strong>ore 19:30<\/strong><\/p>\n<p>Presentazione della campagna Open Access Now<\/p>\n<p>a cura di Anna Lodeserto &#8211; European Alternatives<\/p>\n<p>Open Access Now \u00e8 una campagna lanciata nel 2011 da Migreurop e European Alternatives per chiedere l\u2019accesso di giornalisti e rappresentanti della societ\u00e0 civile ai centri di detenzione per migranti e denunciare le violazioni dei diritti umani compiute all&#8217;interno dei centri. Dalla fine del 2013 la Campagna Open Access Now ha iniziato a lavorare sulle alternative alla detenzione in collaborazione con numerosi partner in tutta Europa e avviando gruppi di ricerca con la collaborazione di centri universitari in Francia, Belgio, Italia e Spagna.<\/p>\n<p><strong>ore 20:00<\/strong><\/p>\n<p>Cena Maki, sapori dall\u2019Africa<\/p>\n<p>Concerto di Kermesse, world music<\/p>\n<p><strong>ore 21:00<\/strong><\/p>\n<p>Tonato Immigra&#8230; (un immigrato nato)<\/p>\n<p>di e con Daniele Anzalone<\/p>\n<p>spettacolo vincitore del talent contest teatrale UP2U<\/p>\n<p>Uno spettacolo teatrale che racconta la storia emblematica di un \u201cimmigrato in quanto tale\u201d, che potrebbe essere originario di qualsiasi parte del mondo.<\/p>\n<p>Nel corso dell\u2019intera manifestazione sar\u00e0 distribuita la nostra ultima pubblicazione contentente la \u201cCarta di Lampedusa\u201d.<\/p>\n<p>Per informazioni, scrivere all\u2019indirizzo: <a href=\"rome@euroalter.com\" target=\"_blank\" rel=\"noopener noreferrer\">rome@euroalter.com<\/a><\/p>\n<p>&nbsp;<\/p>\n","protected":false},"excerpt":{"rendered":"<p>EA parteciper\u00e0 alla sesta edizione del \u201cNo Border Fest\u201d che si terr\u00e0 a Roma da venerd\u00ec 27 fino a domenica 29 giugno.<\/p>\n","protected":false},"author":8,"featured_media":6181,"comment_status":"closed","ping_status":"open","sticky":false,"template":"","format":"standard","meta":{"_acf_changed":false,"footnotes":""},"categories":[1],"tags":[93],"class_list":["post-6180","post","type-post","status-publish","format-standard","has-post-thumbnail","hentry","category-european-alternatives","tag-migration-it"],"acf":[],"yoast_head":"<!-- This site is optimized with the Yoast SEO plugin v24.6 - https:\/\/yoast.com\/wordpress\/plugins\/seo\/ -->\n<title>European Alternatives e la campagna Open Access Now a \u201cNo Border Fest\u201d - European Alternatives<\/title>\n<meta name=\"robots\" content=\"index, follow, max-snippet:-1, max-image-preview:large, max-video-preview:-1\" \/>\n<link rel=\"canonical\" href=\"https:\/\/euroalter.com\/european-alternatives-e-la-campagna-open-access-now-a-no-border-fest\/\" \/>\n<meta property=\"og:locale\" content=\"fr_FR\" \/>\n<meta property=\"og:type\" content=\"article\" \/>\n<meta property=\"og:title\" content=\"European Alternatives e la campagna Open Access Now a \u201cNo Border Fest\u201d - European Alternatives\" \/>\n<meta property=\"og:description\" content=\"EA parteciper\u00e0 alla sesta edizione del \u201cNo Border Fest\u201d che si terr\u00e0 a Roma da venerd\u00ec 27 fino a domenica 29 giugno.\" \/>\n<meta property=\"og:url\" content=\"https:\/\/euroalter.com\/european-alternatives-e-la-campagna-open-access-now-a-no-border-fest\/\" \/>\n<meta property=\"og:site_name\" content=\"European Alternatives\" \/>\n<meta property=\"article:published_time\" content=\"2014-06-27T16:14:33+00:00\" \/>\n<meta name=\"author\" content=\"Marta Cillero\" \/>\n<meta name=\"twitter:card\" content=\"summary_large_image\" \/>\n<meta name=\"twitter:label1\" content=\"Written by\" \/>\n\t<meta name=\"twitter:data1\" content=\"Marta Cillero\" \/>\n\t<meta name=\"twitter:label2\" content=\"Est. reading time\" \/>\n\t<meta name=\"twitter:data2\" content=\"4 minutes\" \/>\n<script type=\"application\/ld+json\" class=\"yoast-schema-graph\">{\"@context\":\"https:\/\/schema.org\",\"@graph\":[{\"@type\":\"WebPage\",\"@id\":\"https:\/\/euroalter.com\/european-alternatives-e-la-campagna-open-access-now-a-no-border-fest\/\",\"url\":\"https:\/\/euroalter.com\/european-alternatives-e-la-campagna-open-access-now-a-no-border-fest\/\",\"name\":\"European Alternatives e la campagna Open Access Now a \u201cNo Border Fest\u201d - European Alternatives\",\"isPartOf\":{\"@id\":\"https:\/\/euroalter.com\/#website\"},\"primaryImageOfPage\":{\"@id\":\"https:\/\/euroalter.com\/european-alternatives-e-la-campagna-open-access-now-a-no-border-fest\/#primaryimage\"},\"image\":{\"@id\":\"https:\/\/euroalter.com\/european-alternatives-e-la-campagna-open-access-now-a-no-border-fest\/#primaryimage\"},\"thumbnailUrl\":\"\",\"datePublished\":\"2014-06-27T16:14:33+00:00\",\"author\":{\"@id\":\"https:\/\/euroalter.com\/#\/schema\/person\/22a482000088767ac51a1e6286c8ad2b\"},\"breadcrumb\":{\"@id\":\"https:\/\/euroalter.com\/european-alternatives-e-la-campagna-open-access-now-a-no-border-fest\/#breadcrumb\"},\"inLanguage\":\"fr-FR\",\"potentialAction\":[{\"@type\":\"ReadAction\",\"target\":[\"https:\/\/euroalter.com\/european-alternatives-e-la-campagna-open-access-now-a-no-border-fest\/\"]}]},{\"@type\":\"ImageObject\",\"inLanguage\":\"fr-FR\",\"@id\":\"https:\/\/euroalter.com\/european-alternatives-e-la-campagna-open-access-now-a-no-border-fest\/#primaryimage\",\"url\":\"\",\"contentUrl\":\"\"},{\"@type\":\"BreadcrumbList\",\"@id\":\"https:\/\/euroalter.com\/european-alternatives-e-la-campagna-open-access-now-a-no-border-fest\/#breadcrumb\",\"itemListElement\":[{\"@type\":\"ListItem\",\"position\":1,\"name\":\"Home\",\"item\":\"https:\/\/euroalter.com\/fr\/\"},{\"@type\":\"ListItem\",\"position\":2,\"name\":\"European Alternatives e la campagna Open Access Now a \u201cNo Border Fest\u201d\"}]},{\"@type\":\"WebSite\",\"@id\":\"https:\/\/euroalter.com\/#website\",\"url\":\"https:\/\/euroalter.com\/\",\"name\":\"European Alternatives\",\"description\":\"Democracy, Equality and Culture beyond the nation\",\"potentialAction\":[{\"@type\":\"SearchAction\",\"target\":{\"@type\":\"EntryPoint\",\"urlTemplate\":\"https:\/\/euroalter.com\/?s={search_term_string}\"},\"query-input\":{\"@type\":\"PropertyValueSpecification\",\"valueRequired\":true,\"valueName\":\"search_term_string\"}}],\"inLanguage\":\"fr-FR\"},{\"@type\":\"Person\",\"@id\":\"https:\/\/euroalter.com\/#\/schema\/person\/22a482000088767ac51a1e6286c8ad2b\",\"name\":\"Marta Cillero\",\"image\":{\"@type\":\"ImageObject\",\"inLanguage\":\"fr-FR\",\"@id\":\"https:\/\/euroalter.com\/#\/schema\/person\/image\/\",\"url\":\"https:\/\/secure.gravatar.com\/avatar\/7e23f0c5351248c4771d9928f748b58d?s=96&d=mm&r=g\",\"contentUrl\":\"https:\/\/secure.gravatar.com\/avatar\/7e23f0c5351248c4771d9928f748b58d?s=96&d=mm&r=g\",\"caption\":\"Marta Cillero\"}}]}<\/script>\n<!-- \/ Yoast SEO plugin. -->","yoast_head_json":{"title":"European Alternatives e la campagna Open Access Now a \u201cNo Border Fest\u201d - European Alternatives","robots":{"index":"index","follow":"follow","max-snippet":"max-snippet:-1","max-image-preview":"max-image-preview:large","max-video-preview":"max-video-preview:-1"},"canonical":"https:\/\/euroalter.com\/european-alternatives-e-la-campagna-open-access-now-a-no-border-fest\/","og_locale":"fr_FR","og_type":"article","og_title":"European Alternatives e la campagna Open Access Now a \u201cNo Border Fest\u201d - European Alternatives","og_description":"EA parteciper\u00e0 alla sesta edizione del \u201cNo Border Fest\u201d che si terr\u00e0 a Roma da venerd\u00ec 27 fino a domenica 29 giugno.","og_url":"https:\/\/euroalter.com\/european-alternatives-e-la-campagna-open-access-now-a-no-border-fest\/","og_site_name":"European Alternatives","article_published_time":"2014-06-27T16:14:33+00:00","author":"Marta Cillero","twitter_card":"summary_large_image","twitter_misc":{"Written by":"Marta Cillero","Est. reading time":"4 minutes"},"schema":{"@context":"https:\/\/schema.org","@graph":[{"@type":"WebPage","@id":"https:\/\/euroalter.com\/european-alternatives-e-la-campagna-open-access-now-a-no-border-fest\/","url":"https:\/\/euroalter.com\/european-alternatives-e-la-campagna-open-access-now-a-no-border-fest\/","name":"European Alternatives e la campagna Open Access Now a \u201cNo Border Fest\u201d - European Alternatives","isPartOf":{"@id":"https:\/\/euroalter.com\/#website"},"primaryImageOfPage":{"@id":"https:\/\/euroalter.com\/european-alternatives-e-la-campagna-open-access-now-a-no-border-fest\/#primaryimage"},"image":{"@id":"https:\/\/euroalter.com\/european-alternatives-e-la-campagna-open-access-now-a-no-border-fest\/#primaryimage"},"thumbnailUrl":"","datePublished":"2014-06-27T16:14:33+00:00","author":{"@id":"https:\/\/euroalter.com\/#\/schema\/person\/22a482000088767ac51a1e6286c8ad2b"},"breadcrumb":{"@id":"https:\/\/euroalter.com\/european-alternatives-e-la-campagna-open-access-now-a-no-border-fest\/#breadcrumb"},"inLanguage":"fr-FR","potentialAction":[{"@type":"ReadAction","target":["https:\/\/euroalter.com\/european-alternatives-e-la-campagna-open-access-now-a-no-border-fest\/"]}]},{"@type":"ImageObject","inLanguage":"fr-FR","@id":"https:\/\/euroalter.com\/european-alternatives-e-la-campagna-open-access-now-a-no-border-fest\/#primaryimage","url":"","contentUrl":""},{"@type":"BreadcrumbList","@id":"https:\/\/euroalter.com\/european-alternatives-e-la-campagna-open-access-now-a-no-border-fest\/#breadcrumb","itemListElement":[{"@type":"ListItem","position":1,"name":"Home","item":"https:\/\/euroalter.com\/fr\/"},{"@type":"ListItem","position":2,"name":"European Alternatives e la campagna Open Access Now a \u201cNo Border Fest\u201d"}]},{"@type":"WebSite","@id":"https:\/\/euroalter.com\/#website","url":"https:\/\/euroalter.com\/","name":"European Alternatives","description":"Democracy, Equality and Culture beyond the nation","potentialAction":[{"@type":"SearchAction","target":{"@type":"EntryPoint","urlTemplate":"https:\/\/euroalter.com\/?s={search_term_string}"},"query-input":{"@type":"PropertyValueSpecification","valueRequired":true,"valueName":"search_term_string"}}],"inLanguage":"fr-FR"},{"@type":"Person","@id":"https:\/\/euroalter.com\/#\/schema\/person\/22a482000088767ac51a1e6286c8ad2b","name":"Marta Cillero","image":{"@type":"ImageObject","inLanguage":"fr-FR","@id":"https:\/\/euroalter.com\/#\/schema\/person\/image\/","url":"https:\/\/secure.gravatar.com\/avatar\/7e23f0c5351248c4771d9928f748b58d?s=96&d=mm&r=g","contentUrl":"https:\/\/secure.gravatar.com\/avatar\/7e23f0c5351248c4771d9928f748b58d?s=96&d=mm&r=g","caption":"Marta Cillero"}}]}},"_links":{"self":[{"href":"https:\/\/euroalter.com\/fr\/wp-json\/wp\/v2\/posts\/6180","targetHints":{"allow":["GET"]}}],"collection":[{"href":"https:\/\/euroalter.com\/fr\/wp-json\/wp\/v2\/posts"}],"about":[{"href":"https:\/\/euroalter.com\/fr\/wp-json\/wp\/v2\/types\/post"}],"author":[{"embeddable":true,"href":"https:\/\/euroalter.com\/fr\/wp-json\/wp\/v2\/users\/8"}],"replies":[{"embeddable":true,"href":"https:\/\/euroalter.com\/fr\/wp-json\/wp\/v2\/comments?post=6180"}],"version-history":[{"count":0,"href":"https:\/\/euroalter.com\/fr\/wp-json\/wp\/v2\/posts\/6180\/revisions"}],"wp:featuredmedia":[{"embeddable":true,"href":"https:\/\/euroalter.com\/fr\/wp-json\/"}],"wp:attachment":[{"href":"https:\/\/euroalter.com\/fr\/wp-json\/wp\/v2\/media?parent=6180"}],"wp:term":[{"taxonomy":"category","embeddable":true,"href":"https:\/\/euroalter.com\/fr\/wp-json\/wp\/v2\/categories?post=6180"},{"taxonomy":"post_tag","embeddable":true,"href":"https:\/\/euroalter.com\/fr\/wp-json\/wp\/v2\/tags?post=6180"}],"curies":[{"name":"wp","href":"https:\/\/api.w.org\/{rel}","templated":true}]}}