{"id":4308,"date":"2012-07-31T15:36:14","date_gmt":"2012-07-31T13:36:14","guid":{"rendered":"https:\/\/euroalter.local\/2012\/personne-ne-sattend-a"},"modified":"2012-07-31T15:36:14","modified_gmt":"2012-07-31T13:36:14","slug":"personne-ne-sattend-a","status":"publish","type":"post","link":"https:\/\/euroalter.com\/fr\/personne-ne-sattend-a\/","title":{"rendered":"Personne ne s&#8217;attend \u00e0&#8230;"},"content":{"rendered":"<div style=\"text-align: center;\"> \t<strong>Personne ne s&#39;attend \u00e0&#8230;<\/strong><br \/> \t<em>Concevoir\u00a0 la mobilisation transnationale<\/em><br \/> \tFestival Transeuropa 2012<\/div>\n<p> <\/p>\n<div style=\"text-align: center;\"> \t<img decoding=\"async\" alt=\"\" src=\"http:\/\/vm0369.cs05.seeweb.it\/images\/article_uploads\/nobody expects.jpg\" style=\"width: 357px; height: 267px;\" \/><\/div>\n<div style=\"text-align: center;\"> \t<em><span style=\"font-size: 10px;\">Image: Aldo Giannotti<\/span><\/em><\/div>\n<p> <em>&#8220;Soyez r\u00e9alistes, demandez l&#39;impossible !&#8221; <\/em><br \/> L&rsquo;Internationale situationniste<\/p>\n<p> <em>&#8220;Personne ne s&#39;attend \u00e0.<\/em>..<em> Concevoir la mobilisation transnationale<\/em> &#8221; est un appel \u00e0 id\u00e9es lanc\u00e9 par le R\u00e9seau Transeuropa et Alternatives europ\u00e9ennes \u00e0 l&#39;occasion de l&#39;\u00e9dition 2012 du festival<br \/> Transeuropa.<\/p>\n<p> <em>Personne ne s&#39;attend \u00e0&#8230;<\/em> fait clairement r\u00e9f\u00e9rence \u00e0 un des premiers hashtags cr\u00e9\u00e9s pendant la<br \/> mobilisation espagnole du printemps 2011 ; il permettait de placer ce mouvement dans la continuit\u00e9 du Printemps arabe tout en donnant au terme &#8220;r\u00e9volution&#8221; un sens nouveau, et\u00a0 cette d\u00e9nomination permettait \u00e9galement de lier cette mobilisation aux autres mouvements europ\u00e9ens.<\/p>\n<p> <em>#Personne ne s&#39;attend \u00e0 la r\u00e9volution espagnole<\/em> \u00e9tait une mani\u00e8re ironique de s&#39;approprier la c\u00e9l\u00e8bre r\u00e9plique des Monty Python &#8220;Personne ne s&#39;attend \u00e0 l&#39;inquisition espagnole&#8221; pour en faire un slogan efficace qui annon\u00e7ait et pr\u00e9sentait le mouvement comme un \u00e9l\u00e9ment impr\u00e9visible qui \u00e9tait alors en mesure de remettre en question et en cause le sc\u00e9nario pr\u00e9-\u00e9tabli.<\/p>\n<p> Les mouvements de protestation et les manifestations qui, les unes apr\u00e8s les autres, ont \u00e9clat\u00e9 dans<br \/> le monde entier ont fait appara\u00eetre la relation qui lie \u00e9troitement communication et mobilisation, et<br \/> ont montr\u00e9 que les manifestants \u00e9prouvaient le besoin urgent de trouver des formes communes de<br \/> communication visuelle, verbale et corporelle pour faire na\u00eetre un sentiment d&#39;appartenance<br \/> ind\u00e9pendamment de leur situation g\u00e9ographique.<\/p>\n<p> C&#39;est ainsi que l&#39;\u00e9change d&#39;exp\u00e9riences et de bonnes\u00a0 pratiques allait de pair avec les tentatives de mise en place de diff\u00e9rents mod\u00e8les de d\u00e9mocratie participative concernant la prise de d\u00e9cision et le lancement de nouvelles actions. Ces pratiques sont elle-m\u00eames devenues un exercice et un moyen pour le mouvement de cr\u00e9er sa propre image, en permettant ainsi aux militants de se concevoir comme des \u00e9l\u00e9ments d&#39;un grand ensemble collectif.<\/p>\n<p> Personne ne s&#39;attend \u00e0&#8230; est une r\u00e9ponse \u00e0 cette situation et se pr\u00e9sente comme un appel \u00e0 id\u00e9es<br \/> destin\u00e9 \u00e0 des artistes de tout domaine et toute nationalit\u00e9, afin pour qu&#39;ils proposent des formes possibles ou, mieux encore, des formes impossibles de mobilisation et des modalit\u00e9s d&#39;action, d&#39;\u00e9change et de progr\u00e8s collectif au-del\u00e0 des fronti\u00e8res spatiales (et temporelles).<\/p>\n<p> Ce projet se veut le reflet du contexte dans lequel il s&#39;inscrit, c&#39;est-\u00e0-dire le festival Transeuropa qui a lieu dans 14 villes, et qui est organis\u00e9 par tout autant de groupes de militants membres du r\u00e9seau Transeuropa. Ainsi, le festival est lui-m\u00eame une forme alternative de mobilisation transnationale, qui engendre un nouvelle subjectivit\u00e9 collective constamment mise en pratique.<\/p>\n<p> Cet appel permettra d&#39;engranger les id\u00e9es des artistes sous forme de dessins, d&#39;esquisses, de<br \/> partitions, de chor\u00e9graphies, et d&#39;imaginer des actions transnationales r\u00e9alisables ou non, afin de<br \/> proposer une r\u00e9ponse \u00e0 l&#39;image qu&#39;on donne souvent des mobilisations collectives et \u00e0 la mani\u00e8re<br \/> dont elles sont per\u00e7ues.<\/p>\n<p> Voil\u00e0 pourquoi le but de cet appel est de d\u00e9passer l&#39;id\u00e9e de la mobilisation comme protestation et manifestation pour la concevoir plut\u00f4t comme un ensemble de moyens destin\u00e9s \u00e0 mettre en pratique la r\u00e9ciprocit\u00e9 des \u00e9changes et la solidarit\u00e9. En &#8220;demandant l&#39;impossible&#8221;, les projets des artistes joueront le r\u00f4le de formes alternatives de repr\u00e9sentation, et constitueront des exercices qui permettront d&#39;ouvrir des voies &#8220;inattendues&#8221;, sur lesquelles les subjectivit\u00e9s transnationales pourront voir le jour et &oelig;uvrer de concert.<\/p>\n<p> Le festival Transeuropa est un festival transnational de cultures, d&#39;art et de politique qui a lieu<br \/> au m\u00eame moment dans 14 villes europ\u00e9ennes : Londres, Paris, Bologne, Berlin, Cluj-Napoca,<br \/> Lublin, Varsovie, Prague, Bratislava, Sofia, Amsterdam, Belgrade et Rome. Il ne s&#39;agit pas de 14<br \/> festivals se d\u00e9roulant en m\u00eame temps mais d&#39;un seul et unique festival \u00e0 l&#39;envergure europ\u00e9enne.<\/p>\n","protected":false},"excerpt":{"rendered":"<p>Personne ne s&#39;attend \u00e0&#8230; Concevoir\u00a0 la mobilisation transnationale Festival Transeuropa 2012 Image: Aldo Giannotti &#8220;Soyez r\u00e9alistes, demandez l&#39;impossible !&#8221; L&rsquo;Internationale situationniste &#8220;Personne ne s&#39;attend \u00e0&#8230;&hellip;<\/p>\n","protected":false},"author":8,"featured_media":0,"comment_status":"open","ping_status":"open","sticky":false,"template":"","format":"standard","meta":{"_acf_changed":false,"footnotes":""},"categories":[1],"tags":[],"class_list":["post-4308","post","type-post","status-publish","format-standard","hentry","category-european-alternatives"],"acf":[],"yoast_head":"<!-- This site is optimized with the Yoast SEO plugin v24.6 - https:\/\/yoast.com\/wordpress\/plugins\/seo\/ -->\n<title>Personne ne s&#039;attend \u00e0... - European Alternatives<\/title>\n<meta name=\"robots\" content=\"index, follow, max-snippet:-1, max-image-preview:large, max-video-preview:-1\" \/>\n<link rel=\"canonical\" href=\"https:\/\/euroalter.com\/personne-ne-sattend-a\/\" \/>\n<meta property=\"og:locale\" content=\"fr_FR\" \/>\n<meta property=\"og:type\" content=\"article\" \/>\n<meta property=\"og:title\" content=\"Personne ne s&#039;attend \u00e0... - European Alternatives\" \/>\n<meta property=\"og:description\" content=\"Personne ne s&#039;attend \u00e0&#8230; Concevoir\u00a0 la mobilisation transnationale Festival Transeuropa 2012 Image: Aldo Giannotti &#8220;Soyez r\u00e9alistes, demandez l&#039;impossible !&#8221; L&rsquo;Internationale situationniste &#8220;Personne ne s&#039;attend \u00e0...&hellip;\" \/>\n<meta property=\"og:url\" content=\"https:\/\/euroalter.com\/personne-ne-sattend-a\/\" \/>\n<meta property=\"og:site_name\" content=\"European Alternatives\" \/>\n<meta property=\"article:published_time\" content=\"2012-07-31T13:36:14+00:00\" \/>\n<meta name=\"author\" content=\"Marta Cillero\" \/>\n<meta name=\"twitter:card\" content=\"summary_large_image\" \/>\n<meta name=\"twitter:label1\" content=\"Written by\" \/>\n\t<meta name=\"twitter:data1\" content=\"Marta Cillero\" \/>\n\t<meta name=\"twitter:label2\" content=\"Est. reading time\" \/>\n\t<meta name=\"twitter:data2\" content=\"3 minutes\" \/>\n<script type=\"application\/ld+json\" class=\"yoast-schema-graph\">{\"@context\":\"https:\/\/schema.org\",\"@graph\":[{\"@type\":\"WebPage\",\"@id\":\"https:\/\/euroalter.com\/personne-ne-sattend-a\/\",\"url\":\"https:\/\/euroalter.com\/personne-ne-sattend-a\/\",\"name\":\"Personne ne s'attend \u00e0... - European Alternatives\",\"isPartOf\":{\"@id\":\"https:\/\/euroalter.com\/#website\"},\"datePublished\":\"2012-07-31T13:36:14+00:00\",\"author\":{\"@id\":\"https:\/\/euroalter.com\/#\/schema\/person\/22a482000088767ac51a1e6286c8ad2b\"},\"breadcrumb\":{\"@id\":\"https:\/\/euroalter.com\/personne-ne-sattend-a\/#breadcrumb\"},\"inLanguage\":\"fr-FR\",\"potentialAction\":[{\"@type\":\"ReadAction\",\"target\":[\"https:\/\/euroalter.com\/personne-ne-sattend-a\/\"]}]},{\"@type\":\"BreadcrumbList\",\"@id\":\"https:\/\/euroalter.com\/personne-ne-sattend-a\/#breadcrumb\",\"itemListElement\":[{\"@type\":\"ListItem\",\"position\":1,\"name\":\"Home\",\"item\":\"https:\/\/euroalter.com\/fr\/\"},{\"@type\":\"ListItem\",\"position\":2,\"name\":\"Personne ne s&#8217;attend \u00e0&#8230;\"}]},{\"@type\":\"WebSite\",\"@id\":\"https:\/\/euroalter.com\/#website\",\"url\":\"https:\/\/euroalter.com\/\",\"name\":\"European Alternatives\",\"description\":\"Democracy, Equality and Culture beyond the nation\",\"potentialAction\":[{\"@type\":\"SearchAction\",\"target\":{\"@type\":\"EntryPoint\",\"urlTemplate\":\"https:\/\/euroalter.com\/?s={search_term_string}\"},\"query-input\":{\"@type\":\"PropertyValueSpecification\",\"valueRequired\":true,\"valueName\":\"search_term_string\"}}],\"inLanguage\":\"fr-FR\"},{\"@type\":\"Person\",\"@id\":\"https:\/\/euroalter.com\/#\/schema\/person\/22a482000088767ac51a1e6286c8ad2b\",\"name\":\"Marta Cillero\",\"image\":{\"@type\":\"ImageObject\",\"inLanguage\":\"fr-FR\",\"@id\":\"https:\/\/euroalter.com\/#\/schema\/person\/image\/\",\"url\":\"https:\/\/secure.gravatar.com\/avatar\/7e23f0c5351248c4771d9928f748b58d?s=96&d=mm&r=g\",\"contentUrl\":\"https:\/\/secure.gravatar.com\/avatar\/7e23f0c5351248c4771d9928f748b58d?s=96&d=mm&r=g\",\"caption\":\"Marta Cillero\"}}]}<\/script>\n<!-- \/ Yoast SEO plugin. -->","yoast_head_json":{"title":"Personne ne s'attend \u00e0... - European Alternatives","robots":{"index":"index","follow":"follow","max-snippet":"max-snippet:-1","max-image-preview":"max-image-preview:large","max-video-preview":"max-video-preview:-1"},"canonical":"https:\/\/euroalter.com\/personne-ne-sattend-a\/","og_locale":"fr_FR","og_type":"article","og_title":"Personne ne s'attend \u00e0... - European Alternatives","og_description":"Personne ne s&#39;attend \u00e0&#8230; Concevoir\u00a0 la mobilisation transnationale Festival Transeuropa 2012 Image: Aldo Giannotti &#8220;Soyez r\u00e9alistes, demandez l&#39;impossible !&#8221; L&rsquo;Internationale situationniste &#8220;Personne ne s&#39;attend \u00e0...&hellip;","og_url":"https:\/\/euroalter.com\/personne-ne-sattend-a\/","og_site_name":"European Alternatives","article_published_time":"2012-07-31T13:36:14+00:00","author":"Marta Cillero","twitter_card":"summary_large_image","twitter_misc":{"Written by":"Marta Cillero","Est. reading time":"3 minutes"},"schema":{"@context":"https:\/\/schema.org","@graph":[{"@type":"WebPage","@id":"https:\/\/euroalter.com\/personne-ne-sattend-a\/","url":"https:\/\/euroalter.com\/personne-ne-sattend-a\/","name":"Personne ne s'attend \u00e0... - European Alternatives","isPartOf":{"@id":"https:\/\/euroalter.com\/#website"},"datePublished":"2012-07-31T13:36:14+00:00","author":{"@id":"https:\/\/euroalter.com\/#\/schema\/person\/22a482000088767ac51a1e6286c8ad2b"},"breadcrumb":{"@id":"https:\/\/euroalter.com\/personne-ne-sattend-a\/#breadcrumb"},"inLanguage":"fr-FR","potentialAction":[{"@type":"ReadAction","target":["https:\/\/euroalter.com\/personne-ne-sattend-a\/"]}]},{"@type":"BreadcrumbList","@id":"https:\/\/euroalter.com\/personne-ne-sattend-a\/#breadcrumb","itemListElement":[{"@type":"ListItem","position":1,"name":"Home","item":"https:\/\/euroalter.com\/fr\/"},{"@type":"ListItem","position":2,"name":"Personne ne s&#8217;attend \u00e0&#8230;"}]},{"@type":"WebSite","@id":"https:\/\/euroalter.com\/#website","url":"https:\/\/euroalter.com\/","name":"European Alternatives","description":"Democracy, Equality and Culture beyond the nation","potentialAction":[{"@type":"SearchAction","target":{"@type":"EntryPoint","urlTemplate":"https:\/\/euroalter.com\/?s={search_term_string}"},"query-input":{"@type":"PropertyValueSpecification","valueRequired":true,"valueName":"search_term_string"}}],"inLanguage":"fr-FR"},{"@type":"Person","@id":"https:\/\/euroalter.com\/#\/schema\/person\/22a482000088767ac51a1e6286c8ad2b","name":"Marta Cillero","image":{"@type":"ImageObject","inLanguage":"fr-FR","@id":"https:\/\/euroalter.com\/#\/schema\/person\/image\/","url":"https:\/\/secure.gravatar.com\/avatar\/7e23f0c5351248c4771d9928f748b58d?s=96&d=mm&r=g","contentUrl":"https:\/\/secure.gravatar.com\/avatar\/7e23f0c5351248c4771d9928f748b58d?s=96&d=mm&r=g","caption":"Marta Cillero"}}]}},"_links":{"self":[{"href":"https:\/\/euroalter.com\/fr\/wp-json\/wp\/v2\/posts\/4308","targetHints":{"allow":["GET"]}}],"collection":[{"href":"https:\/\/euroalter.com\/fr\/wp-json\/wp\/v2\/posts"}],"about":[{"href":"https:\/\/euroalter.com\/fr\/wp-json\/wp\/v2\/types\/post"}],"author":[{"embeddable":true,"href":"https:\/\/euroalter.com\/fr\/wp-json\/wp\/v2\/users\/8"}],"replies":[{"embeddable":true,"href":"https:\/\/euroalter.com\/fr\/wp-json\/wp\/v2\/comments?post=4308"}],"version-history":[{"count":0,"href":"https:\/\/euroalter.com\/fr\/wp-json\/wp\/v2\/posts\/4308\/revisions"}],"wp:attachment":[{"href":"https:\/\/euroalter.com\/fr\/wp-json\/wp\/v2\/media?parent=4308"}],"wp:term":[{"taxonomy":"category","embeddable":true,"href":"https:\/\/euroalter.com\/fr\/wp-json\/wp\/v2\/categories?post=4308"},{"taxonomy":"post_tag","embeddable":true,"href":"https:\/\/euroalter.com\/fr\/wp-json\/wp\/v2\/tags?post=4308"}],"curies":[{"name":"wp","href":"https:\/\/api.w.org\/{rel}","templated":true}]}}