{"id":4300,"date":"2012-03-15T12:58:58","date_gmt":"2012-03-15T11:58:58","guid":{"rendered":"https:\/\/euroalter.local\/2012\/pas-de-place-pour-la-discrimination-dans-notre-democratie-europeenne-condamnez-le-site-internet-de-geert-wilders"},"modified":"2012-03-15T12:58:58","modified_gmt":"2012-03-15T11:58:58","slug":"pas-de-place-pour-la-discrimination-dans-notre-democratie-europeenne-condamnez-le-site-internet-de-geert-wilders","status":"publish","type":"post","link":"https:\/\/euroalter.com\/fr\/pas-de-place-pour-la-discrimination-dans-notre-democratie-europeenne-condamnez-le-site-internet-de-geert-wilders\/","title":{"rendered":"Pas de place pour la discrimination dans notre d\u00e9mocratie europ\u00e9enne: Condamnez le site Internet de Geert Wilders!"},"content":{"rendered":"<div> \t<strong><a href=\"https:\/\/euroalter.com\/petitions\/discrimination-has-no-place-in-our-european-democracy-condemn-the-website-of-geert-wilders\/\"><img decoding=\"async\" alt=\"\" src=\"http:\/\/vm0369.cs05.seeweb.it\/images\/article_uploads\/geert wilders.jpg\" style=\"width: 257px; height: 201px;\" \/><\/a><\/strong><\/div>\n<p> <strong><a href=\"https:\/\/euroalter.com\/petitions\/discrimination-has-no-place-in-our-european-democracy-condemn-the-website-of-geert-wilders\/\"><br \/> Signez la p\u00e9tition!<\/a><\/strong><\/p>\n<p> Aux Pays Bas, le parti anti-migration de Geert Wilders a lanc\u00e9 un site Internet o\u00f9 les citoyens hollandais peuvent de mani\u00e8re anonyme d\u00e9poser plainte\u00a0 contre des travailleurs\u00a0 d&rsquo;Europe centrale et de l&rsquo;Est. Pour faciliter \u00ab l&rsquo;introspection \u00bb de ces \u00ab plaignants \u00bb afin de cibler exactement la \u00ab raison \u00bb de leur r\u00e9clamation, cette plateforme propose plusieurs cat\u00e9gories telles que : ivresse publique, trouble \u00e0 l&rsquo;ordre public, incitation aux pertes d&rsquo;emplois etc.<\/p>\n<p> La libre circulation des travailleurs et de leur famille est une des valeurs centrales de l&rsquo;Union Europ\u00e9enne. A ce titre, ce droit fondamental est garanti aux citoyens de l&rsquo;Union \u00e0 travers les Trait\u00e9s. Cette initiative est clairement une offense envers les personnes qui ont toute libert\u00e9 de travailler et de r\u00e9sider au Pays Bas. L&rsquo;\u00e9galit\u00e9 entre les personnes se trouve min\u00e9e par ce type d&rsquo;initiatives.<\/p>\n<p> Jusqu&rsquo;\u00e0 pr\u00e9sent, le Premier Ministre hollandais Mark Rutte n&rsquo;a rien fait pour condamner ce site web. Son gouvernement a \u00e9t\u00e9 rendu possible gr\u00e2ce au soutien sur plusieurs sujets\u00a0 du Parti de la Libert\u00e9 de Geert Wilders. Cette action de Geert Wilders a pourtant un impact pour les citoyens vivant au Pays Bas ; puisqu&rsquo;elle revient \u00e0 soutenir le traitement in\u00e9gal dont ces personnes sont victimes. En tant que Premier Ministre, Mark Rutte devrait prendre position pour condamner cette discrimination dont souffre plusieurs citoyens qui sont juridiquement sous sa responsabilit\u00e9.<\/p>\n<p> C&rsquo;est pour cela que nous voulons promouvoir cette <a href=\"https:\/\/euroalter.com\/petitions\/discrimination-has-no-place-in-our-european-democracy-condemn-the-website-of-geert-wilders\/\">p\u00e9tition<\/a>. Nous demandons \u00e0 Mark Rutte de fermer ce site web afin de montrer clairement que l&rsquo;intol\u00e9rance et l&rsquo;incitation \u00e0 la discrimination n&rsquo;ont aucune place dans notre d\u00e9mocratie europ\u00e9enne.<\/p>\n<p> <strong>Alternatives Europ\u00e9ennes<\/strong><\/p>\n","protected":false},"excerpt":{"rendered":"<p>Signez la p\u00e9tition! Aux Pays Bas, le parti anti-migration de Geert Wilders a lanc\u00e9 un site Internet o\u00f9 les citoyens hollandais peuvent de mani\u00e8re anonyme&hellip;<\/p>\n","protected":false},"author":8,"featured_media":0,"comment_status":"open","ping_status":"open","sticky":false,"template":"","format":"standard","meta":{"_acf_changed":false,"footnotes":""},"categories":[1],"tags":[],"class_list":["post-4300","post","type-post","status-publish","format-standard","hentry","category-european-alternatives"],"acf":[],"yoast_head":"<!-- This site is optimized with the Yoast SEO plugin v24.6 - https:\/\/yoast.com\/wordpress\/plugins\/seo\/ -->\n<title>Pas de place pour la discrimination dans notre d\u00e9mocratie europ\u00e9enne: Condamnez le site Internet de Geert Wilders! - European Alternatives<\/title>\n<meta name=\"robots\" content=\"index, follow, max-snippet:-1, max-image-preview:large, max-video-preview:-1\" \/>\n<link rel=\"canonical\" href=\"https:\/\/euroalter.com\/pas-de-place-pour-la-discrimination-dans-notre-democratie-europeenne-condamnez-le-site-internet-de-geert-wilders\/\" \/>\n<meta property=\"og:locale\" content=\"fr_FR\" \/>\n<meta property=\"og:type\" content=\"article\" \/>\n<meta property=\"og:title\" content=\"Pas de place pour la discrimination dans notre d\u00e9mocratie europ\u00e9enne: Condamnez le site Internet de Geert Wilders! - European Alternatives\" \/>\n<meta property=\"og:description\" content=\"Signez la p\u00e9tition! Aux Pays Bas, le parti anti-migration de Geert Wilders a lanc\u00e9 un site Internet o\u00f9 les citoyens hollandais peuvent de mani\u00e8re anonyme&hellip;\" \/>\n<meta property=\"og:url\" content=\"https:\/\/euroalter.com\/pas-de-place-pour-la-discrimination-dans-notre-democratie-europeenne-condamnez-le-site-internet-de-geert-wilders\/\" \/>\n<meta property=\"og:site_name\" content=\"European Alternatives\" \/>\n<meta property=\"article:published_time\" content=\"2012-03-15T11:58:58+00:00\" \/>\n<meta name=\"author\" content=\"Marta Cillero\" \/>\n<meta name=\"twitter:card\" content=\"summary_large_image\" \/>\n<meta name=\"twitter:label1\" content=\"Written by\" \/>\n\t<meta name=\"twitter:data1\" content=\"Marta Cillero\" \/>\n\t<meta name=\"twitter:label2\" content=\"Est. reading time\" \/>\n\t<meta name=\"twitter:data2\" content=\"2 minutes\" \/>\n<script type=\"application\/ld+json\" class=\"yoast-schema-graph\">{\"@context\":\"https:\/\/schema.org\",\"@graph\":[{\"@type\":\"WebPage\",\"@id\":\"https:\/\/euroalter.com\/pas-de-place-pour-la-discrimination-dans-notre-democratie-europeenne-condamnez-le-site-internet-de-geert-wilders\/\",\"url\":\"https:\/\/euroalter.com\/pas-de-place-pour-la-discrimination-dans-notre-democratie-europeenne-condamnez-le-site-internet-de-geert-wilders\/\",\"name\":\"Pas de place pour la discrimination dans notre d\u00e9mocratie europ\u00e9enne: Condamnez le site Internet de Geert Wilders! - European Alternatives\",\"isPartOf\":{\"@id\":\"https:\/\/euroalter.com\/#website\"},\"datePublished\":\"2012-03-15T11:58:58+00:00\",\"author\":{\"@id\":\"https:\/\/euroalter.com\/#\/schema\/person\/22a482000088767ac51a1e6286c8ad2b\"},\"breadcrumb\":{\"@id\":\"https:\/\/euroalter.com\/pas-de-place-pour-la-discrimination-dans-notre-democratie-europeenne-condamnez-le-site-internet-de-geert-wilders\/#breadcrumb\"},\"inLanguage\":\"fr-FR\",\"potentialAction\":[{\"@type\":\"ReadAction\",\"target\":[\"https:\/\/euroalter.com\/pas-de-place-pour-la-discrimination-dans-notre-democratie-europeenne-condamnez-le-site-internet-de-geert-wilders\/\"]}]},{\"@type\":\"BreadcrumbList\",\"@id\":\"https:\/\/euroalter.com\/pas-de-place-pour-la-discrimination-dans-notre-democratie-europeenne-condamnez-le-site-internet-de-geert-wilders\/#breadcrumb\",\"itemListElement\":[{\"@type\":\"ListItem\",\"position\":1,\"name\":\"Home\",\"item\":\"https:\/\/euroalter.com\/fr\/\"},{\"@type\":\"ListItem\",\"position\":2,\"name\":\"Pas de place pour la discrimination dans notre d\u00e9mocratie europ\u00e9enne: Condamnez le site Internet de Geert Wilders!\"}]},{\"@type\":\"WebSite\",\"@id\":\"https:\/\/euroalter.com\/#website\",\"url\":\"https:\/\/euroalter.com\/\",\"name\":\"European Alternatives\",\"description\":\"Democracy, Equality and Culture beyond the nation\",\"potentialAction\":[{\"@type\":\"SearchAction\",\"target\":{\"@type\":\"EntryPoint\",\"urlTemplate\":\"https:\/\/euroalter.com\/?s={search_term_string}\"},\"query-input\":{\"@type\":\"PropertyValueSpecification\",\"valueRequired\":true,\"valueName\":\"search_term_string\"}}],\"inLanguage\":\"fr-FR\"},{\"@type\":\"Person\",\"@id\":\"https:\/\/euroalter.com\/#\/schema\/person\/22a482000088767ac51a1e6286c8ad2b\",\"name\":\"Marta Cillero\",\"image\":{\"@type\":\"ImageObject\",\"inLanguage\":\"fr-FR\",\"@id\":\"https:\/\/euroalter.com\/#\/schema\/person\/image\/\",\"url\":\"https:\/\/secure.gravatar.com\/avatar\/7e23f0c5351248c4771d9928f748b58d?s=96&d=mm&r=g\",\"contentUrl\":\"https:\/\/secure.gravatar.com\/avatar\/7e23f0c5351248c4771d9928f748b58d?s=96&d=mm&r=g\",\"caption\":\"Marta Cillero\"}}]}<\/script>\n<!-- \/ Yoast SEO plugin. -->","yoast_head_json":{"title":"Pas de place pour la discrimination dans notre d\u00e9mocratie europ\u00e9enne: Condamnez le site Internet de Geert Wilders! - European Alternatives","robots":{"index":"index","follow":"follow","max-snippet":"max-snippet:-1","max-image-preview":"max-image-preview:large","max-video-preview":"max-video-preview:-1"},"canonical":"https:\/\/euroalter.com\/pas-de-place-pour-la-discrimination-dans-notre-democratie-europeenne-condamnez-le-site-internet-de-geert-wilders\/","og_locale":"fr_FR","og_type":"article","og_title":"Pas de place pour la discrimination dans notre d\u00e9mocratie europ\u00e9enne: Condamnez le site Internet de Geert Wilders! - European Alternatives","og_description":"Signez la p\u00e9tition! Aux Pays Bas, le parti anti-migration de Geert Wilders a lanc\u00e9 un site Internet o\u00f9 les citoyens hollandais peuvent de mani\u00e8re anonyme&hellip;","og_url":"https:\/\/euroalter.com\/pas-de-place-pour-la-discrimination-dans-notre-democratie-europeenne-condamnez-le-site-internet-de-geert-wilders\/","og_site_name":"European Alternatives","article_published_time":"2012-03-15T11:58:58+00:00","author":"Marta Cillero","twitter_card":"summary_large_image","twitter_misc":{"Written by":"Marta Cillero","Est. reading time":"2 minutes"},"schema":{"@context":"https:\/\/schema.org","@graph":[{"@type":"WebPage","@id":"https:\/\/euroalter.com\/pas-de-place-pour-la-discrimination-dans-notre-democratie-europeenne-condamnez-le-site-internet-de-geert-wilders\/","url":"https:\/\/euroalter.com\/pas-de-place-pour-la-discrimination-dans-notre-democratie-europeenne-condamnez-le-site-internet-de-geert-wilders\/","name":"Pas de place pour la discrimination dans notre d\u00e9mocratie europ\u00e9enne: Condamnez le site Internet de Geert Wilders! - European Alternatives","isPartOf":{"@id":"https:\/\/euroalter.com\/#website"},"datePublished":"2012-03-15T11:58:58+00:00","author":{"@id":"https:\/\/euroalter.com\/#\/schema\/person\/22a482000088767ac51a1e6286c8ad2b"},"breadcrumb":{"@id":"https:\/\/euroalter.com\/pas-de-place-pour-la-discrimination-dans-notre-democratie-europeenne-condamnez-le-site-internet-de-geert-wilders\/#breadcrumb"},"inLanguage":"fr-FR","potentialAction":[{"@type":"ReadAction","target":["https:\/\/euroalter.com\/pas-de-place-pour-la-discrimination-dans-notre-democratie-europeenne-condamnez-le-site-internet-de-geert-wilders\/"]}]},{"@type":"BreadcrumbList","@id":"https:\/\/euroalter.com\/pas-de-place-pour-la-discrimination-dans-notre-democratie-europeenne-condamnez-le-site-internet-de-geert-wilders\/#breadcrumb","itemListElement":[{"@type":"ListItem","position":1,"name":"Home","item":"https:\/\/euroalter.com\/fr\/"},{"@type":"ListItem","position":2,"name":"Pas de place pour la discrimination dans notre d\u00e9mocratie europ\u00e9enne: Condamnez le site Internet de Geert Wilders!"}]},{"@type":"WebSite","@id":"https:\/\/euroalter.com\/#website","url":"https:\/\/euroalter.com\/","name":"European Alternatives","description":"Democracy, Equality and Culture beyond the nation","potentialAction":[{"@type":"SearchAction","target":{"@type":"EntryPoint","urlTemplate":"https:\/\/euroalter.com\/?s={search_term_string}"},"query-input":{"@type":"PropertyValueSpecification","valueRequired":true,"valueName":"search_term_string"}}],"inLanguage":"fr-FR"},{"@type":"Person","@id":"https:\/\/euroalter.com\/#\/schema\/person\/22a482000088767ac51a1e6286c8ad2b","name":"Marta Cillero","image":{"@type":"ImageObject","inLanguage":"fr-FR","@id":"https:\/\/euroalter.com\/#\/schema\/person\/image\/","url":"https:\/\/secure.gravatar.com\/avatar\/7e23f0c5351248c4771d9928f748b58d?s=96&d=mm&r=g","contentUrl":"https:\/\/secure.gravatar.com\/avatar\/7e23f0c5351248c4771d9928f748b58d?s=96&d=mm&r=g","caption":"Marta Cillero"}}]}},"_links":{"self":[{"href":"https:\/\/euroalter.com\/fr\/wp-json\/wp\/v2\/posts\/4300","targetHints":{"allow":["GET"]}}],"collection":[{"href":"https:\/\/euroalter.com\/fr\/wp-json\/wp\/v2\/posts"}],"about":[{"href":"https:\/\/euroalter.com\/fr\/wp-json\/wp\/v2\/types\/post"}],"author":[{"embeddable":true,"href":"https:\/\/euroalter.com\/fr\/wp-json\/wp\/v2\/users\/8"}],"replies":[{"embeddable":true,"href":"https:\/\/euroalter.com\/fr\/wp-json\/wp\/v2\/comments?post=4300"}],"version-history":[{"count":0,"href":"https:\/\/euroalter.com\/fr\/wp-json\/wp\/v2\/posts\/4300\/revisions"}],"wp:attachment":[{"href":"https:\/\/euroalter.com\/fr\/wp-json\/wp\/v2\/media?parent=4300"}],"wp:term":[{"taxonomy":"category","embeddable":true,"href":"https:\/\/euroalter.com\/fr\/wp-json\/wp\/v2\/categories?post=4300"},{"taxonomy":"post_tag","embeddable":true,"href":"https:\/\/euroalter.com\/fr\/wp-json\/wp\/v2\/tags?post=4300"}],"curies":[{"name":"wp","href":"https:\/\/api.w.org\/{rel}","templated":true}]}}