{"id":4265,"date":"2011-11-17T16:27:05","date_gmt":"2011-11-17T15:27:05","guid":{"rendered":"https:\/\/euroalter.local\/2011\/elections-transnationales"},"modified":"2011-11-17T16:27:05","modified_gmt":"2011-11-17T15:27:05","slug":"elections-transnationales","status":"publish","type":"post","link":"https:\/\/euroalter.com\/fr\/elections-transnationales\/","title":{"rendered":"Elections transnationales!"},"content":{"rendered":"<h1 style=\"margin: 0px 0px 10px; font: 14px 'Lucida Grande'; text-align: center;\"> \t<span style=\"font-size: 20px;\"><strong>Votez en ligne du 7 au 14 octobre<\/strong><\/span><\/h1>\n<h3 style=\"margin: 0px 0px 10px; font: 14px 'Lucida Grande'; text-align: center;\"> \t<img decoding=\"async\" alt=\"\" src=\"http:\/\/vm0369.cs05.seeweb.it\/images\/article_uploads\/urne.jpg\" style=\"width: 376px; height: 253px;\" \/><\/h3>\n<h3 style=\"margin: 0px 0px 10px; font: 14px 'Lucida Grande';\"> \t<strong>Alternatives Europ\u00e9ennes met en pratique son engagement en faveur d&#39;une d\u00e9mocratie transnationale nourrie par la base. Les deux premiers membres repr\u00e9sentants du R\u00e9seau Transeuropa seront \u00e9lus par les autres membres du r\u00e9seau partout en Europe, du 7 au 14 octobre<\/strong>. <strong>Tous les membres recevront un mail avec toutes les informations concernant ce vote. <\/strong><\/h3>\n<p> <\/p>\n<p style=\"margin: 0px 0px 10px; font: 14px 'Lucida Grande'; text-align: center;\"> \t<strong>Quel r\u00f4le ont les membres r\u00e9pr\u00e9sentants chez Alternatives Europ\u00e9ennes? <\/strong><\/p>\n<p style=\"margin: 0px 0px 10px; font: 14px 'Lucida Grande';\"> \tLes r\u00e9pr\u00e9sentants des membres du R\u00e9seau Transeuropa sont un \u00e9l\u00e9ment essentiel de la nouvelle structure d&#39;Alternatives Europ\u00e9ennes, ils garantissent que l&#39;organisation fonctionne r\u00e9ellement dans une approche &#8220;bottom-up&#8221;. Tout comme les membres du Board Transnational (<a href=\"https:\/\/euroalter.com\/network\/about\/\">en savoir plus ici<\/a>), ils ont une vue d&#39;ensemble et une vraie capacit\u00e9 de prise de d\u00e9cision dans toutes les activit\u00e9s d&#39;Alternatives Europ\u00e9ennes, en si\u00e9gant chaque mois aux r\u00e9unions du Board Transnational.<br \/> \tLes repr\u00e9sentants consultent les autres membres sur diff\u00e9rents sujets, veillent \u00e0 ce que leurs initiatives, attentes, questions ou probl\u00e9matiques politiques soient pris en compte lors des votes du Board, et ils les tiennent inform\u00e9s sur les d\u00e9cisions qui ont \u00e9t\u00e9 prises et sur les sujets soulev\u00e9s.<\/p>\n<p> \tPour en savoir plus :<br \/> \t&#8211; <a href=\"https:\/\/euroalter.com\/2011\/european-alternatives-has-a-new-constitution\/\">Lisez la Constitution d&#39;Alternatives Europ\u00e9ennes r\u00e9cemment approuv\u00e9e<\/a><br \/> \t&#8211; <a href=\"https:\/\/euroalter.com\/network\/about\/\">En savoir plus sur le R\u00e9seau Transeuropa<\/a><\/p>\n<p style=\"margin: 0px 0px 10px; font: 14px 'Lucida Grande'; text-align: justify;\"> \t\u00a0<\/p>\n<p style=\"margin: 0px 0px 10px; font: 14px 'Lucida Grande'; text-align: center;\"> \t<strong>Comment puis-je voter? <\/strong><\/p>\n<p style=\"margin: 0px 0px 10px; font: 14px 'Lucida Grande'; text-align: justify;\"> \tTous les membres du R\u00e9seau Transeuropa peuvent voter pour leurs repr\u00e9sentants et ils recevront par mail un lien contenant un mot de passe pour s\u00e9curiser leur vote en ligne. Vous n&#39;avez pas besoin de faire partie d&#39;un groupe local ou d&#39;avoir particip\u00e9 \u00e0 une r\u00e9union du R\u00e9seau Transeuropa par le pass\u00e9. Une seule condition: devenir un membre officiel du R\u00e9seau: rejoignez-nous ici!<br \/> \t\u00a0<\/p>\n<p style=\"margin: 0px 0px 10px; font: 14px 'Lucida Grande'; text-align: justify;\"> \t\u00a0<b>\u00a0 \u00a0 \u00a0 \u00a0 \u00a0 \u00a0 \u00a0 \u00a0 \u00a0 \u00a0 \u00a0 \u00a0 \u00a0 \u00a0 \u00a0 \u00a0 \u00a0 \u00a0 \u00a0 \u00a0 \u00a0 \u00a0 \u00a0 \u00a0 \u00a0 \u00a0 \u00a0 \u00a0 \u00a0 \u00a0 \u00a0 \u00a0 \u00a0 \u00a0<br \/> \t\u00a0 \u00a0 \u00a0\u00a0\u00a0\u00a0\u00a0\u00a0\u00a0\u00a0\u00a0\u00a0\u00a0\u00a0\u00a0\u00a0\u00a0\u00a0\u00a0\u00a0\u00a0\u00a0\u00a0\u00a0\u00a0\u00a0\u00a0\u00a0\u00a0\u00a0\u00a0\u00a0\u00a0\u00a0\u00a0\u00a0\u00a0\u00a0\u00a0\u00a0\u00a0\u00a0\u00a0\u00a0\u00a0\u00a0\u00a0\u00a0\u00a0\u00a0\u00a0\u00a0\u00a0\u00a0\u00a0\u00a0\u00a0\u00a0\u00a0\u00a0\u00a0\u00a0\u00a0 Candidats<\/b><br \/> \t\u00a0<\/p>\n<p style=\"margin: 0px 0px 10px; font: 14px 'Lucida Grande'; text-align: center;\"> \t<em>Les candidats publieront bient\u00f4t de nouvelles informations sur leur page, veillez \u00e0 les consulter! <\/em><\/p>\n<div> \t\u00a0<\/div>\n<table border=\"1\" cellpadding=\"10\" cellspacing=\"10\" style=\"width: 500px; \">\n<tbody>\n<tr>\n<td> \t\t\t\t<img decoding=\"async\" alt=\"\" src=\"http:\/\/vm0369.cs05.seeweb.it\/images\/article_uploads\/308999_10150304766383493_799913492_7830140_1537285_n - Copie.jpg\" style=\"width: 90px; height: 125px; \" \/><\/td>\n<td> \t\t\t\t<img decoding=\"async\" alt=\"\" src=\"http:\/\/vm0369.cs05.seeweb.it\/images\/article_uploads\/Me2010Sept - Copie.JPG\" style=\"width: 90px; height: 125px; \" \/><\/td>\n<td> \t\t\t\t<img decoding=\"async\" alt=\"\" src=\"http:\/\/vm0369.cs05.seeweb.it\/images\/article_uploads\/Transeuropa Claudia.JPG\" style=\"width: 90px; height: 125px; \" \/><\/td>\n<td> \t\t\t\t<img decoding=\"async\" alt=\"\" src=\"http:\/\/vm0369.cs05.seeweb.it\/images\/article_uploads\/Elenenora - Copie.JPG\" style=\"width: 90px; height: 125px; \" \/><\/td>\n<td> \t\t\t\t<img decoding=\"async\" alt=\"\" src=\"http:\/\/vm0369.cs05.seeweb.it\/images\/article_uploads\/jonmar - Copie.jpg\" style=\"width: 90px; height: 133px; \" \/><\/td>\n<\/tr>\n<tr>\n<td>\n<p style=\"margin-top: 0px; margin-right: 0px; margin-bottom: 10px; margin-left: 0px; text-align: center; font: normal normal normal 11px\/normal 'Lucida Grande'; \"> \t\t\t\t\t<strong><span style=\"letter-spacing: 0px; \">Angela Anton<\/span><\/strong><\/p>\n<p style=\"margin-top: 0px; margin-right: 0px; margin-bottom: 10px; margin-left: 0px; text-align: center; font: normal normal normal 11px\/normal 'Lucida Grande'; \"> \t\t\t\t\t<a href=\"https:\/\/euroalter.com\/2011\/angela-anton\/\"><b>Learn more about her!<\/b><\/a><\/p>\n<\/td>\n<td>\n<p style=\"margin-top: 0px; margin-right: 0px; margin-bottom: 10px; margin-left: 0px; text-align: center; font: normal normal normal 11px\/normal 'Lucida Grande'; \"> \t\t\t\t\t<strong><span style=\"letter-spacing: 0px; \">Carolynn Most<\/span><\/strong><\/p>\n<p style=\"margin-top: 0px; margin-right: 0px; margin-bottom: 10px; margin-left: 0px; text-align: center; font: normal normal normal 11px\/normal 'Lucida Grande'; \"> \t\t\t\t\t<a href=\"https:\/\/euroalter.com\/2011\/carolynn-most\/\"><b>Learn more about her!<\/b><\/a><\/p>\n<\/td>\n<td>\n<p style=\"margin-top: 0px; margin-right: 0px; margin-bottom: 10px; margin-left: 0px; text-align: center; font: normal normal normal 11px\/normal 'Lucida Grande'; \"> \t\t\t\t\t<span style=\"letter-spacing: 0px; \"><b>Claudia de Martino<\/b><\/span><\/p>\n<p style=\"margin-top: 0px; margin-right: 0px; margin-bottom: 10px; margin-left: 0px; text-align: center; font: normal normal normal 11px\/normal 'Lucida Grande'; \"> \t\t\t\t\t<a href=\"https:\/\/euroalter.com\/2011\/claudia-de-martino\/\"><b>Learn more about her!<\/b><\/a><\/p>\n<\/td>\n<td>\n<p style=\"margin-top: 0px; margin-right: 0px; margin-bottom: 10px; margin-left: 0px; text-align: center; font: normal normal normal 11px\/normal 'Lucida Grande'; \"> \t\t\t\t\t<span style=\"letter-spacing: 0px; \"><b>Eleonora Nestola<\/b><\/span><\/p>\n<p style=\"margin-top: 0px; margin-right: 0px; margin-bottom: 10px; margin-left: 0px; text-align: center; font: normal normal normal 11px\/normal 'Lucida Grande'; \"> \t\t\t\t\t<a href=\"https:\/\/euroalter.com\/2011\/eleonora-nestola\/\"><b><b>Learn more about her!<\/b><\/b><\/a><\/p>\n<\/td>\n<td>\n<p style=\"margin-top: 0px; margin-right: 0px; margin-bottom: 10px; margin-left: 0px; text-align: center; font: normal normal normal 11px\/normal 'Lucida Grande'; \"> \t\t\t\t\t<span style=\"letter-spacing: 0px; \"><b>Jonmar Van Vlijmen<\/b><\/span><\/p>\n<p style=\"margin-top: 0px; margin-right: 0px; margin-bottom: 10px; margin-left: 0px; text-align: center; font: normal normal normal 11px\/normal 'Lucida Grande'; \"> \t\t\t\t\t<b><b><a href=\"https:\/\/euroalter.com\/2011\/jonmar-van-vlijmen\/\">Learn more about him!<\/a><\/b><\/b><\/p>\n<\/td>\n<\/tr>\n<\/tbody>\n<\/table>\n<p style=\"margin-top: 0px; margin-right: 0px; margin-bottom: 10px; margin-left: 0px; font: normal normal normal 14px\/normal 'Lucida Grande'; text-align: justify; \"> \t\u00a0<\/p>\n<p style=\"margin: 0px 0px 10px; font: 14px 'Lucida Grande'; text-align: center;\"> \t\u00a0<\/p>\n","protected":false},"excerpt":{"rendered":"<p>Votez en ligne du 7 au 14 octobre Alternatives Europ\u00e9ennes met en pratique son engagement en faveur d&#39;une d\u00e9mocratie transnationale nourrie par la base. Les&hellip;<\/p>\n","protected":false},"author":8,"featured_media":0,"comment_status":"open","ping_status":"open","sticky":false,"template":"","format":"standard","meta":{"_acf_changed":false,"footnotes":""},"categories":[1],"tags":[100],"class_list":["post-4265","post","type-post","status-publish","format-standard","hentry","category-european-alternatives","tag-transeuropa-network"],"acf":[],"yoast_head":"<!-- This site is optimized with the Yoast SEO plugin v24.6 - https:\/\/yoast.com\/wordpress\/plugins\/seo\/ -->\n<title>Elections transnationales! - European Alternatives<\/title>\n<meta name=\"robots\" content=\"index, follow, max-snippet:-1, max-image-preview:large, max-video-preview:-1\" \/>\n<link rel=\"canonical\" href=\"https:\/\/euroalter.com\/elections-transnationales\/\" \/>\n<meta property=\"og:locale\" content=\"fr_FR\" \/>\n<meta property=\"og:type\" content=\"article\" \/>\n<meta property=\"og:title\" content=\"Elections transnationales! - European Alternatives\" \/>\n<meta property=\"og:description\" content=\"Votez en ligne du 7 au 14 octobre Alternatives Europ\u00e9ennes met en pratique son engagement en faveur d&#039;une d\u00e9mocratie transnationale nourrie par la base. Les&hellip;\" \/>\n<meta property=\"og:url\" content=\"https:\/\/euroalter.com\/elections-transnationales\/\" \/>\n<meta property=\"og:site_name\" content=\"European Alternatives\" \/>\n<meta property=\"article:published_time\" content=\"2011-11-17T15:27:05+00:00\" \/>\n<meta property=\"og:image\" content=\"http:\/\/vm0369.cs05.seeweb.it\/images\/article_uploads\/urne.jpg\" \/>\n<meta name=\"author\" content=\"Marta Cillero\" \/>\n<meta name=\"twitter:card\" content=\"summary_large_image\" \/>\n<meta name=\"twitter:label1\" content=\"Written by\" \/>\n\t<meta name=\"twitter:data1\" content=\"Marta Cillero\" \/>\n\t<meta name=\"twitter:label2\" content=\"Est. reading time\" \/>\n\t<meta name=\"twitter:data2\" content=\"2 minutes\" \/>\n<script type=\"application\/ld+json\" class=\"yoast-schema-graph\">{\"@context\":\"https:\/\/schema.org\",\"@graph\":[{\"@type\":\"WebPage\",\"@id\":\"https:\/\/euroalter.com\/elections-transnationales\/\",\"url\":\"https:\/\/euroalter.com\/elections-transnationales\/\",\"name\":\"Elections transnationales! - European Alternatives\",\"isPartOf\":{\"@id\":\"https:\/\/euroalter.com\/#website\"},\"primaryImageOfPage\":{\"@id\":\"https:\/\/euroalter.com\/elections-transnationales\/#primaryimage\"},\"image\":{\"@id\":\"https:\/\/euroalter.com\/elections-transnationales\/#primaryimage\"},\"thumbnailUrl\":\"http:\/\/vm0369.cs05.seeweb.it\/images\/article_uploads\/urne.jpg\",\"datePublished\":\"2011-11-17T15:27:05+00:00\",\"author\":{\"@id\":\"https:\/\/euroalter.com\/#\/schema\/person\/22a482000088767ac51a1e6286c8ad2b\"},\"breadcrumb\":{\"@id\":\"https:\/\/euroalter.com\/elections-transnationales\/#breadcrumb\"},\"inLanguage\":\"fr-FR\",\"potentialAction\":[{\"@type\":\"ReadAction\",\"target\":[\"https:\/\/euroalter.com\/elections-transnationales\/\"]}]},{\"@type\":\"ImageObject\",\"inLanguage\":\"fr-FR\",\"@id\":\"https:\/\/euroalter.com\/elections-transnationales\/#primaryimage\",\"url\":\"http:\/\/vm0369.cs05.seeweb.it\/images\/article_uploads\/urne.jpg\",\"contentUrl\":\"http:\/\/vm0369.cs05.seeweb.it\/images\/article_uploads\/urne.jpg\"},{\"@type\":\"BreadcrumbList\",\"@id\":\"https:\/\/euroalter.com\/elections-transnationales\/#breadcrumb\",\"itemListElement\":[{\"@type\":\"ListItem\",\"position\":1,\"name\":\"Home\",\"item\":\"https:\/\/euroalter.com\/fr\/\"},{\"@type\":\"ListItem\",\"position\":2,\"name\":\"Elections transnationales!\"}]},{\"@type\":\"WebSite\",\"@id\":\"https:\/\/euroalter.com\/#website\",\"url\":\"https:\/\/euroalter.com\/\",\"name\":\"European Alternatives\",\"description\":\"Democracy, Equality and Culture beyond the nation\",\"potentialAction\":[{\"@type\":\"SearchAction\",\"target\":{\"@type\":\"EntryPoint\",\"urlTemplate\":\"https:\/\/euroalter.com\/?s={search_term_string}\"},\"query-input\":{\"@type\":\"PropertyValueSpecification\",\"valueRequired\":true,\"valueName\":\"search_term_string\"}}],\"inLanguage\":\"fr-FR\"},{\"@type\":\"Person\",\"@id\":\"https:\/\/euroalter.com\/#\/schema\/person\/22a482000088767ac51a1e6286c8ad2b\",\"name\":\"Marta Cillero\",\"image\":{\"@type\":\"ImageObject\",\"inLanguage\":\"fr-FR\",\"@id\":\"https:\/\/euroalter.com\/#\/schema\/person\/image\/\",\"url\":\"https:\/\/secure.gravatar.com\/avatar\/7e23f0c5351248c4771d9928f748b58d?s=96&d=mm&r=g\",\"contentUrl\":\"https:\/\/secure.gravatar.com\/avatar\/7e23f0c5351248c4771d9928f748b58d?s=96&d=mm&r=g\",\"caption\":\"Marta Cillero\"}}]}<\/script>\n<!-- \/ Yoast SEO plugin. -->","yoast_head_json":{"title":"Elections transnationales! - European Alternatives","robots":{"index":"index","follow":"follow","max-snippet":"max-snippet:-1","max-image-preview":"max-image-preview:large","max-video-preview":"max-video-preview:-1"},"canonical":"https:\/\/euroalter.com\/elections-transnationales\/","og_locale":"fr_FR","og_type":"article","og_title":"Elections transnationales! - European Alternatives","og_description":"Votez en ligne du 7 au 14 octobre Alternatives Europ\u00e9ennes met en pratique son engagement en faveur d&#39;une d\u00e9mocratie transnationale nourrie par la base. Les&hellip;","og_url":"https:\/\/euroalter.com\/elections-transnationales\/","og_site_name":"European Alternatives","article_published_time":"2011-11-17T15:27:05+00:00","og_image":[{"url":"http:\/\/vm0369.cs05.seeweb.it\/images\/article_uploads\/urne.jpg","type":"","width":"","height":""}],"author":"Marta Cillero","twitter_card":"summary_large_image","twitter_misc":{"Written by":"Marta Cillero","Est. reading time":"2 minutes"},"schema":{"@context":"https:\/\/schema.org","@graph":[{"@type":"WebPage","@id":"https:\/\/euroalter.com\/elections-transnationales\/","url":"https:\/\/euroalter.com\/elections-transnationales\/","name":"Elections transnationales! - European Alternatives","isPartOf":{"@id":"https:\/\/euroalter.com\/#website"},"primaryImageOfPage":{"@id":"https:\/\/euroalter.com\/elections-transnationales\/#primaryimage"},"image":{"@id":"https:\/\/euroalter.com\/elections-transnationales\/#primaryimage"},"thumbnailUrl":"http:\/\/vm0369.cs05.seeweb.it\/images\/article_uploads\/urne.jpg","datePublished":"2011-11-17T15:27:05+00:00","author":{"@id":"https:\/\/euroalter.com\/#\/schema\/person\/22a482000088767ac51a1e6286c8ad2b"},"breadcrumb":{"@id":"https:\/\/euroalter.com\/elections-transnationales\/#breadcrumb"},"inLanguage":"fr-FR","potentialAction":[{"@type":"ReadAction","target":["https:\/\/euroalter.com\/elections-transnationales\/"]}]},{"@type":"ImageObject","inLanguage":"fr-FR","@id":"https:\/\/euroalter.com\/elections-transnationales\/#primaryimage","url":"http:\/\/vm0369.cs05.seeweb.it\/images\/article_uploads\/urne.jpg","contentUrl":"http:\/\/vm0369.cs05.seeweb.it\/images\/article_uploads\/urne.jpg"},{"@type":"BreadcrumbList","@id":"https:\/\/euroalter.com\/elections-transnationales\/#breadcrumb","itemListElement":[{"@type":"ListItem","position":1,"name":"Home","item":"https:\/\/euroalter.com\/fr\/"},{"@type":"ListItem","position":2,"name":"Elections transnationales!"}]},{"@type":"WebSite","@id":"https:\/\/euroalter.com\/#website","url":"https:\/\/euroalter.com\/","name":"European Alternatives","description":"Democracy, Equality and Culture beyond the nation","potentialAction":[{"@type":"SearchAction","target":{"@type":"EntryPoint","urlTemplate":"https:\/\/euroalter.com\/?s={search_term_string}"},"query-input":{"@type":"PropertyValueSpecification","valueRequired":true,"valueName":"search_term_string"}}],"inLanguage":"fr-FR"},{"@type":"Person","@id":"https:\/\/euroalter.com\/#\/schema\/person\/22a482000088767ac51a1e6286c8ad2b","name":"Marta Cillero","image":{"@type":"ImageObject","inLanguage":"fr-FR","@id":"https:\/\/euroalter.com\/#\/schema\/person\/image\/","url":"https:\/\/secure.gravatar.com\/avatar\/7e23f0c5351248c4771d9928f748b58d?s=96&d=mm&r=g","contentUrl":"https:\/\/secure.gravatar.com\/avatar\/7e23f0c5351248c4771d9928f748b58d?s=96&d=mm&r=g","caption":"Marta Cillero"}}]}},"_links":{"self":[{"href":"https:\/\/euroalter.com\/fr\/wp-json\/wp\/v2\/posts\/4265","targetHints":{"allow":["GET"]}}],"collection":[{"href":"https:\/\/euroalter.com\/fr\/wp-json\/wp\/v2\/posts"}],"about":[{"href":"https:\/\/euroalter.com\/fr\/wp-json\/wp\/v2\/types\/post"}],"author":[{"embeddable":true,"href":"https:\/\/euroalter.com\/fr\/wp-json\/wp\/v2\/users\/8"}],"replies":[{"embeddable":true,"href":"https:\/\/euroalter.com\/fr\/wp-json\/wp\/v2\/comments?post=4265"}],"version-history":[{"count":0,"href":"https:\/\/euroalter.com\/fr\/wp-json\/wp\/v2\/posts\/4265\/revisions"}],"wp:attachment":[{"href":"https:\/\/euroalter.com\/fr\/wp-json\/wp\/v2\/media?parent=4265"}],"wp:term":[{"taxonomy":"category","embeddable":true,"href":"https:\/\/euroalter.com\/fr\/wp-json\/wp\/v2\/categories?post=4265"},{"taxonomy":"post_tag","embeddable":true,"href":"https:\/\/euroalter.com\/fr\/wp-json\/wp\/v2\/tags?post=4265"}],"curies":[{"name":"wp","href":"https:\/\/api.w.org\/{rel}","templated":true}]}}