{"id":4102,"date":"2011-01-10T13:12:29","date_gmt":"2011-01-10T12:12:29","guid":{"rendered":"https:\/\/euroalter.local\/2011\/liberta-dei-media-e-iniziative-legate-al-programma-di-stoccolma"},"modified":"2011-01-10T13:12:29","modified_gmt":"2011-01-10T12:12:29","slug":"liberta-dei-media-e-iniziative-legate-al-programma-di-stoccolma","status":"publish","type":"post","link":"https:\/\/euroalter.com\/fr\/liberta-dei-media-e-iniziative-legate-al-programma-di-stoccolma\/","title":{"rendered":"Libert\u00e0 dei media e iniziative legate al Programma di Stoccolma"},"content":{"rendered":"<p> <strong>Consultazione deliberativa transeuropea<\/strong><\/p>\n<p style=\"text-align: justify;\"> \tNel corso del 2011 European Alternatives organizzer\u00e0 un vasto progetto transeuropeo che porter\u00e0 migliaia di cittadini in tutta Europa a discutere di azioni comuni per lottare per i propri diritti civili, come espressi nel Programma di Stoccolma dell&rsquo;UE e nella Carta dei Diritti Fondamentali.<br \/> \tCittadini in Bulgaria, Francia, Italia, Romania, Spagna e Regno Unito discuteranno su proposte comuni riguardo a:<\/p>\n<ul>\n<li> \t\tLibert\u00e0 dei Media<\/li>\n<li> \t\tDiritti dei rom<\/li>\n<li> \t\tDiritti LGBT<\/li>\n<li> \t\tDiritti sociali e dei lavoratori<\/li>\n<li> \t\tDiritti dei migranti<\/li>\n<li> \t\tLegalit\u00e0 e lotta contro il crimine organizzato<\/li>\n<\/ul>\n<p> \u00a0 <\/p>\n<p style=\"text-align: justify;\"> \tSaranno organizzate \u00a0in 18 citt\u00e0 europeetavole rotonde participative in cui saranno dibattuti i problemi locali all&rsquo;interno di un contesto europeo. Le discussioni saranno affrontate da gruppi di 6-7 persone fino al raggiungimento di proposte comuni per promuovere azioni concordate. Una selezione di partecipanti provenienti dagli incontri regionali avr\u00e0 la possibilit\u00e0 di prendere parte ad un forum internazionale che raccoglier\u00e0 attivisti e cittadini per discutere delle stesse tematiche in tutta Europa.<\/p>\n<p> \tIl primo di questo meeting si terr\u00e0 a <strong>Roma il 5 febbraio<\/strong> e tratter\u00e0 di libert\u00e0 di stampa e pluralismo dei media. Introdurranno i lavori delle tavole rotonde : Eva Simon della <a href=\"http:\/\/www.tasz.hu\/en\">Hungarian Civil Liberties Union<\/a>, esperta di libert\u00e0 di informazione che parler\u00e0 della situazione dell&rsquo; Ungheria, in cui una recente legge sui media dai tratti totalitari ha suscitato forti critiche da parte dell&rsquo;Unione Europea e Granville Williams, giornalista e autore di libri e di rapporti sul monopolio dei medi a in Europa, membro del Consiglio Nazionale \u00a0del gruppo di riforma dei media con sede nel Regno Unito, <a href=\"http:\/\/www.cpbf.org.uk\/\">the Campaign for Press &#038; Broadcasting Freedom<\/a> (CPBF).\u00a0 \u00a0<\/p>\n<p> \tPi\u00f9 dettagli sugli orari, il luogo e le modalit\u00e0 di organizzazione dei lavori saranno presto pubblicati sul sito, seguiteci su: \u00a0<a href=\"..\/\">www.euroalter.com<\/a>. Per registrare la tua disponibilit\u00e0 a collaborare con noi a questo entusiasmante evento, scrivi a Alessandro Mollicone : <a href=\"mailto:a.mollicone@euroalter.com\">a.mollicone@euroalter.com<\/a><\/p>\n","protected":false},"excerpt":{"rendered":"<p>Consultazione deliberativa transeuropea Nel corso del 2011 European Alternatives organizzer\u00e0 un vasto progetto transeuropeo che porter\u00e0 migliaia di cittadini in tutta Europa a discutere di&hellip;<\/p>\n","protected":false},"author":8,"featured_media":0,"comment_status":"open","ping_status":"open","sticky":false,"template":"","format":"standard","meta":{"_acf_changed":false,"footnotes":""},"categories":[1],"tags":[],"class_list":["post-4102","post","type-post","status-publish","format-standard","hentry","category-european-alternatives"],"acf":[],"yoast_head":"<!-- This site is optimized with the Yoast SEO plugin v24.6 - https:\/\/yoast.com\/wordpress\/plugins\/seo\/ -->\n<title>Libert\u00e0 dei media e iniziative legate al Programma di Stoccolma - European Alternatives<\/title>\n<meta name=\"robots\" content=\"index, follow, max-snippet:-1, max-image-preview:large, max-video-preview:-1\" \/>\n<link rel=\"canonical\" href=\"https:\/\/euroalter.com\/liberta-dei-media-e-iniziative-legate-al-programma-di-stoccolma\/\" \/>\n<meta property=\"og:locale\" content=\"fr_FR\" \/>\n<meta property=\"og:type\" content=\"article\" \/>\n<meta property=\"og:title\" content=\"Libert\u00e0 dei media e iniziative legate al Programma di Stoccolma - European Alternatives\" \/>\n<meta property=\"og:description\" content=\"Consultazione deliberativa transeuropea Nel corso del 2011 European Alternatives organizzer\u00e0 un vasto progetto transeuropeo che porter\u00e0 migliaia di cittadini in tutta Europa a discutere di&hellip;\" \/>\n<meta property=\"og:url\" content=\"https:\/\/euroalter.com\/liberta-dei-media-e-iniziative-legate-al-programma-di-stoccolma\/\" \/>\n<meta property=\"og:site_name\" content=\"European Alternatives\" \/>\n<meta property=\"article:published_time\" content=\"2011-01-10T12:12:29+00:00\" \/>\n<meta name=\"author\" content=\"Marta Cillero\" \/>\n<meta name=\"twitter:card\" content=\"summary_large_image\" \/>\n<meta name=\"twitter:label1\" content=\"Written by\" \/>\n\t<meta name=\"twitter:data1\" content=\"Marta Cillero\" \/>\n\t<meta name=\"twitter:label2\" content=\"Est. reading time\" \/>\n\t<meta name=\"twitter:data2\" content=\"2 minutes\" \/>\n<script type=\"application\/ld+json\" class=\"yoast-schema-graph\">{\"@context\":\"https:\/\/schema.org\",\"@graph\":[{\"@type\":\"WebPage\",\"@id\":\"https:\/\/euroalter.com\/liberta-dei-media-e-iniziative-legate-al-programma-di-stoccolma\/\",\"url\":\"https:\/\/euroalter.com\/liberta-dei-media-e-iniziative-legate-al-programma-di-stoccolma\/\",\"name\":\"Libert\u00e0 dei media e iniziative legate al Programma di Stoccolma - European Alternatives\",\"isPartOf\":{\"@id\":\"https:\/\/euroalter.com\/#website\"},\"datePublished\":\"2011-01-10T12:12:29+00:00\",\"author\":{\"@id\":\"https:\/\/euroalter.com\/#\/schema\/person\/22a482000088767ac51a1e6286c8ad2b\"},\"breadcrumb\":{\"@id\":\"https:\/\/euroalter.com\/liberta-dei-media-e-iniziative-legate-al-programma-di-stoccolma\/#breadcrumb\"},\"inLanguage\":\"fr-FR\",\"potentialAction\":[{\"@type\":\"ReadAction\",\"target\":[\"https:\/\/euroalter.com\/liberta-dei-media-e-iniziative-legate-al-programma-di-stoccolma\/\"]}]},{\"@type\":\"BreadcrumbList\",\"@id\":\"https:\/\/euroalter.com\/liberta-dei-media-e-iniziative-legate-al-programma-di-stoccolma\/#breadcrumb\",\"itemListElement\":[{\"@type\":\"ListItem\",\"position\":1,\"name\":\"Home\",\"item\":\"https:\/\/euroalter.com\/fr\/\"},{\"@type\":\"ListItem\",\"position\":2,\"name\":\"Libert\u00e0 dei media e iniziative legate al Programma di Stoccolma\"}]},{\"@type\":\"WebSite\",\"@id\":\"https:\/\/euroalter.com\/#website\",\"url\":\"https:\/\/euroalter.com\/\",\"name\":\"European Alternatives\",\"description\":\"Democracy, Equality and Culture beyond the nation\",\"potentialAction\":[{\"@type\":\"SearchAction\",\"target\":{\"@type\":\"EntryPoint\",\"urlTemplate\":\"https:\/\/euroalter.com\/?s={search_term_string}\"},\"query-input\":{\"@type\":\"PropertyValueSpecification\",\"valueRequired\":true,\"valueName\":\"search_term_string\"}}],\"inLanguage\":\"fr-FR\"},{\"@type\":\"Person\",\"@id\":\"https:\/\/euroalter.com\/#\/schema\/person\/22a482000088767ac51a1e6286c8ad2b\",\"name\":\"Marta Cillero\",\"image\":{\"@type\":\"ImageObject\",\"inLanguage\":\"fr-FR\",\"@id\":\"https:\/\/euroalter.com\/#\/schema\/person\/image\/\",\"url\":\"https:\/\/secure.gravatar.com\/avatar\/7e23f0c5351248c4771d9928f748b58d?s=96&d=mm&r=g\",\"contentUrl\":\"https:\/\/secure.gravatar.com\/avatar\/7e23f0c5351248c4771d9928f748b58d?s=96&d=mm&r=g\",\"caption\":\"Marta Cillero\"}}]}<\/script>\n<!-- \/ Yoast SEO plugin. -->","yoast_head_json":{"title":"Libert\u00e0 dei media e iniziative legate al Programma di Stoccolma - European Alternatives","robots":{"index":"index","follow":"follow","max-snippet":"max-snippet:-1","max-image-preview":"max-image-preview:large","max-video-preview":"max-video-preview:-1"},"canonical":"https:\/\/euroalter.com\/liberta-dei-media-e-iniziative-legate-al-programma-di-stoccolma\/","og_locale":"fr_FR","og_type":"article","og_title":"Libert\u00e0 dei media e iniziative legate al Programma di Stoccolma - European Alternatives","og_description":"Consultazione deliberativa transeuropea Nel corso del 2011 European Alternatives organizzer\u00e0 un vasto progetto transeuropeo che porter\u00e0 migliaia di cittadini in tutta Europa a discutere di&hellip;","og_url":"https:\/\/euroalter.com\/liberta-dei-media-e-iniziative-legate-al-programma-di-stoccolma\/","og_site_name":"European Alternatives","article_published_time":"2011-01-10T12:12:29+00:00","author":"Marta Cillero","twitter_card":"summary_large_image","twitter_misc":{"Written by":"Marta Cillero","Est. reading time":"2 minutes"},"schema":{"@context":"https:\/\/schema.org","@graph":[{"@type":"WebPage","@id":"https:\/\/euroalter.com\/liberta-dei-media-e-iniziative-legate-al-programma-di-stoccolma\/","url":"https:\/\/euroalter.com\/liberta-dei-media-e-iniziative-legate-al-programma-di-stoccolma\/","name":"Libert\u00e0 dei media e iniziative legate al Programma di Stoccolma - European Alternatives","isPartOf":{"@id":"https:\/\/euroalter.com\/#website"},"datePublished":"2011-01-10T12:12:29+00:00","author":{"@id":"https:\/\/euroalter.com\/#\/schema\/person\/22a482000088767ac51a1e6286c8ad2b"},"breadcrumb":{"@id":"https:\/\/euroalter.com\/liberta-dei-media-e-iniziative-legate-al-programma-di-stoccolma\/#breadcrumb"},"inLanguage":"fr-FR","potentialAction":[{"@type":"ReadAction","target":["https:\/\/euroalter.com\/liberta-dei-media-e-iniziative-legate-al-programma-di-stoccolma\/"]}]},{"@type":"BreadcrumbList","@id":"https:\/\/euroalter.com\/liberta-dei-media-e-iniziative-legate-al-programma-di-stoccolma\/#breadcrumb","itemListElement":[{"@type":"ListItem","position":1,"name":"Home","item":"https:\/\/euroalter.com\/fr\/"},{"@type":"ListItem","position":2,"name":"Libert\u00e0 dei media e iniziative legate al Programma di Stoccolma"}]},{"@type":"WebSite","@id":"https:\/\/euroalter.com\/#website","url":"https:\/\/euroalter.com\/","name":"European Alternatives","description":"Democracy, Equality and Culture beyond the nation","potentialAction":[{"@type":"SearchAction","target":{"@type":"EntryPoint","urlTemplate":"https:\/\/euroalter.com\/?s={search_term_string}"},"query-input":{"@type":"PropertyValueSpecification","valueRequired":true,"valueName":"search_term_string"}}],"inLanguage":"fr-FR"},{"@type":"Person","@id":"https:\/\/euroalter.com\/#\/schema\/person\/22a482000088767ac51a1e6286c8ad2b","name":"Marta Cillero","image":{"@type":"ImageObject","inLanguage":"fr-FR","@id":"https:\/\/euroalter.com\/#\/schema\/person\/image\/","url":"https:\/\/secure.gravatar.com\/avatar\/7e23f0c5351248c4771d9928f748b58d?s=96&d=mm&r=g","contentUrl":"https:\/\/secure.gravatar.com\/avatar\/7e23f0c5351248c4771d9928f748b58d?s=96&d=mm&r=g","caption":"Marta Cillero"}}]}},"_links":{"self":[{"href":"https:\/\/euroalter.com\/fr\/wp-json\/wp\/v2\/posts\/4102","targetHints":{"allow":["GET"]}}],"collection":[{"href":"https:\/\/euroalter.com\/fr\/wp-json\/wp\/v2\/posts"}],"about":[{"href":"https:\/\/euroalter.com\/fr\/wp-json\/wp\/v2\/types\/post"}],"author":[{"embeddable":true,"href":"https:\/\/euroalter.com\/fr\/wp-json\/wp\/v2\/users\/8"}],"replies":[{"embeddable":true,"href":"https:\/\/euroalter.com\/fr\/wp-json\/wp\/v2\/comments?post=4102"}],"version-history":[{"count":0,"href":"https:\/\/euroalter.com\/fr\/wp-json\/wp\/v2\/posts\/4102\/revisions"}],"wp:attachment":[{"href":"https:\/\/euroalter.com\/fr\/wp-json\/wp\/v2\/media?parent=4102"}],"wp:term":[{"taxonomy":"category","embeddable":true,"href":"https:\/\/euroalter.com\/fr\/wp-json\/wp\/v2\/categories?post=4102"},{"taxonomy":"post_tag","embeddable":true,"href":"https:\/\/euroalter.com\/fr\/wp-json\/wp\/v2\/tags?post=4102"}],"curies":[{"name":"wp","href":"https:\/\/api.w.org\/{rel}","templated":true}]}}