{"id":1702,"date":"2013-05-06T16:41:47","date_gmt":"2013-05-06T14:41:47","guid":{"rendered":"https:\/\/euroalter.local\/news\/multiculturalism-vs-assimilation\/"},"modified":"2013-05-06T16:41:47","modified_gmt":"2013-05-06T14:41:47","slug":"multiculturalism-vs-assimilation","status":"publish","type":"post","link":"https:\/\/euroalter.com\/fr\/multiculturalism-vs-assimilation\/","title":{"rendered":"MULTICULTURALISM vs. ASSIMILATION"},"content":{"rendered":"<div style=\"text-align: justify;\"><\/div>\n<div style=\"text-align: justify;\">\u00a0<img decoding=\"async\" style=\"width: 280px; height: 168px;\" alt=\"\" src=\"https:\/\/euroalter.com\/images\/article_uploads\/multicult_pic.jpg\" \/><br \/>\n<span style=\"font-size: 8px;\">Picture from le Blog de Caroline Fourest.<\/span>It\u2019s all about a \u201c<em>positive acceptance not a negative tolerance<\/em>.\u201d Ruth Lea, British economist.<\/p>\n<p>The issue of multiculturalism has recently been put under spotlights by David Cameron\u2019s first speech as Prime Minister on radicalisation and the causes of terrorism, where he stated that \u201cmulticulturalism failed\u201d. French and German leaders Nicolas Sarkozy and Angela Merkel soon proclaimed that they shared this position.<\/p>\n<p>Before asking ourselves if multiculturalism in Europe has been a failure we should try to understand how multiculturalism is defined. Generally multiculturalism is perceived as a \u201cchoice\u201d of society in which every culture has the right to exist and there is no real link, no real interaction between communities. The other way to define multiculturalism is the \u201cchoice\u201d of society to recognize all cultures, which peacefully coexist, but with at the same time a common identity. It is what is called \u201cunity in diversity\u201d. The absence of interconnectivity which characterises the first interpretation of multiculturalism is probably the factor which leads to the failure of this system.<\/p>\n<p>Historically, the British model of multiculturalism has been opposed to the French model of assimilation. In the French model, unity is more important than diversity. In fact, principles such has the <em>unit\u00e9 et indivisibilit\u00e9 du peuple fran\u00e7ais<\/em> (unity and indivisibility of the French people), <em>la\u00efcit\u00e9 de l\u2019Etat<\/em> (secularity of the State) or <em>identit\u00e9 nationale<\/em> (national identity) are fundamental basis of French democracy.<\/p>\n<p>The definition of \u201cEuropean\u201d as well as British, Spanish or German has changed throughout the years and is in constant evolution. European countries have to find a model which suits their tradition but at the same time encourages the integration of people from minorities, which are established in Europe. They need to feel and be part of a common European path without forgetting their roots.<\/p>\n<p>We should not forget that people from minority backgrounds have to make constant efforts in order to learn the language and the habits of the country where they live in, while often encountering social exclusion and discrimination in many areas of public life. The perfect model would maybe be the one in which minorities are perfectly integrated in Europe but at the same time see that value is given to their culture.<\/p>\n<p>Multiculturalism in Britain is not recent, and has successfully been practiced for decades. So is multiculturalism the main problem? Today, when talking about this issue, public opinion tends to refer almost exclusively to the Muslim community ignoring the other minorities. The fear of \u201cMuslim invasion\u201d fed by some right wing extremist is probably causing this dangerous amalgam.<\/p>\n<p>European Alternatives is trying to analyse this issue by fostering debate on these subjects:\n<\/p><\/div>\n<ul>\n<li style=\"text-align: justify;\"><strong>Multiculturalism vs. assimilation:<\/strong>what are the positive\/negative aspects of both models? Is there a mid-way between the two?<\/li>\n<li style=\"text-align: justify;\"><strong>Breach of fundamental rights<\/strong>: Is assimilation a threat for fundamental rights such as freedom of thought, freedom of speech, equality of all before the law or respect for private life?<\/li>\n<li style=\"text-align: justify;\"><strong>The issue of representation<\/strong>: would a better representation of minorities in the media or in politics favour the successful integration of minorities? Should affirmative action\/ quotas be introduced in some areas?<\/li>\n<li style=\"text-align: justify;\"><strong>Redefining national identity<\/strong>: What is the perception of the national identity in each EU country? What makes people feel part of a country? How are European citizens from ethnic minority backgrounds perceived in each EU countries? Is there a European identity? Do ethnic minority Europeans feel it more\/less\/equally than others?<\/li>\n<li style=\"text-align: justify;\"><strong>Government intervention:<\/strong>should the Government play a more active role on this issue? Are laws such as the French ban on the headscarf necessary?<\/li>\n<\/ul>\n<div style=\"text-align: justify;\">If you would like to know more, you can check out the following links:<span style=\"text-decoration: underline;\"><strong>Multiculturalism<\/strong><\/span><br \/>\n<strong><em>BBC News, UK Politics, <\/em><\/strong><em>\u201c<a href=\"http:\/\/www.bbc.co.uk\/news\/uk-politics-12371994\">State multiculturalism has failed, says David Cameron<\/a>\u201d,\u00a0<\/em>5 February 2011,\u00a0\u00a0(English, text+videos)<br \/>\n<strong>Youtube<\/strong>, <a href=\"http:\/\/www.youtube.com\/watch?v=5kY_804tNno&amp;feature=related\">Trevor Philips on multiculturism<\/a> (06Feb11)<br \/>\n<strong>Youtube,<\/strong><em>\u201c<a href=\"http:\/\/www.youtube.com\/watch?v=MLBPJVCT8cw,http:\/\/www.youtube.com\/watch?v=5O6wqVnVrmQ&amp;feature=related\">Europe at a Crossroad: Assimilation No, Integration Yes &#8211; the Story of Malmo, Sweden<\/a>\u201d (<\/em>Part 1 and 2)\u00a0(English)<\/p>\n<p><span style=\"text-decoration: underline;\"><strong>Assimilation<\/strong><\/span><br \/>\n<strong>Myeurop.info<\/strong><em>, \u00ab<a href=\"http:\/\/fr.myeurop.info\/2011\/04\/11\/interdiction-du-voile-integral-l-exception-francaise-2080\">Interdiction du voile int\u00e9gral: l&#8217;exception fran\u00e7aise<\/a>\u00bb, <\/em>11.04.2011,\u00a0(French)\n<\/div>\n","protected":false},"excerpt":{"rendered":"<p>\u00a0 Picture from le Blog de Caroline Fourest.It\u2019s all about a \u201cpositive acceptance not a negative tolerance.\u201d Ruth Lea, British economist. The issue of multiculturalism&hellip;<\/p>\n","protected":false},"author":8,"featured_media":5088,"comment_status":"open","ping_status":"open","sticky":false,"template":"","format":"standard","meta":{"_acf_changed":false,"footnotes":""},"categories":[27],"tags":[72],"class_list":["post-1702","post","type-post","status-publish","format-standard","has-post-thumbnail","hentry","category-transeuropa-network","tag-migration-projects"],"acf":[],"yoast_head":"<!-- This site is optimized with the Yoast SEO plugin v24.6 - https:\/\/yoast.com\/wordpress\/plugins\/seo\/ -->\n<title>MULTICULTURALISM vs. ASSIMILATION - European Alternatives<\/title>\n<meta name=\"robots\" content=\"index, follow, max-snippet:-1, max-image-preview:large, max-video-preview:-1\" \/>\n<link rel=\"canonical\" href=\"https:\/\/euroalter.com\/multiculturalism-vs-assimilation\/\" \/>\n<meta property=\"og:locale\" content=\"fr_FR\" \/>\n<meta property=\"og:type\" content=\"article\" \/>\n<meta property=\"og:title\" content=\"MULTICULTURALISM vs. ASSIMILATION - European Alternatives\" \/>\n<meta property=\"og:description\" content=\"\u00a0 Picture from le Blog de Caroline Fourest.It\u2019s all about a \u201cpositive acceptance not a negative tolerance.\u201d Ruth Lea, British economist. The issue of multiculturalism&hellip;\" \/>\n<meta property=\"og:url\" content=\"https:\/\/euroalter.com\/multiculturalism-vs-assimilation\/\" \/>\n<meta property=\"og:site_name\" content=\"European Alternatives\" \/>\n<meta property=\"article:published_time\" content=\"2013-05-06T14:41:47+00:00\" \/>\n<meta name=\"author\" content=\"Marta Cillero\" \/>\n<meta name=\"twitter:card\" content=\"summary_large_image\" \/>\n<meta name=\"twitter:label1\" content=\"Written by\" \/>\n\t<meta name=\"twitter:data1\" content=\"Marta Cillero\" \/>\n\t<meta name=\"twitter:label2\" content=\"Est. reading time\" \/>\n\t<meta name=\"twitter:data2\" content=\"3 minutes\" \/>\n<script type=\"application\/ld+json\" class=\"yoast-schema-graph\">{\"@context\":\"https:\/\/schema.org\",\"@graph\":[{\"@type\":\"WebPage\",\"@id\":\"https:\/\/euroalter.com\/multiculturalism-vs-assimilation\/\",\"url\":\"https:\/\/euroalter.com\/multiculturalism-vs-assimilation\/\",\"name\":\"MULTICULTURALISM vs. ASSIMILATION - European Alternatives\",\"isPartOf\":{\"@id\":\"https:\/\/euroalter.com\/#website\"},\"primaryImageOfPage\":{\"@id\":\"https:\/\/euroalter.com\/multiculturalism-vs-assimilation\/#primaryimage\"},\"image\":{\"@id\":\"https:\/\/euroalter.com\/multiculturalism-vs-assimilation\/#primaryimage\"},\"thumbnailUrl\":\"\",\"datePublished\":\"2013-05-06T14:41:47+00:00\",\"author\":{\"@id\":\"https:\/\/euroalter.com\/#\/schema\/person\/22a482000088767ac51a1e6286c8ad2b\"},\"breadcrumb\":{\"@id\":\"https:\/\/euroalter.com\/multiculturalism-vs-assimilation\/#breadcrumb\"},\"inLanguage\":\"fr-FR\",\"potentialAction\":[{\"@type\":\"ReadAction\",\"target\":[\"https:\/\/euroalter.com\/multiculturalism-vs-assimilation\/\"]}]},{\"@type\":\"ImageObject\",\"inLanguage\":\"fr-FR\",\"@id\":\"https:\/\/euroalter.com\/multiculturalism-vs-assimilation\/#primaryimage\",\"url\":\"\",\"contentUrl\":\"\"},{\"@type\":\"BreadcrumbList\",\"@id\":\"https:\/\/euroalter.com\/multiculturalism-vs-assimilation\/#breadcrumb\",\"itemListElement\":[{\"@type\":\"ListItem\",\"position\":1,\"name\":\"Home\",\"item\":\"https:\/\/euroalter.com\/fr\/\"},{\"@type\":\"ListItem\",\"position\":2,\"name\":\"MULTICULTURALISM vs. ASSIMILATION\"}]},{\"@type\":\"WebSite\",\"@id\":\"https:\/\/euroalter.com\/#website\",\"url\":\"https:\/\/euroalter.com\/\",\"name\":\"European Alternatives\",\"description\":\"Democracy, Equality and Culture beyond the nation\",\"potentialAction\":[{\"@type\":\"SearchAction\",\"target\":{\"@type\":\"EntryPoint\",\"urlTemplate\":\"https:\/\/euroalter.com\/?s={search_term_string}\"},\"query-input\":{\"@type\":\"PropertyValueSpecification\",\"valueRequired\":true,\"valueName\":\"search_term_string\"}}],\"inLanguage\":\"fr-FR\"},{\"@type\":\"Person\",\"@id\":\"https:\/\/euroalter.com\/#\/schema\/person\/22a482000088767ac51a1e6286c8ad2b\",\"name\":\"Marta Cillero\",\"image\":{\"@type\":\"ImageObject\",\"inLanguage\":\"fr-FR\",\"@id\":\"https:\/\/euroalter.com\/#\/schema\/person\/image\/\",\"url\":\"https:\/\/secure.gravatar.com\/avatar\/7e23f0c5351248c4771d9928f748b58d?s=96&d=mm&r=g\",\"contentUrl\":\"https:\/\/secure.gravatar.com\/avatar\/7e23f0c5351248c4771d9928f748b58d?s=96&d=mm&r=g\",\"caption\":\"Marta Cillero\"}}]}<\/script>\n<!-- \/ Yoast SEO plugin. -->","yoast_head_json":{"title":"MULTICULTURALISM vs. ASSIMILATION - European Alternatives","robots":{"index":"index","follow":"follow","max-snippet":"max-snippet:-1","max-image-preview":"max-image-preview:large","max-video-preview":"max-video-preview:-1"},"canonical":"https:\/\/euroalter.com\/multiculturalism-vs-assimilation\/","og_locale":"fr_FR","og_type":"article","og_title":"MULTICULTURALISM vs. ASSIMILATION - European Alternatives","og_description":"\u00a0 Picture from le Blog de Caroline Fourest.It\u2019s all about a \u201cpositive acceptance not a negative tolerance.\u201d Ruth Lea, British economist. The issue of multiculturalism&hellip;","og_url":"https:\/\/euroalter.com\/multiculturalism-vs-assimilation\/","og_site_name":"European Alternatives","article_published_time":"2013-05-06T14:41:47+00:00","author":"Marta Cillero","twitter_card":"summary_large_image","twitter_misc":{"Written by":"Marta Cillero","Est. reading time":"3 minutes"},"schema":{"@context":"https:\/\/schema.org","@graph":[{"@type":"WebPage","@id":"https:\/\/euroalter.com\/multiculturalism-vs-assimilation\/","url":"https:\/\/euroalter.com\/multiculturalism-vs-assimilation\/","name":"MULTICULTURALISM vs. ASSIMILATION - European Alternatives","isPartOf":{"@id":"https:\/\/euroalter.com\/#website"},"primaryImageOfPage":{"@id":"https:\/\/euroalter.com\/multiculturalism-vs-assimilation\/#primaryimage"},"image":{"@id":"https:\/\/euroalter.com\/multiculturalism-vs-assimilation\/#primaryimage"},"thumbnailUrl":"","datePublished":"2013-05-06T14:41:47+00:00","author":{"@id":"https:\/\/euroalter.com\/#\/schema\/person\/22a482000088767ac51a1e6286c8ad2b"},"breadcrumb":{"@id":"https:\/\/euroalter.com\/multiculturalism-vs-assimilation\/#breadcrumb"},"inLanguage":"fr-FR","potentialAction":[{"@type":"ReadAction","target":["https:\/\/euroalter.com\/multiculturalism-vs-assimilation\/"]}]},{"@type":"ImageObject","inLanguage":"fr-FR","@id":"https:\/\/euroalter.com\/multiculturalism-vs-assimilation\/#primaryimage","url":"","contentUrl":""},{"@type":"BreadcrumbList","@id":"https:\/\/euroalter.com\/multiculturalism-vs-assimilation\/#breadcrumb","itemListElement":[{"@type":"ListItem","position":1,"name":"Home","item":"https:\/\/euroalter.com\/fr\/"},{"@type":"ListItem","position":2,"name":"MULTICULTURALISM vs. ASSIMILATION"}]},{"@type":"WebSite","@id":"https:\/\/euroalter.com\/#website","url":"https:\/\/euroalter.com\/","name":"European Alternatives","description":"Democracy, Equality and Culture beyond the nation","potentialAction":[{"@type":"SearchAction","target":{"@type":"EntryPoint","urlTemplate":"https:\/\/euroalter.com\/?s={search_term_string}"},"query-input":{"@type":"PropertyValueSpecification","valueRequired":true,"valueName":"search_term_string"}}],"inLanguage":"fr-FR"},{"@type":"Person","@id":"https:\/\/euroalter.com\/#\/schema\/person\/22a482000088767ac51a1e6286c8ad2b","name":"Marta Cillero","image":{"@type":"ImageObject","inLanguage":"fr-FR","@id":"https:\/\/euroalter.com\/#\/schema\/person\/image\/","url":"https:\/\/secure.gravatar.com\/avatar\/7e23f0c5351248c4771d9928f748b58d?s=96&d=mm&r=g","contentUrl":"https:\/\/secure.gravatar.com\/avatar\/7e23f0c5351248c4771d9928f748b58d?s=96&d=mm&r=g","caption":"Marta Cillero"}}]}},"_links":{"self":[{"href":"https:\/\/euroalter.com\/fr\/wp-json\/wp\/v2\/posts\/1702","targetHints":{"allow":["GET"]}}],"collection":[{"href":"https:\/\/euroalter.com\/fr\/wp-json\/wp\/v2\/posts"}],"about":[{"href":"https:\/\/euroalter.com\/fr\/wp-json\/wp\/v2\/types\/post"}],"author":[{"embeddable":true,"href":"https:\/\/euroalter.com\/fr\/wp-json\/wp\/v2\/users\/8"}],"replies":[{"embeddable":true,"href":"https:\/\/euroalter.com\/fr\/wp-json\/wp\/v2\/comments?post=1702"}],"version-history":[{"count":0,"href":"https:\/\/euroalter.com\/fr\/wp-json\/wp\/v2\/posts\/1702\/revisions"}],"wp:featuredmedia":[{"embeddable":true,"href":"https:\/\/euroalter.com\/fr\/wp-json\/"}],"wp:attachment":[{"href":"https:\/\/euroalter.com\/fr\/wp-json\/wp\/v2\/media?parent=1702"}],"wp:term":[{"taxonomy":"category","embeddable":true,"href":"https:\/\/euroalter.com\/fr\/wp-json\/wp\/v2\/categories?post=1702"},{"taxonomy":"post_tag","embeddable":true,"href":"https:\/\/euroalter.com\/fr\/wp-json\/wp\/v2\/tags?post=1702"}],"curies":[{"name":"wp","href":"https:\/\/api.w.org\/{rel}","templated":true}]}}