{"id":1245,"date":"2018-07-18T11:39:08","date_gmt":"2018-07-18T09:39:08","guid":{"rendered":"https:\/\/euroalter.local\/?p=1245"},"modified":"2020-02-25T11:41:57","modified_gmt":"2020-02-25T10:41:57","slug":"reconciliation-balkans-prespes-agreement","status":"publish","type":"post","link":"https:\/\/euroalter.com\/fr\/reconciliation-balkans-prespes-agreement\/","title":{"rendered":"Reconciliation in the Balkans: A Call to Support the Prespes Agreement"},"content":{"rendered":"<p>The historic Agreement of June 17 2018 signed in the Prespes lakes between Greece and the (Former Yugoslav Republic of Macedonia (FYROM) brings to an end an international dispute which had been festering for the last 25 years. It defines the political, historical and cultural boundaries between classical Greek Macedonia and as of now, North Macedonia, by making it clear that the Macedonian identity can be shared between people who endow it with different meanings. \u00a0It respects the dignity and the right to self-determination of the two peoples and confirms the desire of both countries for peaceful coexistence.<\/p>\n<p>To achieve this, each side has had to address the concerns of the other side. For Greece, the geographical designation in the compound new name (\u201cNorth Macedonia\u201d), its application both domestically and internationally (<i>erga omnes<\/i>), and the requirement that the constitution of FYROM be amended accordingly. \u00a0For North Macedonia, acceptance of the existence of a Macedonian language as part of the Slavic family of languages (a fact long recognized by the UN and Greece) the designation of the nationality as Macedonian\/Citizens of North Macedonia, and crucially, the promise of starting accession negotiations to NATO and the EU.<\/p>\n<p>When completed, this legally binding international agreement will have resolved an issue of contested political identity, so common in multicultural societies, and will offer a model for future resolution of other protracted conflicts.<\/p>\n<p>But the agreement still faces major hurdles in both countries where the hard liners and extremists are mobilizing against it. The government of North Macedonia in particular desperately needs for all parties to fulfill their promise if it is to win the ratifying referendum in the autumn.<\/p>\n<p>In these critical times, when Europe faces the rise of extreme right-wing nationalism and racism, and when dangerous revisionisms are resurfacing in the Balkans and Europe dividing people into \u201ctraitors\u201d and \u201cpatriots\u201d, it is more important than ever to support those who take risks for reconciliation. We support this fair agreement and call on all parties to fulfill their end of the bargain.<\/p>\n<p><iframe loading=\"lazy\" title=\"Strategies for the Right to the City and Culture (Talk Real Sarajevo)\" width=\"500\" height=\"281\" src=\"https:\/\/www.youtube.com\/embed\/WEnBZLnIhoY?list=PLq2HcUW5Xz4882inTGP5jYtNheSGxsXjB\" frameborder=\"0\" allow=\"accelerometer; autoplay; clipboard-write; encrypted-media; gyroscope; picture-in-picture; web-share\" referrerpolicy=\"strict-origin-when-cross-origin\" allowfullscreen><\/iframe><\/p>\n<h2>SIGNATORIES<\/h2>\n<ul>\n<li>Kalypso Nicola\u00efdis,\u00a0University of Oxford<\/li>\n<li>Costas Douzinas, Birkbeck, University of London,\u00a0\u0392\u03bf\u03c5\u03bb\u03b5\u03c5\u03c4\u03b7\u03c2<\/li>\n<li>Etienne Balibar, Universit\u00e9 de Paris-Ouest, Kingston University London<\/li>\n<li>Judith Butler, University of California, Berkeley<\/li>\n<li>Jean Luc Nancy, philosopher, Strasbourg<\/li>\n<li>Toni Negri, philosopher, Paris<\/li>\n<li>Barbara Spinelli, Member of the European Parliament<\/li>\n<li>Wendy Brown, University of California, Berkeley<\/li>\n<li>Joanna Bourke, Birkbeck, University of London<\/li>\n<li>Mary Kaldor, University of London<\/li>\n<li>Luciana Castellina, Rome<\/li>\n<li>Frieder Otto Wolf, Freie Universit\u00e4t Berlin<\/li>\n<li>Catherine Malabou, Kingston University<\/li>\n<li>Claude Calame, EHESS, Paris<\/li>\n<li>Bo Str\u00e5th, University of Helsinki<\/li>\n<li>Susan Buck-Morss, CUNY<\/li>\n<li>Sandro Mezzadra, University of Bologna<\/li>\n<li>Patrice Maniglier, Universit\u00e9 Paris Nanterre<\/li>\n<li>Elsa Stamatopoulou, Columbia University<\/li>\n<li>Niccolo Milanese, European Alternatives<\/li>\n<li>Giacomo Marramao,\u00a0Roma Tre University in Rome<\/li>\n<li>Edouard Delruelle, Universit\u00e9 de Li\u00e8ge<\/li>\n<li>Peter Sch\u00f6ttler, Freie Universit\u00e4t Berlin<\/li>\n<li>Gu\u00e9rot, Danube University Krems, Austria<\/li>\n<li>Ahmet Insel,\u00a0Universit\u00e9 Paris 1 Panth\u00e9on-Sorbonne and Universit\u00e9 Galatasaray<\/li>\n<li>Philippe B\u00fcttgen, Universit\u00e9 Paris 1 Panth\u00e9on-Sorbonne<\/li>\n<li>Yves Sintomer, Universit\u00e9 Paris 8 Vincennes Saint-Denis, CSU-CRESPPA<\/li>\n<li>Emily Apter, New York University<\/li>\n<li>Oscar Guardiola-Rivera, Birkbeck, University of London<\/li>\n<li>Albena Azmanova, University of Kent<\/li>\n<li>Louis Wolcher, University of Washington<\/li>\n<li>Jean-Numa Ducange, University of Rouen<\/li>\n<li>Michal Kozlowski, University of Warsaw<\/li>\n<li>Jos\u00e9 luis Villaca\u00f1as, Universidad Complutense de Madrid<\/li>\n<li>Gilles Manceron, historian, Paris<\/li>\n<li>Diogo Sardinia, Paris University<\/li>\n<li>Bertrand Ogilvie, Universit\u00e9 Paris 8 Vincennes Saint-Denis<\/li>\n<li>Yves Sintomer, Universit\u00e9 Paris 8 Vincennes Saint-Denis<\/li>\n<li>Franck Fischbach, Univesite de Strasbourg<\/li>\n<li>Teresa Pullano, University of Basel\\<\/li>\n<li>Matthieu de Nanteuil, University of Louvain<\/li>\n<li>Pietro \u00a0de Matteis, University of Cambridge<\/li>\n<li>Guillaume Sibertin-Blanc, Universit\u00e9 Paris 8 Saint-Denis<\/li>\n<li>Stefan Jonsson Link\u00f6ping University<\/li>\n<li>Manuela Bojadzijev, University of Berlin<\/li>\n<li>Rada Rada Ivekovic College International de Philosophie<\/li>\n<\/ul>\n","protected":false},"excerpt":{"rendered":"<p>The historic Agreement of June 17 2018 signed in the Prespes lakes between Greece and the (Former Yugoslav Republic of Macedonia (FYROM) brings to an&hellip;<\/p>\n","protected":false},"author":8,"featured_media":1247,"comment_status":"closed","ping_status":"closed","sticky":false,"template":"","format":"standard","meta":{"_acf_changed":false,"footnotes":""},"categories":[19],"tags":[],"class_list":["post-1245","post","type-post","status-publish","format-standard","has-post-thumbnail","hentry","category-transnational-democracy"],"acf":[],"yoast_head":"<!-- This site is optimized with the Yoast SEO plugin v24.6 - https:\/\/yoast.com\/wordpress\/plugins\/seo\/ -->\n<title>Reconciliation in the Balkans: A Call to Support the Prespes Agreement - European Alternatives<\/title>\n<meta name=\"robots\" content=\"index, follow, max-snippet:-1, max-image-preview:large, max-video-preview:-1\" \/>\n<link rel=\"canonical\" href=\"https:\/\/euroalter.com\/reconciliation-balkans-prespes-agreement\/\" \/>\n<meta property=\"og:locale\" content=\"fr_FR\" \/>\n<meta property=\"og:type\" content=\"article\" \/>\n<meta property=\"og:title\" content=\"Reconciliation in the Balkans: A Call to Support the Prespes Agreement - European Alternatives\" \/>\n<meta property=\"og:description\" content=\"The historic Agreement of June 17 2018 signed in the Prespes lakes between Greece and the (Former Yugoslav Republic of Macedonia (FYROM) brings to an&hellip;\" \/>\n<meta property=\"og:url\" content=\"https:\/\/euroalter.com\/reconciliation-balkans-prespes-agreement\/\" \/>\n<meta property=\"og:site_name\" content=\"European Alternatives\" \/>\n<meta property=\"article:published_time\" content=\"2018-07-18T09:39:08+00:00\" \/>\n<meta property=\"article:modified_time\" content=\"2020-02-25T10:41:57+00:00\" \/>\n<meta property=\"og:image\" content=\"https:\/\/euroalter.com\/wp-content\/uploads\/2018\/07\/Georgijev-colrful-revolution-1024x684-1.jpg\" \/>\n\t<meta property=\"og:image:width\" content=\"1024\" \/>\n\t<meta property=\"og:image:height\" content=\"684\" \/>\n\t<meta property=\"og:image:type\" content=\"image\/jpeg\" \/>\n<meta name=\"author\" content=\"Marta Cillero\" \/>\n<meta name=\"twitter:card\" content=\"summary_large_image\" \/>\n<meta name=\"twitter:label1\" content=\"Written by\" \/>\n\t<meta name=\"twitter:data1\" content=\"Marta Cillero\" \/>\n\t<meta name=\"twitter:label2\" content=\"Est. reading time\" \/>\n\t<meta name=\"twitter:data2\" content=\"3 minutes\" \/>\n<script type=\"application\/ld+json\" class=\"yoast-schema-graph\">{\"@context\":\"https:\/\/schema.org\",\"@graph\":[{\"@type\":\"WebPage\",\"@id\":\"https:\/\/euroalter.com\/reconciliation-balkans-prespes-agreement\/\",\"url\":\"https:\/\/euroalter.com\/reconciliation-balkans-prespes-agreement\/\",\"name\":\"Reconciliation in the Balkans: A Call to Support the Prespes Agreement - European Alternatives\",\"isPartOf\":{\"@id\":\"https:\/\/euroalter.com\/#website\"},\"primaryImageOfPage\":{\"@id\":\"https:\/\/euroalter.com\/reconciliation-balkans-prespes-agreement\/#primaryimage\"},\"image\":{\"@id\":\"https:\/\/euroalter.com\/reconciliation-balkans-prespes-agreement\/#primaryimage\"},\"thumbnailUrl\":\"https:\/\/euroalter.com\/wp-content\/uploads\/2018\/07\/Georgijev-colrful-revolution-1024x684-1.jpg\",\"datePublished\":\"2018-07-18T09:39:08+00:00\",\"dateModified\":\"2020-02-25T10:41:57+00:00\",\"author\":{\"@id\":\"https:\/\/euroalter.com\/#\/schema\/person\/22a482000088767ac51a1e6286c8ad2b\"},\"breadcrumb\":{\"@id\":\"https:\/\/euroalter.com\/reconciliation-balkans-prespes-agreement\/#breadcrumb\"},\"inLanguage\":\"fr-FR\",\"potentialAction\":[{\"@type\":\"ReadAction\",\"target\":[\"https:\/\/euroalter.com\/reconciliation-balkans-prespes-agreement\/\"]}]},{\"@type\":\"ImageObject\",\"inLanguage\":\"fr-FR\",\"@id\":\"https:\/\/euroalter.com\/reconciliation-balkans-prespes-agreement\/#primaryimage\",\"url\":\"https:\/\/euroalter.com\/wp-content\/uploads\/2018\/07\/Georgijev-colrful-revolution-1024x684-1.jpg\",\"contentUrl\":\"https:\/\/euroalter.com\/wp-content\/uploads\/2018\/07\/Georgijev-colrful-revolution-1024x684-1.jpg\",\"width\":1024,\"height\":684},{\"@type\":\"BreadcrumbList\",\"@id\":\"https:\/\/euroalter.com\/reconciliation-balkans-prespes-agreement\/#breadcrumb\",\"itemListElement\":[{\"@type\":\"ListItem\",\"position\":1,\"name\":\"Home\",\"item\":\"https:\/\/euroalter.com\/fr\/\"},{\"@type\":\"ListItem\",\"position\":2,\"name\":\"Reconciliation in the Balkans: A Call to Support the Prespes Agreement\"}]},{\"@type\":\"WebSite\",\"@id\":\"https:\/\/euroalter.com\/#website\",\"url\":\"https:\/\/euroalter.com\/\",\"name\":\"European Alternatives\",\"description\":\"Democracy, Equality and Culture beyond the nation\",\"potentialAction\":[{\"@type\":\"SearchAction\",\"target\":{\"@type\":\"EntryPoint\",\"urlTemplate\":\"https:\/\/euroalter.com\/?s={search_term_string}\"},\"query-input\":{\"@type\":\"PropertyValueSpecification\",\"valueRequired\":true,\"valueName\":\"search_term_string\"}}],\"inLanguage\":\"fr-FR\"},{\"@type\":\"Person\",\"@id\":\"https:\/\/euroalter.com\/#\/schema\/person\/22a482000088767ac51a1e6286c8ad2b\",\"name\":\"Marta Cillero\",\"image\":{\"@type\":\"ImageObject\",\"inLanguage\":\"fr-FR\",\"@id\":\"https:\/\/euroalter.com\/#\/schema\/person\/image\/\",\"url\":\"https:\/\/secure.gravatar.com\/avatar\/7e23f0c5351248c4771d9928f748b58d?s=96&d=mm&r=g\",\"contentUrl\":\"https:\/\/secure.gravatar.com\/avatar\/7e23f0c5351248c4771d9928f748b58d?s=96&d=mm&r=g\",\"caption\":\"Marta Cillero\"}}]}<\/script>\n<!-- \/ Yoast SEO plugin. -->","yoast_head_json":{"title":"Reconciliation in the Balkans: A Call to Support the Prespes Agreement - European Alternatives","robots":{"index":"index","follow":"follow","max-snippet":"max-snippet:-1","max-image-preview":"max-image-preview:large","max-video-preview":"max-video-preview:-1"},"canonical":"https:\/\/euroalter.com\/reconciliation-balkans-prespes-agreement\/","og_locale":"fr_FR","og_type":"article","og_title":"Reconciliation in the Balkans: A Call to Support the Prespes Agreement - European Alternatives","og_description":"The historic Agreement of June 17 2018 signed in the Prespes lakes between Greece and the (Former Yugoslav Republic of Macedonia (FYROM) brings to an&hellip;","og_url":"https:\/\/euroalter.com\/reconciliation-balkans-prespes-agreement\/","og_site_name":"European Alternatives","article_published_time":"2018-07-18T09:39:08+00:00","article_modified_time":"2020-02-25T10:41:57+00:00","og_image":[{"width":1024,"height":684,"url":"https:\/\/euroalter.com\/wp-content\/uploads\/2018\/07\/Georgijev-colrful-revolution-1024x684-1.jpg","type":"image\/jpeg"}],"author":"Marta Cillero","twitter_card":"summary_large_image","twitter_misc":{"Written by":"Marta Cillero","Est. reading time":"3 minutes"},"schema":{"@context":"https:\/\/schema.org","@graph":[{"@type":"WebPage","@id":"https:\/\/euroalter.com\/reconciliation-balkans-prespes-agreement\/","url":"https:\/\/euroalter.com\/reconciliation-balkans-prespes-agreement\/","name":"Reconciliation in the Balkans: A Call to Support the Prespes Agreement - European Alternatives","isPartOf":{"@id":"https:\/\/euroalter.com\/#website"},"primaryImageOfPage":{"@id":"https:\/\/euroalter.com\/reconciliation-balkans-prespes-agreement\/#primaryimage"},"image":{"@id":"https:\/\/euroalter.com\/reconciliation-balkans-prespes-agreement\/#primaryimage"},"thumbnailUrl":"https:\/\/euroalter.com\/wp-content\/uploads\/2018\/07\/Georgijev-colrful-revolution-1024x684-1.jpg","datePublished":"2018-07-18T09:39:08+00:00","dateModified":"2020-02-25T10:41:57+00:00","author":{"@id":"https:\/\/euroalter.com\/#\/schema\/person\/22a482000088767ac51a1e6286c8ad2b"},"breadcrumb":{"@id":"https:\/\/euroalter.com\/reconciliation-balkans-prespes-agreement\/#breadcrumb"},"inLanguage":"fr-FR","potentialAction":[{"@type":"ReadAction","target":["https:\/\/euroalter.com\/reconciliation-balkans-prespes-agreement\/"]}]},{"@type":"ImageObject","inLanguage":"fr-FR","@id":"https:\/\/euroalter.com\/reconciliation-balkans-prespes-agreement\/#primaryimage","url":"https:\/\/euroalter.com\/wp-content\/uploads\/2018\/07\/Georgijev-colrful-revolution-1024x684-1.jpg","contentUrl":"https:\/\/euroalter.com\/wp-content\/uploads\/2018\/07\/Georgijev-colrful-revolution-1024x684-1.jpg","width":1024,"height":684},{"@type":"BreadcrumbList","@id":"https:\/\/euroalter.com\/reconciliation-balkans-prespes-agreement\/#breadcrumb","itemListElement":[{"@type":"ListItem","position":1,"name":"Home","item":"https:\/\/euroalter.com\/fr\/"},{"@type":"ListItem","position":2,"name":"Reconciliation in the Balkans: A Call to Support the Prespes Agreement"}]},{"@type":"WebSite","@id":"https:\/\/euroalter.com\/#website","url":"https:\/\/euroalter.com\/","name":"European Alternatives","description":"Democracy, Equality and Culture beyond the nation","potentialAction":[{"@type":"SearchAction","target":{"@type":"EntryPoint","urlTemplate":"https:\/\/euroalter.com\/?s={search_term_string}"},"query-input":{"@type":"PropertyValueSpecification","valueRequired":true,"valueName":"search_term_string"}}],"inLanguage":"fr-FR"},{"@type":"Person","@id":"https:\/\/euroalter.com\/#\/schema\/person\/22a482000088767ac51a1e6286c8ad2b","name":"Marta Cillero","image":{"@type":"ImageObject","inLanguage":"fr-FR","@id":"https:\/\/euroalter.com\/#\/schema\/person\/image\/","url":"https:\/\/secure.gravatar.com\/avatar\/7e23f0c5351248c4771d9928f748b58d?s=96&d=mm&r=g","contentUrl":"https:\/\/secure.gravatar.com\/avatar\/7e23f0c5351248c4771d9928f748b58d?s=96&d=mm&r=g","caption":"Marta Cillero"}}]}},"_links":{"self":[{"href":"https:\/\/euroalter.com\/fr\/wp-json\/wp\/v2\/posts\/1245","targetHints":{"allow":["GET"]}}],"collection":[{"href":"https:\/\/euroalter.com\/fr\/wp-json\/wp\/v2\/posts"}],"about":[{"href":"https:\/\/euroalter.com\/fr\/wp-json\/wp\/v2\/types\/post"}],"author":[{"embeddable":true,"href":"https:\/\/euroalter.com\/fr\/wp-json\/wp\/v2\/users\/8"}],"replies":[{"embeddable":true,"href":"https:\/\/euroalter.com\/fr\/wp-json\/wp\/v2\/comments?post=1245"}],"version-history":[{"count":1,"href":"https:\/\/euroalter.com\/fr\/wp-json\/wp\/v2\/posts\/1245\/revisions"}],"predecessor-version":[{"id":1246,"href":"https:\/\/euroalter.com\/fr\/wp-json\/wp\/v2\/posts\/1245\/revisions\/1246"}],"wp:featuredmedia":[{"embeddable":true,"href":"https:\/\/euroalter.com\/fr\/wp-json\/wp\/v2\/media\/1247"}],"wp:attachment":[{"href":"https:\/\/euroalter.com\/fr\/wp-json\/wp\/v2\/media?parent=1245"}],"wp:term":[{"taxonomy":"category","embeddable":true,"href":"https:\/\/euroalter.com\/fr\/wp-json\/wp\/v2\/categories?post=1245"},{"taxonomy":"post_tag","embeddable":true,"href":"https:\/\/euroalter.com\/fr\/wp-json\/wp\/v2\/tags?post=1245"}],"curies":[{"name":"wp","href":"https:\/\/api.w.org\/{rel}","templated":true}]}}